{"id":3103,"date":"2021-01-16T02:02:59","date_gmt":"2021-01-16T00:02:59","guid":{"rendered":"https:\/\/edublog.educastur.es\/ixuxu\/?p=3103"},"modified":"2021-01-16T02:23:58","modified_gmt":"2021-01-16T00:23:58","slug":"calendariu-cientificu-escolar-2021","status":"publish","type":"post","link":"https:\/\/edublog.educastur.es\/ixuxu\/2021\/01\/calendariu-cientificu-escolar-2021\/","title":{"rendered":"Calendariu cient\u00edficu escolar 2021"},"content":{"rendered":"<p style=\"text-align: center\"><img loading=\"lazy\" decoding=\"async\" class=\"alignnone \" src=\"https:\/\/actividadantropologica.files.wordpress.com\/2021\/01\/portada_5-e1610439717604.jpg?w=860&amp;h=280&amp;crop=1\" width=\"448\" height=\"146\" \/><\/p>\n<p><span style=\"font-size: 20px\">El proyectu <em><span style=\"color: #008080\"><strong>Calendariu Cient\u00edficu Escolar 2021<\/strong><\/span><\/em> foi impuls\u00e1u pol Institutu de Ganader\u00eda de Monte del CSIC (IGM) y l&#8217;Universid\u00e1 de Lli\u00f3n. Empobin\u00e1u al alumn\u00e1u d&#8217;educaci\u00f3n primaria y secundaria obligatoria, esti calendariu <span style=\"text-decoration: underline\"><span style=\"color: #008080;text-decoration: underline\">incl\u00fai acald\u00eda un aniversariu rellacion\u00e1u cola ciencia o la tecnolox\u00eda.<\/span><\/span> Puede tratase de la celebraci\u00f3n de la nacencia d&#8217;una cient\u00edfica o un cient\u00edficu, o la conmemoraci\u00f3n de dalg\u00fan llogru cient\u00edficu notable. <em>Edici\u00f3n: <\/em><a href=\"http:\/\/www.ehu.eus\/~mtwmastm\/\" target=\"_blank\" rel=\"noopener noreferrer\"><em>Marta Macho Stadler<\/em><\/a><br \/>\n<\/span><\/p>\n<p style=\"text-align: center\">\n<!-- iframe plugin v.6.0 wordpress.org\/plugins\/iframe\/ -->\n<iframe loading=\"lazy\" src=\"https:\/\/drive.google.com\/file\/d\/1n_pJisb9ZOchKnHV5zSfl84TG8UCbYis\/preview\" width=\"640\" height=\"480\" 0=\"\/iframe\" scrolling=\"yes\" class=\"iframe-class\" frameborder=\"0\"><\/iframe>\n<\/p>\n<p><em><span style=\"font-size: 20px\">El calendariu complem\u00e9ntarse con una gu\u00eda did\u00e1ctica qu&#8217;incl\u00fai conseyos para l&#8217;aprovechamientu educativu tresversal del calendariu na aula seg\u00fan actividaes afeches a cada rangu d&#8217;ed\u00e1. <span style=\"color: #008080\">El calendario y la gu\u00eda did\u00e1ctica est\u00e1n disponibles para su <a href=\"https:\/\/digital.csic.es\/handle\/10261\/225585\"><strong>descarga gratuita<\/strong><\/a><\/span> n\u00b4<a href=\"https:\/\/digital.csic.es\/handle\/10261\/225585\" target=\"_blank\" rel=\"noopener noreferrer\">asturiano<\/a>.<\/span><\/em><\/p>\n<p><!--more--><\/p>\n<ul>\n<li><em><span style=\"font-size: 20px\"><a class=\"AdobePDF\" href=\"https:\/\/digital.csic.es\/bitstream\/10261\/225585\/6\/2021-ASTU-Calendario-cientifico-escolar-impresion-A3.pdf\" target=\"_blank\" rel=\"noopener\">2021-ASTU-Calendario-cientifico-escolar-impresion-A3.pdf<\/a><\/span><\/em><\/li>\n<li><em><span style=\"font-size: 20px\"><a class=\"AdobePDF\" href=\"https:\/\/digital.csic.es\/bitstream\/10261\/225585\/5\/2021-ASTU-Calendario-cientifico-escolar-impresion-A4.pdf\" target=\"_blank\" rel=\"noopener\">2021-ASTU-Calendario-cientifico-escolar-impresion-A4.pdf<\/a><\/span><\/em><\/li>\n<li><em><span style=\"font-size: 20px\"><a class=\"MicrosoftWordXML\" href=\"https:\/\/digital.csic.es\/bitstream\/10261\/225585\/4\/2021-ASTU-Calendariu-cientificu-escolar-formato-accesible.docx\" target=\"_blank\" rel=\"noopener\">2021-ASTU-Calendariu-cientificu-escolar-formato-accesible.docx<\/a><\/span><\/em><\/li>\n<li><a class=\"AdobePDF\" href=\"https:\/\/digital.csic.es\/bitstream\/10261\/225585\/3\/2021-ASTU-Calendario-cientifico-escolar-guia-didactica.pdf\" target=\"_blank\" rel=\"noopener\"><em><span style=\"font-size: 20px\">2021-ASTU-Calendario-cientifico-escolar-guia-didactica.pdf<\/span><\/em><\/a><\/li>\n<\/ul>\n<ul>\n<li><em><span style=\"font-size: 20px\"><a href=\"http:\/\/www.igm.ule-csic.es\/calendario-cientifico\" target=\"_blank\" rel=\"noopener noreferrer\">Calendario cient\u00edfico escolar 2021<\/a>, IGM<\/span><\/em><\/li>\n<li><em><span style=\"font-size: 20px\"><strong>Gu\u00eda did\u00e1ctica.<\/strong> Descarga gratuita en <a href=\"https:\/\/digital.csic.es\/bitstream\/10261\/225583\/3\/2021-CAS-Calendario-cientifico-escolar-guia-didactica.pdf\" target=\"_blank\" rel=\"noopener noreferrer\">castellano<\/a>, <a href=\"https:\/\/digital.csic.es\/bitstream\/10261\/225587\/3\/2021-EUS-Eskolako-egutegi-zientifikoa-dida-didaktikoa.pdf\" target=\"_blank\" rel=\"noopener noreferrer\">euskera<\/a>, gallego, <a href=\"https:\/\/digital.csic.es\/bitstream\/10261\/225586\/3\/2021-CAT-Calendari-cientific-escolar-guia-didactic.pdf\" target=\"_blank\" rel=\"noopener noreferrer\">catal\u00e1n<\/a>, <a href=\"https:\/\/digital.csic.es\/bitstream\/10261\/225585\/3\/2021-ASTU-Calendario-cientifico-escolar-guia-didactica.pdf\" target=\"_blank\" rel=\"noopener noreferrer\"><strong>asturiano<\/strong><\/a> e <a href=\"https:\/\/digital.csic.es\/bitstream\/10261\/225588\/3\/2021-ENG-Scientific-school-calendar-didactic-guide.pdf\" target=\"_blank\" rel=\"noopener noreferrer\">ingl\u00e9s<\/a>,\u00a0IGM<\/span><\/em><\/li>\n<li><em><span style=\"font-size: 20px\"><strong>Calendario.<\/strong> Descarga gratuita en <a href=\"https:\/\/digital.csic.es\/handle\/10261\/225583\" target=\"_blank\" rel=\"noopener noreferrer\">castellano<\/a>, <a href=\"https:\/\/digital.csic.es\/handle\/10261\/225587\" target=\"_blank\" rel=\"noopener noreferrer\">euskera<\/a>, <a href=\"https:\/\/digital.csic.es\/handle\/10261\/225584\" target=\"_blank\" rel=\"noopener noreferrer\">gallego<\/a>, <a href=\"https:\/\/digital.csic.es\/handle\/10261\/225586\" target=\"_blank\" rel=\"noopener noreferrer\">catal\u00e1n<\/a>, <a href=\"https:\/\/digital.csic.es\/handle\/10261\/225585\" target=\"_blank\" rel=\"noopener noreferrer\"><strong>asturiano<\/strong><\/a> e <a href=\"https:\/\/digital.csic.es\/handle\/10261\/225588\" target=\"_blank\" rel=\"noopener noreferrer\">ingl\u00e9s<\/a>,\u00a0IGM<\/span><\/em><\/li>\n<\/ul>\n<p><em><span style=\"font-size: 20px\">Edici\u00f3n realizada por <\/span><\/em><a href=\"http:\/\/www.ehu.eus\/~mtwmastm\/\" target=\"_blank\" rel=\"noopener noreferrer\"><em><span style=\"font-size: 20px\">Marta Macho Stadler<\/span><\/em><\/a><\/p>\n<p>&nbsp;<\/p>\n<p style=\"text-align: center\">\n<!-- iframe plugin v.6.0 wordpress.org\/plugins\/iframe\/ -->\n<iframe loading=\"lazy\" src=\"https:\/\/drive.google.com\/file\/d\/1tuWCaZcWaHmy3GtdQt6PC-DSiOMUb2lF\/preview\" width=\"640\" height=\"900\" 0=\"\/iframe\" scrolling=\"yes\" class=\"iframe-class\" frameborder=\"0\"><\/iframe>\n<\/p>\n<p><strong><em><a href=\"https:\/\/digital.csic.es\/browse?type=author&amp;value=Toral%2C+Pablo+G.&amp;value_lang=es_ES\">Toral, Pablo G.<\/a> <img decoding=\"async\" src=\"https:\/\/digital.csic.es\/imagenes\/marcadoCSIC.jpg\" height=\"10\" \/>; <a href=\"https:\/\/digital.csic.es\/browse?type=author&amp;value=Garc%C3%ADa+Doval%2C+F%C3%A1tima+M.&amp;value_lang=es_ES\">Garc\u00eda Doval, F\u00e1tima M.<\/a>; <a class=\"authority author\" href=\"https:\/\/digital.csic.es\/browse?type=author&amp;authority=rp13373&amp;authority_lang=es_ES\">Della Badia, Antonella<\/a>\u00a0; <a href=\"https:\/\/digital.csic.es\/browse?type=author&amp;value=ALLA+%28Secretar%C3%ADa+T%C3%A9unica+de+l%27Academia+de+la+Llingua+Asturiana%29&amp;value_lang=es_ES\">ALLA (Secretar\u00eda T\u00e9unica de l&#8217;Academia de la Llingua Asturiana)<\/a>; <a class=\"authority author\" href=\"https:\/\/digital.csic.es\/browse?type=author&amp;authority=rp00828&amp;authority_lang=es_ES\">Marcos Cordero, Benita<\/a> <img decoding=\"async\" src=\"https:\/\/digital.csic.es\/imagenes\/marcadoCSIC.jpg\" height=\"10\" \/>\u00a0; <a href=\"https:\/\/digital.csic.es\/browse?type=author&amp;value=Rodr%C3%ADguez+Ros%2C+Pablo&amp;value_lang=es_ES\">Rodr\u00edguez Ros, Pablo<\/a>; <a href=\"https:\/\/digital.csic.es\/browse?type=author&amp;value=Ribot+Lacosta%2C+Ll%C3%BAcia&amp;value_lang=es_ES\">Ribot Lacosta, Ll\u00facia<\/a>; <a href=\"https:\/\/digital.csic.es\/browse?type=author&amp;value=Fern%C3%A1ndez-Bayo%2C+Jes%C3%BAs+D.&amp;value_lang=es_ES\">Fern\u00e1ndez-Bayo, Jes\u00fas D.<\/a>; <a href=\"https:\/\/digital.csic.es\/browse?type=author&amp;value=Valldecabres%2C+Ainhoa&amp;value_lang=es_ES\">Valldecabres, Ainhoa<\/a>; <a href=\"https:\/\/digital.csic.es\/browse?type=author&amp;value=Mosquera+Carregal%2C+Xes%C3%BAs+M.&amp;value_lang=es_ES\">Mosquera Carregal, Xes\u00fas M.<\/a>; <a href=\"https:\/\/digital.csic.es\/browse?type=author&amp;value=Naya+Riveiro%2C+M.+Cristina&amp;value_lang=es_ES\">Naya Riveiro, M. Cristina<\/a>; <a href=\"https:\/\/digital.csic.es\/browse?type=author&amp;value=Herrador%2C+Manuel+F.&amp;value_lang=es_ES\">Herrador, Manuel F.<\/a>; <a href=\"https:\/\/digital.csic.es\/browse?type=author&amp;value=Macho+Stadler%2C+Marta&amp;value_lang=es_ES\">Macho Stadler, Marta<\/a>; <a href=\"https:\/\/digital.csic.es\/browse?type=author&amp;value=Unidad+de+Cultura+Cient%C3%ADfica+del+Instituto+Geol%C3%B3gico+y+Minero+de+Espa%C3%B1a+%28IGME%29&amp;value_lang=es_ES\">Unidad de Cultura Cient\u00edfica del Instituto Geol\u00f3gico y Minero de Espa\u00f1a (IGME)<\/a>; <a class=\"authority author\" href=\"https:\/\/digital.csic.es\/browse?type=author&amp;authority=rp08088&amp;authority_lang=es_ES\">Herv\u00e1s, Gonzalo<\/a> <img decoding=\"async\" src=\"https:\/\/digital.csic.es\/imagenes\/marcadoCSIC.jpg\" height=\"10\" \/>\u00a0; <a class=\"authority author\" href=\"https:\/\/digital.csic.es\/browse?type=author&amp;authority=rp08004&amp;authority_lang=es_ES\">Frutos, Pilar<\/a> <img decoding=\"async\" src=\"https:\/\/digital.csic.es\/imagenes\/marcadoCSIC.jpg\" height=\"10\" \/>\u00a0<\/em><\/strong><\/p>\n","protected":false},"excerpt":{"rendered":"<p>El proyectu Calendariu Cient\u00edficu Escolar 2021 foi impuls\u00e1u pol Institutu de Ganader\u00eda de Monte del CSIC (IGM) y l&#8217;Universid\u00e1 de Lli\u00f3n. Empobin\u00e1u al alumn\u00e1u d&#8217;educaci\u00f3n primaria y secundaria obligatoria, esti calendariu incl\u00fai acald\u00eda un aniversariu rellacion\u00e1u cola ciencia o la tecnolox\u00eda. Puede tratase de la celebraci\u00f3n de la nacencia d&#8217;una cient\u00edfica o un cient\u00edficu, o [&hellip;]<\/p>\n","protected":false},"author":117,"featured_media":0,"comment_status":"open","ping_status":"open","sticky":false,"template":"","format":"standard","meta":{"footnotes":""},"categories":[73],"tags":[],"class_list":["post-3103","post","type-post","status-publish","format-standard","hentry","category-calendariu"],"_links":{"self":[{"href":"https:\/\/edublog.educastur.es\/ixuxu\/wp-json\/wp\/v2\/posts\/3103","targetHints":{"allow":["GET"]}}],"collection":[{"href":"https:\/\/edublog.educastur.es\/ixuxu\/wp-json\/wp\/v2\/posts"}],"about":[{"href":"https:\/\/edublog.educastur.es\/ixuxu\/wp-json\/wp\/v2\/types\/post"}],"author":[{"embeddable":true,"href":"https:\/\/edublog.educastur.es\/ixuxu\/wp-json\/wp\/v2\/users\/117"}],"replies":[{"embeddable":true,"href":"https:\/\/edublog.educastur.es\/ixuxu\/wp-json\/wp\/v2\/comments?post=3103"}],"version-history":[{"count":9,"href":"https:\/\/edublog.educastur.es\/ixuxu\/wp-json\/wp\/v2\/posts\/3103\/revisions"}],"predecessor-version":[{"id":3122,"href":"https:\/\/edublog.educastur.es\/ixuxu\/wp-json\/wp\/v2\/posts\/3103\/revisions\/3122"}],"wp:attachment":[{"href":"https:\/\/edublog.educastur.es\/ixuxu\/wp-json\/wp\/v2\/media?parent=3103"}],"wp:term":[{"taxonomy":"category","embeddable":true,"href":"https:\/\/edublog.educastur.es\/ixuxu\/wp-json\/wp\/v2\/categories?post=3103"},{"taxonomy":"post_tag","embeddable":true,"href":"https:\/\/edublog.educastur.es\/ixuxu\/wp-json\/wp\/v2\/tags?post=3103"}],"curies":[{"name":"wp","href":"https:\/\/api.w.org\/{rel}","templated":true}]}}