{"id":31032,"date":"2024-09-12T22:17:13","date_gmt":"2024-09-12T20:17:13","guid":{"rendered":"https:\/\/edublog.educastur.es\/ixuxu\/?p=31032"},"modified":"2024-09-12T22:21:51","modified_gmt":"2024-09-12T20:21:51","slug":"31032","status":"publish","type":"post","link":"https:\/\/edublog.educastur.es\/ixuxu\/2024\/09\/31032\/","title":{"rendered":"Noved\u00e1: \u00abTo\u00f1a y el paxar\u00edn da barb\u00eda marella\u00bb"},"content":{"rendered":"<p style=\"text-align: center\">\n<!-- iframe plugin v.6.0 wordpress.org\/plugins\/iframe\/ -->\n<iframe loading=\"lazy\" src=\"https:\/\/www.facebook.com\/plugins\/post.php?href=https%3A%2F%2Fwww.facebook.com%2Ffundacionbelenos%2Fposts%2Fpfbid0uADb2Sx434J43mhx67EcgzKYyXxkHhFkUGJeVcsZxtYAjhq3AzUjepfPhwUamVVPl&#038;show_text=false&#038;width=500\" width=\"500\" height=\"353\" style=\"border:none;overflow:hidden\" scrolling=\"no\" frameborder=\"0\" allowfullscreen=\"true\" allow=\"autoplay; clipboard-write; encrypted-media; picture-in-picture; web-share\" 0=\"\/iframe\" class=\"iframe-class\"><\/iframe>\n<\/p>\n<div class=\"x1iyjqo2\">\n<div class=\"x78zum5 xdt5ytf xz62fqu x16ldp7u\">\n<div class=\"xu06os2 x1ok221b\">\n<div class=\"x1gslohp\">\n<ul>\n<li>\n<div><strong><i>To\u00f1a y el paxar\u00edn da barb\u00eda marella<\/i><\/strong><\/div>\n<div>Testu: Aurora Berm\u00fadez Nava<\/div>\n<\/li>\n<li>\n<div>Ilustraci\u00f3n: <a href=\"https:\/\/raquel-lagartos.com\/\">Raquel Lagartos<\/a><\/div>\n<div>Parque Hist\u00f3rico del Navia, 2024<\/div>\n<\/li>\n<\/ul>\n<p style=\"text-align: center\"><a href=\"https:\/\/drawfolio.s3.amazonaws.com\/public\/system\/pictures\/images\/000\/237\/001\/original\/cubierta-tona-logo.jpg?1724673227\"><img loading=\"lazy\" decoding=\"async\" class=\"aligncenter size-full\" src=\"https:\/\/drawfolio.s3.amazonaws.com\/public\/system\/pictures\/images\/000\/237\/001\/original\/cubierta-tona-logo.jpg?1724673227\" width=\"1565\" height=\"780\" \/><\/a><\/p>\n<p style=\"text-align: center\">\n<\/div>\n<\/div>\n<\/div>\n<\/div>\n","protected":false},"excerpt":{"rendered":"<p>To\u00f1a y el paxar\u00edn da barb\u00eda marella Testu: Aurora Berm\u00fadez Nava Ilustraci\u00f3n: Raquel Lagartos Parque Hist\u00f3rico del Navia, 2024<\/p>\n","protected":false},"author":117,"featured_media":0,"comment_status":"open","ping_status":"open","sticky":false,"template":"","format":"aside","meta":{"footnotes":""},"categories":[10,13],"tags":[],"class_list":["post-31032","post","type-post","status-publish","format-aside","hentry","category-llibros-reciella","category-novedaes","post_format-post-format-aside"],"_links":{"self":[{"href":"https:\/\/edublog.educastur.es\/ixuxu\/wp-json\/wp\/v2\/posts\/31032","targetHints":{"allow":["GET"]}}],"collection":[{"href":"https:\/\/edublog.educastur.es\/ixuxu\/wp-json\/wp\/v2\/posts"}],"about":[{"href":"https:\/\/edublog.educastur.es\/ixuxu\/wp-json\/wp\/v2\/types\/post"}],"author":[{"embeddable":true,"href":"https:\/\/edublog.educastur.es\/ixuxu\/wp-json\/wp\/v2\/users\/117"}],"replies":[{"embeddable":true,"href":"https:\/\/edublog.educastur.es\/ixuxu\/wp-json\/wp\/v2\/comments?post=31032"}],"version-history":[{"count":4,"href":"https:\/\/edublog.educastur.es\/ixuxu\/wp-json\/wp\/v2\/posts\/31032\/revisions"}],"predecessor-version":[{"id":31036,"href":"https:\/\/edublog.educastur.es\/ixuxu\/wp-json\/wp\/v2\/posts\/31032\/revisions\/31036"}],"wp:attachment":[{"href":"https:\/\/edublog.educastur.es\/ixuxu\/wp-json\/wp\/v2\/media?parent=31032"}],"wp:term":[{"taxonomy":"category","embeddable":true,"href":"https:\/\/edublog.educastur.es\/ixuxu\/wp-json\/wp\/v2\/categories?post=31032"},{"taxonomy":"post_tag","embeddable":true,"href":"https:\/\/edublog.educastur.es\/ixuxu\/wp-json\/wp\/v2\/tags?post=31032"}],"curies":[{"name":"wp","href":"https:\/\/api.w.org\/{rel}","templated":true}]}}