{"id":31063,"date":"2024-09-14T10:00:13","date_gmt":"2024-09-14T08:00:13","guid":{"rendered":"https:\/\/edublog.educastur.es\/ixuxu\/?p=31063"},"modified":"2024-09-14T22:40:14","modified_gmt":"2024-09-14T20:40:14","slug":"el-mes-dagostu-foil-quintu-mas-templau-nasturies-dende-1961","status":"publish","type":"post","link":"https:\/\/edublog.educastur.es\/ixuxu\/2024\/09\/el-mes-dagostu-foil-quintu-mas-templau-nasturies-dende-1961\/","title":{"rendered":"El mes d&#8217;agostu foi&#8217;l quintu m\u00e1s templ\u00e1u n&#8217;Asturies dende 1961"},"content":{"rendered":"<p>Temperatures percima de los 40 graos nel Suroccidente. Dende&#8217;l puntu de vista pluviom\u00e9tricu, agostu foi en promediu rexonal un mes normal nel Princip\u00e1u. <a href=\"https:\/\/www.rtpa.es\/noticias-asturias\/2024-09-11\/El-mes-de-agosto-fue-el-quinto-mas-calido-en-Asturias-desde-1961_111726081150.html?fbclid=IwY2xjawFS02pleHRuA2FlbQIxMQABHQSTLNHeNZcdFK3sAMX2D2o_X6eNGP2Gee0CSSXkiDgCYj6xYorDgNbXig_aem_94rp7wWgJX_P8HPtm-jo3g\">Fonte: RTPA<\/a><\/p>\n<p style=\"text-align: center\"><a href=\"https:\/\/www.rtpa.es\/fotos\/\/24\/08\/20240811200035_RTPA5409731.jpg\"><img loading=\"lazy\" decoding=\"async\" class=\"aligncenter size-full\" src=\"https:\/\/www.rtpa.es\/fotos\/\/24\/08\/20240811200035_RTPA5409731.jpg\" width=\"853\" height=\"480\" \/><\/a><\/p>\n<p><!--more-->Asturies rexistr\u00f3 n&#8217;agostu 19,2 graos de temperatura medio, 0,9 graos percima del promediu nel periodu de referencia 1991-2020 y la quinta temperatura medio m\u00e1s alta para esti mes dende 1961, seg\u00fan el resume climatol\u00f3xicu public\u00e1u esti mi\u00e9rcoles pola <strong>Axencia Estatal de Meteorolox\u00eda (Aemet).<\/strong><\/p>\n<p>El mes d&#8217;agostu foi&#8217;l quintu m\u00e1s templ\u00e1u de la serie (1961- 2024), siendo&#8217;l m\u00e1s templ\u00e1u&#8217;l d&#8217;agostu de 2003 con 20,8 graos de temperatura medio, 2,5 percima del promediu mensual climatol\u00f3xicu.<\/p>\n<p>L&#8217;Aemet apunta como llamativu&#8217;l comportamientu de la media de la temperatura m\u00ednimo diaria mientres el mes pas\u00e1u, que con 14,5 graos foi 1,5 graos cimeru al promediu del periodu de referencia y ocupa la tercer posici\u00f3n de la serie en valor m\u00e1s altu.<\/p>\n","protected":false},"excerpt":{"rendered":"<p>Temperatures percima de los 40 graos nel Suroccidente. Dende&#8217;l puntu de vista pluviom\u00e9tricu, agostu foi en promediu rexonal un mes normal nel Princip\u00e1u. Fonte: RTPA<\/p>\n","protected":false},"author":117,"featured_media":0,"comment_status":"open","ping_status":"open","sticky":false,"template":"","format":"standard","meta":{"footnotes":""},"categories":[59,5],"tags":[],"class_list":["post-31063","post","type-post","status-publish","format-standard","hentry","category-rtpa","category-tiempu"],"_links":{"self":[{"href":"https:\/\/edublog.educastur.es\/ixuxu\/wp-json\/wp\/v2\/posts\/31063","targetHints":{"allow":["GET"]}}],"collection":[{"href":"https:\/\/edublog.educastur.es\/ixuxu\/wp-json\/wp\/v2\/posts"}],"about":[{"href":"https:\/\/edublog.educastur.es\/ixuxu\/wp-json\/wp\/v2\/types\/post"}],"author":[{"embeddable":true,"href":"https:\/\/edublog.educastur.es\/ixuxu\/wp-json\/wp\/v2\/users\/117"}],"replies":[{"embeddable":true,"href":"https:\/\/edublog.educastur.es\/ixuxu\/wp-json\/wp\/v2\/comments?post=31063"}],"version-history":[{"count":2,"href":"https:\/\/edublog.educastur.es\/ixuxu\/wp-json\/wp\/v2\/posts\/31063\/revisions"}],"predecessor-version":[{"id":31065,"href":"https:\/\/edublog.educastur.es\/ixuxu\/wp-json\/wp\/v2\/posts\/31063\/revisions\/31065"}],"wp:attachment":[{"href":"https:\/\/edublog.educastur.es\/ixuxu\/wp-json\/wp\/v2\/media?parent=31063"}],"wp:term":[{"taxonomy":"category","embeddable":true,"href":"https:\/\/edublog.educastur.es\/ixuxu\/wp-json\/wp\/v2\/categories?post=31063"},{"taxonomy":"post_tag","embeddable":true,"href":"https:\/\/edublog.educastur.es\/ixuxu\/wp-json\/wp\/v2\/tags?post=31063"}],"curies":[{"name":"wp","href":"https:\/\/api.w.org\/{rel}","templated":true}]}}