{"id":31117,"date":"2024-09-15T10:55:17","date_gmt":"2024-09-15T08:55:17","guid":{"rendered":"https:\/\/edublog.educastur.es\/ixuxu\/?p=31117"},"modified":"2024-09-15T11:17:26","modified_gmt":"2024-09-15T09:17:26","slug":"31117","status":"publish","type":"post","link":"https:\/\/edublog.educastur.es\/ixuxu\/2024\/09\/31117\/","title":{"rendered":"El traz\u00e1u Vascu Asturianu volvi\u00f3 tener el so tren mineru entre Trubia y Collanzo"},"content":{"rendered":"<p>El tren mineru y\u00e1 tresporta turistes: asina foi&#8217;l primer viaxe pol antiguu traz\u00e1u del ferrocarril Vascu Asturianu. Los pasaxeros del primer viaxe piden la continuid\u00e1 del tren. <strong>El traz\u00e1u Vascu Asturianu volvi\u00f3 tener el so tren mineru<\/strong>. El proyectu, qu&#8217;ayeri gust\u00f3 a los viaxeros, lleva cuatro a\u00f1os a la espera de que Renfe lo impulse como un recursu tur\u00edsticu.<\/p>\n<ul>\n<li>Fonte:<a href=\"https:\/\/www.lne.es\/cuencas\/2024\/09\/14\/tren-minero-transporta-turismo-primer-108142190.html\"> LNE<\/a> \/ <a href=\"https:\/\/www.elcomercio.es\/area-metropolitana-asturias\/cuencas\/trazado-vasco-asturiano-volvio-tener-tren-minero-20240915223104-nt.html\">El Comercio<\/a> \/<\/li>\n<\/ul>\n<p style=\"text-align: center\"><a href=\"https:\/\/s1.ppllstatics.com\/elcomercio\/www\/multimedia\/2024\/09\/15\/97996347-U190792253508X3--1200x840@El%20Comercio.jpg\"><img loading=\"lazy\" decoding=\"async\" class=\"aligncenter size-full\" src=\"https:\/\/s1.ppllstatics.com\/elcomercio\/www\/multimedia\/2024\/09\/15\/97996347-U190792253508X3--1200x840@El%20Comercio.jpg\" width=\"1200\" height=\"840\" \/><\/a><!--more--><a href=\"https:\/\/entreconcejos.es\/wp-content\/uploads\/2024\/07\/20240722130717816_0001-1536x1087.jpg\"><img loading=\"lazy\" decoding=\"async\" class=\"aligncenter size-full\" src=\"https:\/\/entreconcejos.es\/wp-content\/uploads\/2024\/07\/20240722130717816_0001-1536x1087.jpg\" width=\"1536\" height=\"1087\" \/><\/a><\/p>\n<p style=\"text-align: left\">Conceb\u00edu como v\u00eda de salida de la hulla de la Cuenca del Caudal escontra&#8217;l puertu de San Esteban de Pravia,<strong> el ferrocarril Vascu-Asturianu foi, mientres m\u00e1s d&#8217;un sieglu, una importante arteria poru&#8217;l tresporte carboneru, pri\u00admeru con dest\u00edn a la siderurxa vasca y, finalmente, o la t\u00e9rmicu de Sotu de Ribera.<\/strong><\/p>\n<p style=\"text-align: left\">Nesti viaxe pretende reivindicase el calter patrimo\u00adnial d&#8217;esta ll\u00ednea, con un gran potencial como <strong>ferrocarril hist\u00f3ricu que, o lo llargo del so cam\u00edn, articula paisaxes naturales ya industriales d&#8217;altu inter\u00e9s.<\/strong><\/p>\n","protected":false},"excerpt":{"rendered":"<p>El tren mineru y\u00e1 tresporta turistes: asina foi&#8217;l primer viaxe pol antiguu traz\u00e1u del ferrocarril Vascu Asturianu. Los pasaxeros del primer viaxe piden la continuid\u00e1 del tren. El traz\u00e1u Vascu Asturianu volvi\u00f3 tener el so tren mineru. El proyectu, qu&#8217;ayeri gust\u00f3 a los viaxeros, lleva cuatro a\u00f1os a la espera de que Renfe lo impulse [&hellip;]<\/p>\n","protected":false},"author":117,"featured_media":0,"comment_status":"open","ping_status":"open","sticky":false,"template":"","format":"standard","meta":{"footnotes":""},"categories":[232],"tags":[],"class_list":["post-31117","post","type-post","status-publish","format-standard","hentry","category-tresportes"],"_links":{"self":[{"href":"https:\/\/edublog.educastur.es\/ixuxu\/wp-json\/wp\/v2\/posts\/31117","targetHints":{"allow":["GET"]}}],"collection":[{"href":"https:\/\/edublog.educastur.es\/ixuxu\/wp-json\/wp\/v2\/posts"}],"about":[{"href":"https:\/\/edublog.educastur.es\/ixuxu\/wp-json\/wp\/v2\/types\/post"}],"author":[{"embeddable":true,"href":"https:\/\/edublog.educastur.es\/ixuxu\/wp-json\/wp\/v2\/users\/117"}],"replies":[{"embeddable":true,"href":"https:\/\/edublog.educastur.es\/ixuxu\/wp-json\/wp\/v2\/comments?post=31117"}],"version-history":[{"count":6,"href":"https:\/\/edublog.educastur.es\/ixuxu\/wp-json\/wp\/v2\/posts\/31117\/revisions"}],"predecessor-version":[{"id":31136,"href":"https:\/\/edublog.educastur.es\/ixuxu\/wp-json\/wp\/v2\/posts\/31117\/revisions\/31136"}],"wp:attachment":[{"href":"https:\/\/edublog.educastur.es\/ixuxu\/wp-json\/wp\/v2\/media?parent=31117"}],"wp:term":[{"taxonomy":"category","embeddable":true,"href":"https:\/\/edublog.educastur.es\/ixuxu\/wp-json\/wp\/v2\/categories?post=31117"},{"taxonomy":"post_tag","embeddable":true,"href":"https:\/\/edublog.educastur.es\/ixuxu\/wp-json\/wp\/v2\/tags?post=31117"}],"curies":[{"name":"wp","href":"https:\/\/api.w.org\/{rel}","templated":true}]}}