{"id":3112,"date":"2021-01-16T02:13:02","date_gmt":"2021-01-16T00:13:02","guid":{"rendered":"https:\/\/edublog.educastur.es\/ixuxu\/?p=3112"},"modified":"2021-01-28T17:41:13","modified_gmt":"2021-01-28T15:41:13","slug":"el-barquin-alicia-alvarez","status":"publish","type":"post","link":"https:\/\/edublog.educastur.es\/ixuxu\/2021\/01\/el-barquin-alicia-alvarez\/","title":{"rendered":"\u00abEl barqu\u00edn\u00bb (Alicia \u00c1lvarez)"},"content":{"rendered":"<p style=\"text-align: center\"><span style=\"color: #008080;font-size: 20px\"><strong><em>El barqu\u00edn, tema perteneciente al llibru-discu \u00abKikirikik\u00ed, canciones pa ne\u00f1es y ne\u00f1os d&#8217;Alicia \u00c1lvarez\u00bb<\/em><\/strong><\/span><\/p>\n<p style=\"text-align: center\">\n<!-- iframe plugin v.6.0 wordpress.org\/plugins\/iframe\/ -->\n<iframe loading=\"lazy\" src=\"https:\/\/www.facebook.com\/plugins\/video.php?height=420&#038;href=https%3A%2F%2Fwww.facebook.com%2Flafabriquina%2Fvideos%2F1832672960213339%2F&#038;show_text=false&#038;width=560\" width=\"560\" height=\"420\" style=\"border:none;overflow:hidden\" scrolling=\"no\" frameborder=\"0\" allowfullscreen=\"true\" allow=\"autoplay; clipboard-write; encrypted-media; picture-in-picture; web-share\" 0=\"\/iframe\" class=\"iframe-class\"><\/iframe>\n<\/p>\n<p><!--more--><\/p>\n<div class=\"\" dir=\"auto\">\n<div id=\"jsc_c_1w\" class=\"ecm0bbzt hv4rvrfc ihqw7lf3 dati1w0a\" data-ad-comet-preview=\"message\" data-ad-preview=\"message\">\n<div class=\"j83agx80 cbu4d94t ew0dbk1b irj2b8pg\">\n<div class=\"qzhwtbm6 knvmm38d\">\n<div class=\"kvgmc6g5 cxmmr5t8 oygrvhab hcukyx3x c1et5uql ii04i59q\">\n<div dir=\"auto\"><span style=\"color: #008080\"><strong><span style=\"font-size: 20px\"><em>\u00a0<\/em><\/span><\/strong><\/span><\/div>\n<\/div>\n<div class=\"o9v6fnle cxmmr5t8 oygrvhab hcukyx3x c1et5uql ii04i59q\">\n<div dir=\"auto\"><span style=\"font-size: 20px\"><em>Alicia \u00c1lvarez: voz, guitarres, coros<\/em><\/span><\/div>\n<div dir=\"auto\"><span style=\"font-size: 20px\"><em>David Casillas: contrabaxu<\/em><\/span><\/div>\n<div dir=\"auto\"><span style=\"font-size: 20px\"><em>Eva D. Toca: bater\u00eda<\/em><\/span><\/div>\n<div dir=\"auto\"><span style=\"font-size: 20px\"><em>David Varela: acordi\u00f3n diat\u00f3nicu<\/em><\/span><\/div>\n<div dir=\"auto\"><span style=\"font-size: 20px\"><em>Xana Guardado: voz y coros<\/em><\/span><\/div>\n<div dir=\"auto\"><span style=\"font-size: 20px\"><em>Mar \u00c1lvarez: coros<\/em><\/span><\/div>\n<div dir=\"auto\"><span style=\"font-size: 20px\"><em>Mael Guardado: coros<\/em><\/span><\/div>\n<\/div>\n<div class=\"o9v6fnle cxmmr5t8 oygrvhab hcukyx3x c1et5uql ii04i59q\">\n<div dir=\"auto\"><span style=\"font-size: 20px\"><em>M\u00fasica grabao, mec\u00edo y masterizao por Pedro Vigil en Sonid\u00f3polis nel mes de setiembre de 2020.<\/em><\/span><\/div>\n<ul>\n<li><span style=\"font-size: 20px\"><em> <a href=\"https:\/\/www.facebook.com\/lafabriquina\/\"><strong>LA FABRIQUINA<\/strong><\/a> Facebook<br \/>\n<\/em><\/span><\/li>\n<li><a href=\"https:\/\/twitter.com\/LaFabriquina\"><em><span style=\"font-size: 20px\"><strong>La Fabriquina<\/strong> Twitter<\/span><\/em><\/a><\/li>\n<\/ul>\n<p style=\"text-align: center\"><a href=\"https:\/\/scontent.fmad7-1.fna.fbcdn.net\/v\/t1.0-9\/136061681_2462865854022918_8971503814526160681_n.jpg?_nc_cat=102&amp;ccb=2&amp;_nc_sid=8bfeb9&amp;_nc_ohc=Uoa-1_x2Y58AX-vWzbq&amp;_nc_ht=scontent.fmad7-1.fna&amp;oh=95d7db61beae919a3bd6c4ce149cc174&amp;oe=602743C1\"><img loading=\"lazy\" decoding=\"async\" class=\"aligncenter\" src=\"https:\/\/scontent.fmad7-1.fna.fbcdn.net\/v\/t1.0-9\/136061681_2462865854022918_8971503814526160681_n.jpg?_nc_cat=102&amp;ccb=2&amp;_nc_sid=8bfeb9&amp;_nc_ohc=Uoa-1_x2Y58AX-vWzbq&amp;_nc_ht=scontent.fmad7-1.fna&amp;oh=95d7db61beae919a3bd6c4ce149cc174&amp;oe=602743C1\" alt=\"\" width=\"459\" height=\"459\" \/><\/a><\/p>\n<\/div>\n<\/div>\n<\/div>\n<\/div>\n<\/div>\n","protected":false},"excerpt":{"rendered":"<p>El barqu\u00edn, tema perteneciente al llibru-discu \u00abKikirikik\u00ed, canciones pa ne\u00f1es y ne\u00f1os d&#8217;Alicia \u00c1lvarez\u00bb<\/p>\n","protected":false},"author":117,"featured_media":0,"comment_status":"open","ping_status":"open","sticky":false,"template":"","format":"standard","meta":{"footnotes":""},"categories":[35,1],"tags":[],"class_list":["post-3112","post","type-post","status-publish","format-standard","hentry","category-musica","category-sin-categoria"],"_links":{"self":[{"href":"https:\/\/edublog.educastur.es\/ixuxu\/wp-json\/wp\/v2\/posts\/3112","targetHints":{"allow":["GET"]}}],"collection":[{"href":"https:\/\/edublog.educastur.es\/ixuxu\/wp-json\/wp\/v2\/posts"}],"about":[{"href":"https:\/\/edublog.educastur.es\/ixuxu\/wp-json\/wp\/v2\/types\/post"}],"author":[{"embeddable":true,"href":"https:\/\/edublog.educastur.es\/ixuxu\/wp-json\/wp\/v2\/users\/117"}],"replies":[{"embeddable":true,"href":"https:\/\/edublog.educastur.es\/ixuxu\/wp-json\/wp\/v2\/comments?post=3112"}],"version-history":[{"count":6,"href":"https:\/\/edublog.educastur.es\/ixuxu\/wp-json\/wp\/v2\/posts\/3112\/revisions"}],"predecessor-version":[{"id":3114,"href":"https:\/\/edublog.educastur.es\/ixuxu\/wp-json\/wp\/v2\/posts\/3112\/revisions\/3114"}],"wp:attachment":[{"href":"https:\/\/edublog.educastur.es\/ixuxu\/wp-json\/wp\/v2\/media?parent=3112"}],"wp:term":[{"taxonomy":"category","embeddable":true,"href":"https:\/\/edublog.educastur.es\/ixuxu\/wp-json\/wp\/v2\/categories?post=3112"},{"taxonomy":"post_tag","embeddable":true,"href":"https:\/\/edublog.educastur.es\/ixuxu\/wp-json\/wp\/v2\/tags?post=3112"}],"curies":[{"name":"wp","href":"https:\/\/api.w.org\/{rel}","templated":true}]}}