{"id":31139,"date":"2024-09-15T11:20:51","date_gmt":"2024-09-15T09:20:51","guid":{"rendered":"https:\/\/edublog.educastur.es\/ixuxu\/?p=31139"},"modified":"2024-09-15T14:35:33","modified_gmt":"2024-09-15T12:35:33","slug":"la-seronda-a-pocos-dies","status":"publish","type":"post","link":"https:\/\/edublog.educastur.es\/ixuxu\/2024\/09\/la-seronda-a-pocos-dies\/","title":{"rendered":"La seronda, a pocos d\u00edes&#8230;"},"content":{"rendered":"<div class=\"xu06os2 x1ok221b\">\n<div class=\"x6prxxf xk50ysn xvq8zen\">\n<div dir=\"ltr\"><span class=\"x1lliihq x6ikm8r x10wlt62 x1n2onr6\"><span dir=\"ltr\"><span class=\"\"><span class=\"xt0psk2\"><a class=\"x1i10hfl xjbqb8w x1ejq31n xd10rxx x1sy0etr x17r0tee x972fbf xcfux6l x1qhh985 xm0m39n x9f619 x1ypdohk xt0psk2 xe8uvvx xdj266r x11i5rnm xat24cr x1mh8g0r xexx8yu x4uap5 x18d9i69 xkhd6sd x16tdsg8 x1hl2dhg xggy1nq x1a2a7pz x1sur9pj xkrqix3 xzsf02u x1s688f\" role=\"link\" href=\"https:\/\/www.facebook.com\/groups\/125604634139543\/user\/100071418002906\/?__cft__[0]=AZXw3ApHw9ORpritKBeJ0Es0T2Djxg4Z0oMf36QADMBCufxa7q3oRg2R4kj29CsDKqcNzE8qENXR2Ke_bCpEKEGov1dCiLryQnfTBQ-opLzRg0KiziFyXMR6c8UB1bAB9znhvrEXxpyz6HCrmpD3qpj1BkBHtgN8-kO2GLYiJljlXIKH3UbXa_pkj8dGmsg9DTVVbVdNpfMlTipwgqTLztpPPNejlMb15YR5KzrJKtBaEnmFgGSZ1m1KpsnbY48L_kQ&amp;__tn__=-UC%2CP-y-R\"><span class=\"html-span xdj266r x11i5rnm xat24cr x1mh8g0r xexx8yu x4uap5 x18d9i69 xkhd6sd x1hl2dhg x16tdsg8 x1vvkbs\">Marta Azzurra Nardin<\/span><\/a><\/span><\/span><\/span><span dir=\"ltr\"><span class=\"xt0psk2\"><a class=\"x1i10hfl xjbqb8w x1ejq31n xd10rxx x1sy0etr x17r0tee x972fbf xcfux6l x1qhh985 xm0m39n x9f619 x1ypdohk xt0psk2 xe8uvvx xdj266r x11i5rnm xat24cr x1mh8g0r xexx8yu x4uap5 x18d9i69 xkhd6sd x16tdsg8 x1hl2dhg xggy1nq x1a2a7pz x1sur9pj xkrqix3 xzsf02u x1s688f\" role=\"link\" href=\"https:\/\/www.facebook.com\/groups\/worldwide.naive.art\/?__cft__[0]=AZXw3ApHw9ORpritKBeJ0Es0T2Djxg4Z0oMf36QADMBCufxa7q3oRg2R4kj29CsDKqcNzE8qENXR2Ke_bCpEKEGov1dCiLryQnfTBQ-opLzRg0KiziFyXMR6c8UB1bAB9znhvrEXxpyz6HCrmpD3qpj1BkBHtgN8-kO2GLYiJljlXIKH3UbXa_pkj8dGmsg9DTVVbVdNpfMlTipwgqTLztpPPNejlMb15YR5KzrJKtBaEnmFgGSZ1m1KpsnbY48L_kQ&amp;__tn__=-UC%2CP-y-R\"><span class=\"html-span xdj266r x11i5rnm xat24cr x1mh8g0r xexx8yu x4uap5 x18d9i69 xkhd6sd x1hl2dhg x16tdsg8 x1vvkbs\">Naive Art &#8211; worldwide<\/span><\/a><\/span><\/span><\/span>\/ Artista desconoc\u00eda \/ <a href=\"https:\/\/www.facebook.com\/photo\/?fbid=528761936181069&amp;set=gm.8680511771982077&amp;idorvanity=125604634139543\">Imaxe<\/a><\/div>\n<div dir=\"ltr\"><\/div>\n<div dir=\"ltr\"><\/div>\n<\/div>\n<div dir=\"ltr\" style=\"text-align: center\"><a href=\"https:\/\/fotografias.larazon.es\/clipping\/cmsimages02\/2023\/10\/26\/F12D5ECC-73BB-4BA7-87FF-96004B72C686\/algunas-zonas-espana-han-experimentado-otono-frio-2010_98.jpg?crop=1120,630,x40,y0&amp;width=1900&amp;height=1069&amp;optimize=low&amp;format=webply\"><img loading=\"lazy\" decoding=\"async\" class=\"aligncenter \" src=\"https:\/\/fotografias.larazon.es\/clipping\/cmsimages02\/2023\/10\/26\/F12D5ECC-73BB-4BA7-87FF-96004B72C686\/algunas-zonas-espana-han-experimentado-otono-frio-2010_98.jpg?crop=1120,630,x40,y0&amp;width=1900&amp;height=1069&amp;optimize=low&amp;format=webply\" width=\"653\" height=\"367\" \/><\/a><\/div>\n<div dir=\"ltr\"><span style=\"color: #008080\"><strong>L&#8217;equinocciu de seronda de 2024 ser\u00e1 nel norte&#8217;l domingu 22 de setiembre a les 14:43 hores.<\/strong><\/span> Gracies a los movimientos de rotaci\u00f3n y treslaci\u00f3n de la Tierra podemos esfrutar de cuatro aparques distintes n&#8217;un mesmu a\u00f1u, anque en dellos llugares del mundu n\u00f3tase muncho m\u00e1s que n&#8217;otros. Por casu, cuando se da l&#8217;equinocciu serondiegu ye&#8217;l momentu que marca&#8217;l pasu del branu a la seronda.<\/div>\n<\/div>\n<div dir=\"ltr\"><\/div>\n<div dir=\"ltr\" style=\"text-align: center\"><a href=\"https:\/\/starwalk.space\/gallery\/images\/equinox-solstice-quiz-intro-2\/es\/1920x1080.jpg\"><img loading=\"lazy\" decoding=\"async\" class=\"aligncenter \" src=\"https:\/\/starwalk.space\/gallery\/images\/equinox-solstice-quiz-intro-2\/es\/1920x1080.jpg\" width=\"674\" height=\"379\" \/><\/a><\/div>\n<div class=\"xu06os2 x1ok221b\">\n<div dir=\"ltr\">A partir d&#8217;equ\u00ed, nes zones nes que&#8217;l camb\u00e9u d&#8217;estaci\u00f3n ye m\u00e1s marc\u00e1u, va empezar a enfrescar y les fueyes de los \u00e1rboles van camudar de color y van cayese. A partir d&#8217;equ\u00ed va haber la estaci\u00f3n de seronda, que va durar hasta&#8217;l d\u00eda 22 d&#8217;avientu, momentu del solsticiu d&#8217;iviernu y en que, por tanto, va empezar la estaci\u00f3n d&#8217;iviernu.<\/div>\n<div dir=\"ltr\"><\/div>\n<div dir=\"ltr\"><\/div>\n<div dir=\"ltr\"><\/div>\n<\/div>\n<div class=\"xu06os2 x1ok221b\">\n<div dir=\"ltr\"><\/div>\n<\/div>\n<p>&nbsp;<\/p>\n","protected":false},"excerpt":{"rendered":"<p>Marta Azzurra NardinNaive Art &#8211; worldwide\/ Artista desconoc\u00eda \/ Imaxe L&#8217;equinocciu de seronda de 2024 ser\u00e1 nel norte&#8217;l domingu 22 de setiembre a les 14:43 hores. Gracies a los movimientos de rotaci\u00f3n y treslaci\u00f3n de la Tierra podemos esfrutar de cuatro aparques distintes n&#8217;un mesmu a\u00f1u, anque en dellos llugares del mundu n\u00f3tase muncho m\u00e1s [&hellip;]<\/p>\n","protected":false},"author":117,"featured_media":0,"comment_status":"open","ping_status":"open","sticky":false,"template":"","format":"standard","meta":{"footnotes":""},"categories":[46],"tags":[],"class_list":["post-31139","post","type-post","status-publish","format-standard","hentry","category-estaciones"],"_links":{"self":[{"href":"https:\/\/edublog.educastur.es\/ixuxu\/wp-json\/wp\/v2\/posts\/31139","targetHints":{"allow":["GET"]}}],"collection":[{"href":"https:\/\/edublog.educastur.es\/ixuxu\/wp-json\/wp\/v2\/posts"}],"about":[{"href":"https:\/\/edublog.educastur.es\/ixuxu\/wp-json\/wp\/v2\/types\/post"}],"author":[{"embeddable":true,"href":"https:\/\/edublog.educastur.es\/ixuxu\/wp-json\/wp\/v2\/users\/117"}],"replies":[{"embeddable":true,"href":"https:\/\/edublog.educastur.es\/ixuxu\/wp-json\/wp\/v2\/comments?post=31139"}],"version-history":[{"count":5,"href":"https:\/\/edublog.educastur.es\/ixuxu\/wp-json\/wp\/v2\/posts\/31139\/revisions"}],"predecessor-version":[{"id":31148,"href":"https:\/\/edublog.educastur.es\/ixuxu\/wp-json\/wp\/v2\/posts\/31139\/revisions\/31148"}],"wp:attachment":[{"href":"https:\/\/edublog.educastur.es\/ixuxu\/wp-json\/wp\/v2\/media?parent=31139"}],"wp:term":[{"taxonomy":"category","embeddable":true,"href":"https:\/\/edublog.educastur.es\/ixuxu\/wp-json\/wp\/v2\/categories?post=31139"},{"taxonomy":"post_tag","embeddable":true,"href":"https:\/\/edublog.educastur.es\/ixuxu\/wp-json\/wp\/v2\/tags?post=31139"}],"curies":[{"name":"wp","href":"https:\/\/api.w.org\/{rel}","templated":true}]}}