{"id":31149,"date":"2024-09-15T11:25:27","date_gmt":"2024-09-15T09:25:27","guid":{"rendered":"https:\/\/edublog.educastur.es\/ixuxu\/?p=31149"},"modified":"2024-09-15T14:18:34","modified_gmt":"2024-09-15T12:18:34","slug":"lhorariu-diviernu-va-empezar-lultimu-domingu-del-mes-dochobre","status":"publish","type":"post","link":"https:\/\/edublog.educastur.es\/ixuxu\/2024\/09\/lhorariu-diviernu-va-empezar-lultimu-domingu-del-mes-dochobre\/","title":{"rendered":"L&#8217;horariu d&#8217;iviernu va empezar l&#8217;\u00faltimu domingu del mes d&#8217;ochobre"},"content":{"rendered":"<p style=\"text-align: center\"><a href=\"https:\/\/s10.s3c.es\/imag\/_v0\/2128x1162\/0\/8\/6\/1200x655_cambio-hora-otono-invierno-verano-istock.jpg\"><img loading=\"lazy\" decoding=\"async\" class=\"aligncenter \" src=\"https:\/\/s10.s3c.es\/imag\/_v0\/2128x1162\/0\/8\/6\/1200x655_cambio-hora-otono-invierno-verano-istock.jpg\" width=\"595\" height=\"325\" \/><\/a><\/p>\n<p>En dexando tras los meses de branu por excelencia, agora, mientres el mes de setiembre, ye bien notable c\u00f3mo los d\u00edes van faci\u00e9ndose cada vez m\u00e1s curtios, y\u00e1 que amanez m\u00e1s tarde y el Sol ponse muncho primero na tarde. Esti fechu fai pensar, irremediablemente nel camb\u00e9u d&#8217;hora d&#8217;iviernu 2024.<\/p>\n<p>En concretu, <span style=\"color: #008080\"><strong>nel mes d&#8217;ochobre de 2024 va pasase del horariu de branu al horariu d&#8217;iviernu<\/strong><\/span>, anque esti tien llugar mientres la inda vixente estaci\u00f3n de seronda. Ye ent\u00f3s cuando tolos rel\u00f3es atr\u00e1sense xuna hora, polo qu&#8217;esi d\u00eda tien 25 hores en llugar de 24.<\/p>\n<p><!--more--><br \/>\n\u00bfCu\u00e1ndo ye&#8217;l camb\u00e9u d&#8217;hora d&#8217;iviernu 2024?<\/p>\n<p><span style=\"color: #008080\"><strong>L&#8217;horariu d&#8217;iviernu va empezar, como cada a\u00f1u, l&#8217;\u00faltimu domingu del mes d&#8217;ochobre<\/strong><\/span>, polo que ye ese&#8217;l momentu nel que va haber qu&#8217;<span style=\"color: #008080\"><strong>atrasar el rel\u00f3 nuna hora<\/strong><\/span> mientres la madrugada que va del s\u00e1badu 26 d&#8217;ochobre al domingu 27 d&#8217;ochobre de 2024.<\/p>\n<p>Esti camb\u00e9u d&#8217;hora d&#8217;iviernu realizarase a les 03.00 hores (horariu oficial peninsular), cuando se va deber atrasar el rel\u00f3 a les 02.00 hores.\u00a0El camb\u00e9u d&#8217;hora n&#8217;Espa\u00f1a, al igual que pasa n&#8217;otros pa\u00edses europeos, ta en constante alderique, y\u00e1 que son munchos los defensores de que se caltenga, mientres tol a\u00f1u&#8217;l mesmu horariu d&#8217;iviernu. Ello ye que tanto&#8217;l Parlamentu Europ\u00e9u como la Comisi\u00f3n pronunci\u00e1ronse a favor d&#8217;esaniciar el camb\u00e9u d&#8217;hora nel futuru.<\/p>\n<p>Sicas\u00ed, tal que recueye l&#8217;Institutu Xeogr\u00e1ficu Nacional (IGN), inda nun hai xuna decisi\u00f3n definitiva al respeutu y, poro, el camb\u00e9u d&#8217;hora tradicional del \u00faltimu domingu d&#8217;ochobre va caltenese en 2024, <span style=\"color: #008080\"><strong>col mesmu argumentu d&#8217;aforrar enerx\u00eda y gastar menos lluz nel \u00e1mbitu p\u00fablicu.<\/strong><\/span><\/p>\n","protected":false},"excerpt":{"rendered":"<p>En dexando tras los meses de branu por excelencia, agora, mientres el mes de setiembre, ye bien notable c\u00f3mo los d\u00edes van faci\u00e9ndose cada vez m\u00e1s curtios, y\u00e1 que amanez m\u00e1s tarde y el Sol ponse muncho primero na tarde. Esti fechu fai pensar, irremediablemente nel camb\u00e9u d&#8217;hora d&#8217;iviernu 2024. En concretu, nel mes d&#8217;ochobre [&hellip;]<\/p>\n","protected":false},"author":117,"featured_media":0,"comment_status":"open","ping_status":"open","sticky":false,"template":"","format":"standard","meta":{"footnotes":""},"categories":[46],"tags":[],"class_list":["post-31149","post","type-post","status-publish","format-standard","hentry","category-estaciones"],"_links":{"self":[{"href":"https:\/\/edublog.educastur.es\/ixuxu\/wp-json\/wp\/v2\/posts\/31149","targetHints":{"allow":["GET"]}}],"collection":[{"href":"https:\/\/edublog.educastur.es\/ixuxu\/wp-json\/wp\/v2\/posts"}],"about":[{"href":"https:\/\/edublog.educastur.es\/ixuxu\/wp-json\/wp\/v2\/types\/post"}],"author":[{"embeddable":true,"href":"https:\/\/edublog.educastur.es\/ixuxu\/wp-json\/wp\/v2\/users\/117"}],"replies":[{"embeddable":true,"href":"https:\/\/edublog.educastur.es\/ixuxu\/wp-json\/wp\/v2\/comments?post=31149"}],"version-history":[{"count":1,"href":"https:\/\/edublog.educastur.es\/ixuxu\/wp-json\/wp\/v2\/posts\/31149\/revisions"}],"predecessor-version":[{"id":31150,"href":"https:\/\/edublog.educastur.es\/ixuxu\/wp-json\/wp\/v2\/posts\/31149\/revisions\/31150"}],"wp:attachment":[{"href":"https:\/\/edublog.educastur.es\/ixuxu\/wp-json\/wp\/v2\/media?parent=31149"}],"wp:term":[{"taxonomy":"category","embeddable":true,"href":"https:\/\/edublog.educastur.es\/ixuxu\/wp-json\/wp\/v2\/categories?post=31149"},{"taxonomy":"post_tag","embeddable":true,"href":"https:\/\/edublog.educastur.es\/ixuxu\/wp-json\/wp\/v2\/tags?post=31149"}],"curies":[{"name":"wp","href":"https:\/\/api.w.org\/{rel}","templated":true}]}}