{"id":31153,"date":"2025-03-21T08:00:08","date_gmt":"2025-03-21T06:00:08","guid":{"rendered":"https:\/\/edublog.educastur.es\/ixuxu\/?p=31153"},"modified":"2024-09-19T14:51:28","modified_gmt":"2024-09-19T12:51:28","slug":"31153","status":"publish","type":"post","link":"https:\/\/edublog.educastur.es\/ixuxu\/2025\/03\/31153\/","title":{"rendered":""},"content":{"rendered":"<p style=\"text-align: center\"><span style=\"color: #800080\"><strong><em><span style=\"font-size: 28px\">La esperiencia del poema<\/span><\/em><\/strong><\/span><br \/>\n<span style=\"color: #800080\"><strong><em><span style=\"font-size: 28px\">nun mora en ca\u00fana de les sos palabres, <\/span><\/em><\/strong><\/span><br \/>\n<span style=\"color: #800080\"><strong><em><span style=\"font-size: 28px\">sin\u00f3n na so interacci\u00f3n, <\/span><\/em><\/strong><\/span><br \/>\n<span style=\"color: #800080\"><strong><em><span style=\"font-size: 28px\">la m\u00fasica, los silencios, les formes.<\/span><\/em><\/strong><\/span><br \/>\nPaula Auster<\/p>\n","protected":false},"excerpt":{"rendered":"<p>La esperiencia del poema nun mora en ca\u00fana de les sos palabres, sin\u00f3n na so interacci\u00f3n, la m\u00fasica, los silencios, les formes. Paula Auster<\/p>\n","protected":false},"author":117,"featured_media":0,"comment_status":"open","ping_status":"open","sticky":false,"template":"","format":"quote","meta":{"footnotes":""},"categories":[1],"tags":[],"class_list":["post-31153","post","type-post","status-publish","format-quote","hentry","category-sin-categoria","post_format-post-format-quote"],"_links":{"self":[{"href":"https:\/\/edublog.educastur.es\/ixuxu\/wp-json\/wp\/v2\/posts\/31153","targetHints":{"allow":["GET"]}}],"collection":[{"href":"https:\/\/edublog.educastur.es\/ixuxu\/wp-json\/wp\/v2\/posts"}],"about":[{"href":"https:\/\/edublog.educastur.es\/ixuxu\/wp-json\/wp\/v2\/types\/post"}],"author":[{"embeddable":true,"href":"https:\/\/edublog.educastur.es\/ixuxu\/wp-json\/wp\/v2\/users\/117"}],"replies":[{"embeddable":true,"href":"https:\/\/edublog.educastur.es\/ixuxu\/wp-json\/wp\/v2\/comments?post=31153"}],"version-history":[{"count":1,"href":"https:\/\/edublog.educastur.es\/ixuxu\/wp-json\/wp\/v2\/posts\/31153\/revisions"}],"predecessor-version":[{"id":31154,"href":"https:\/\/edublog.educastur.es\/ixuxu\/wp-json\/wp\/v2\/posts\/31153\/revisions\/31154"}],"wp:attachment":[{"href":"https:\/\/edublog.educastur.es\/ixuxu\/wp-json\/wp\/v2\/media?parent=31153"}],"wp:term":[{"taxonomy":"category","embeddable":true,"href":"https:\/\/edublog.educastur.es\/ixuxu\/wp-json\/wp\/v2\/categories?post=31153"},{"taxonomy":"post_tag","embeddable":true,"href":"https:\/\/edublog.educastur.es\/ixuxu\/wp-json\/wp\/v2\/tags?post=31153"}],"curies":[{"name":"wp","href":"https:\/\/api.w.org\/{rel}","templated":true}]}}