{"id":31225,"date":"2024-09-16T10:51:39","date_gmt":"2024-09-16T08:51:39","guid":{"rendered":"https:\/\/edublog.educastur.es\/ixuxu\/?p=31225"},"modified":"2024-09-16T10:53:02","modified_gmt":"2024-09-16T08:53:02","slug":"31225","status":"publish","type":"post","link":"https:\/\/edublog.educastur.es\/ixuxu\/2024\/09\/31225\/","title":{"rendered":"Cultura va iniciar la Selmana Blanca\u2019l 10 d\u2019avientu en Fuentes de Invierno y Payares"},"content":{"rendered":"<div class=\"description\">\n<h3 style=\"text-align: center\"><a href=\"https:\/\/actualidad.asturias.es\/documents\/537115\/2093026\/semana+blanca.jpg\/58f71a3e-0f31-e19f-b7ee-46f10714919c?t=1726246915376\"><img loading=\"lazy\" decoding=\"async\" class=\"aligncenter \" src=\"https:\/\/actualidad.asturias.es\/documents\/537115\/2093026\/semana+blanca.jpg\/58f71a3e-0f31-e19f-b7ee-46f10714919c?t=1726246915376\" width=\"431\" height=\"610\" \/><\/a><\/h3>\n<ul>\n<li><a href=\"https:\/\/actualidad.asturias.es\/-\/cultura-iniciar%C3%A1-la-semana-blanca-en-fuentes-de-invierno-y-payares-el-10-de-diciembre-si-las-condiciones-meteorol%C3%B3gicas-lo-permiten?redirect=%2Fnoticias\">Fonte: ActualidadAsturias.es<\/a> \/<\/li>\n<li><strong>El plazu pa que s&#8217;inscriban los centros escolares empieza&#8217;l 1 d&#8217;ochobre<\/strong><\/li>\n<li><strong>La conseyer\u00eda ufierta forfaits gratuitos pal alumn\u00e1u de los centros escolares p\u00fablicos, d&#8217;educaci\u00f3n especial y concertaos<\/strong><\/li>\n<\/ul>\n<p>La Conseyer\u00eda de Cultura, Pol\u00edtica Lling\u00fc\u00edstica y Deporte unvi\u00f3 esta selmana a los centros educativos les indicaciones pa participar na Selmana Blanca de la temporada 2024\/2025. El programa, que tien por oxetivu fomentar la pr\u00e1ctica deportiva ente les persones moces, va arrancar el pr\u00f3ximu 10 d&#8217;avientu, si les condiciones meteorol\u00f3xiques lo dexen.<\/p>\n<p><!--more--><\/p>\n<p>La comunid\u00e1 educativa participante na Selmana Blanca va recibir formaci\u00f3n n&#8217;esqu\u00ed o <i>snowboard<\/i> en grupos de 8 o 6 persones, respectivamente, am\u00e1s de la gratuid\u00e1 del <i>forfait<\/i> d&#8217;accesu a les estaciones. Tanto los centros p\u00fablicos, como los concertaos y d&#8217;educaci\u00f3n especial puen beneficiase d&#8217;esti programa que contempla duraciones na estancia de 1 a 5 d\u00edes.<\/p>\n<p>D&#8217;esta manera, la Conseyer\u00eda de Deporte<strong> promueve l&#8217;acercamientu al deporte blanco de la ciudadan\u00eda mozo de forma igualitaria, faciendo posible esta pr\u00e1ctica deportiva al alumn\u00e1u de tolos conceyos d&#8217;Asturies, independientemente del so allugamientu xeogr\u00e1ficu<\/strong>. L&#8217;ambiente distintu al habitual, la convivencia ente iguales y el contactu intensu cola naturaleza son ferramientes educatives de gran valor pa la formaci\u00f3n de los mozos y les moces.<\/p>\n<p class=\"Ttulo1\">Los centros interesaos van poder formalizar les inscripciones ente los d\u00edes 1 y 31 d&#8217;ochobre. M\u00e1s tarde, el 10 d&#8217;avientu, va empezar la Selmana Blanca que se va desenvolver hasta&#8217;l 20 d&#8217;abril del 2025.<\/p>\n<\/div>\n<div class=\"contenido-article documentacion\">\n<ul>\n<li><a class=\"pdf\" title=\"NP Semana Blanca 2024-2025. Abre una nueva ventana\" href=\"https:\/\/actualidad.asturias.es\/documents\/533407\/0\/2024_09_15+NP+Semana+Blanca.pdf\/e35a4838-1220-77f0-bf06-5f25bd886312?t=1726251291781\" target=\"_blank\" rel=\"noopener\">NP Semana Blanca 2024-2025 <\/a><\/li>\n<li><a class=\"pdf\" title=\"Programa Semana Blanca (Asturiano). Abre una nueva ventana\" href=\"https:\/\/actualidad.asturias.es\/documents\/533407\/0\/SEMANA+BLANCA+2024-2025+AST.pdf\/d35d9724-966e-d270-ca35-ab855e945a45?t=1726246833367\" target=\"_blank\" rel=\"noopener\"> Programa Semana Blanca (Asturiano) <\/a><\/li>\n<\/ul>\n<\/div>\n","protected":false},"excerpt":{"rendered":"<p>Fonte: ActualidadAsturias.es \/ El plazu pa que s&#8217;inscriban los centros escolares empieza&#8217;l 1 d&#8217;ochobre La conseyer\u00eda ufierta forfaits gratuitos pal alumn\u00e1u de los centros escolares p\u00fablicos, d&#8217;educaci\u00f3n especial y concertaos La Conseyer\u00eda de Cultura, Pol\u00edtica Lling\u00fc\u00edstica y Deporte unvi\u00f3 esta selmana a los centros educativos les indicaciones pa participar na Selmana Blanca de la temporada [&hellip;]<\/p>\n","protected":false},"author":117,"featured_media":0,"comment_status":"open","ping_status":"open","sticky":false,"template":"","format":"standard","meta":{"footnotes":""},"categories":[1],"tags":[],"class_list":["post-31225","post","type-post","status-publish","format-standard","hentry","category-sin-categoria"],"_links":{"self":[{"href":"https:\/\/edublog.educastur.es\/ixuxu\/wp-json\/wp\/v2\/posts\/31225","targetHints":{"allow":["GET"]}}],"collection":[{"href":"https:\/\/edublog.educastur.es\/ixuxu\/wp-json\/wp\/v2\/posts"}],"about":[{"href":"https:\/\/edublog.educastur.es\/ixuxu\/wp-json\/wp\/v2\/types\/post"}],"author":[{"embeddable":true,"href":"https:\/\/edublog.educastur.es\/ixuxu\/wp-json\/wp\/v2\/users\/117"}],"replies":[{"embeddable":true,"href":"https:\/\/edublog.educastur.es\/ixuxu\/wp-json\/wp\/v2\/comments?post=31225"}],"version-history":[{"count":3,"href":"https:\/\/edublog.educastur.es\/ixuxu\/wp-json\/wp\/v2\/posts\/31225\/revisions"}],"predecessor-version":[{"id":31228,"href":"https:\/\/edublog.educastur.es\/ixuxu\/wp-json\/wp\/v2\/posts\/31225\/revisions\/31228"}],"wp:attachment":[{"href":"https:\/\/edublog.educastur.es\/ixuxu\/wp-json\/wp\/v2\/media?parent=31225"}],"wp:term":[{"taxonomy":"category","embeddable":true,"href":"https:\/\/edublog.educastur.es\/ixuxu\/wp-json\/wp\/v2\/categories?post=31225"},{"taxonomy":"post_tag","embeddable":true,"href":"https:\/\/edublog.educastur.es\/ixuxu\/wp-json\/wp\/v2\/tags?post=31225"}],"curies":[{"name":"wp","href":"https:\/\/api.w.org\/{rel}","templated":true}]}}