{"id":3123,"date":"2021-01-11T10:40:03","date_gmt":"2021-01-11T08:40:03","guid":{"rendered":"https:\/\/edublog.educastur.es\/ixuxu\/?p=3123"},"modified":"2021-01-16T02:49:18","modified_gmt":"2021-01-16T00:49:18","slug":"una-editorial-uvieina-pionera-na-fantasia-nasturianu","status":"publish","type":"post","link":"https:\/\/edublog.educastur.es\/ixuxu\/2021\/01\/una-editorial-uvieina-pionera-na-fantasia-nasturianu\/","title":{"rendered":"Una editorial uvieina, pionera na fantas\u00eda n&#8217;asturianu"},"content":{"rendered":"<p style=\"text-align: center\"><a href=\"https:\/\/edicionesradagast.com\/\"><img loading=\"lazy\" decoding=\"async\" class=\"alignnone \" src=\"https:\/\/edicionesradagast.com\/wp-content\/uploads\/2020\/03\/Logo-transparente-600x242.png\" width=\"317\" height=\"128\" \/><\/a><\/p>\n<p><span style=\"font-size: 20px\"><span style=\"color: #008080\"><em><strong>Nicol\u00e1s<\/strong> Bardio<\/em><\/span> inaugura con <span style=\"color: #008080\"><em><strong>\u201cDel llau del Nigromante\u201d<\/strong><\/em><\/span> una saga escura y prepara un xuegu de rol sobro \u201c1984\u201d, d\u00b4Orwell<\/span><\/p>\n<p><em><span style=\"font-size: 20px\"><strong>Radagast<\/strong> \u201cel Pardo\u201d yera unu de los cinco magos nomaos por J. R. R. Tolkien en <strong>\u201cEl Se\u00f1or de los An\u00edos\u201d. <span style=\"color: #800080\"><a style=\"color: #800080\" href=\"https:\/\/edicionesradagast.com\/\">Radagast ye tami\u00e9n el nome d&#8217;una moza editorial, con see n&#8217;Uvi\u00e9u,<\/a><\/span><\/strong> que ta introduciendo a la lliteratura n&#8217;asturianu nun terrenal inexplorado: el de la fantas\u00eda. Nicol\u00e1s Bardio ye&#8217;l impulsor del sellu, nel que public\u00f3 la so novela <strong><a href=\"https:\/\/www.lne.es\/oviedo\/2021\/01\/11\/editorial-ovetense-pionera-fantasia-asturiano-27276681.html?fbclid=IwAR3OkTxHatQIV-fp5IjHtioTpGIzH15NpLteXnjTajdzml0fnMciVMqVZq4\">\u201cDel llau del Nigromante\u201d,<\/a><\/strong> xuna saga de fantas\u00eda escura que toma como referente la mitolox\u00eda asturiana<\/span><\/em>. <a href=\"https:\/\/www.lne.es\/oviedo\/2021\/01\/11\/editorial-ovetense-pionera-fantasia-asturiano-27276681.html?fbclid=IwAR3OkTxHatQIV-fp5IjHtioTpGIzH15NpLteXnjTajdzml0fnMciVMqVZq4\"><span style=\"text-decoration: underline\"><em><strong>FONTE NOTICIA: LNE<\/strong><\/em><\/span><\/a><\/p>\n<p style=\"text-align: center\"><img loading=\"lazy\" decoding=\"async\" class=\"alignnone size-full\" src=\"https:\/\/estaticos-cdn.prensaiberica.es\/clip\/b103b134-5dc7-4279-9402-0d5798433f3a_16-9-aspect-ratio_default_1015432.jpg\" width=\"880\" height=\"495\" \/><br \/>\n<em>Ainhoa Corral Luna.<\/em>Radagast Ed.<\/p>\n<p><!--more--><\/p>\n<p><em><span style=\"font-size: 20px\">Bardio y\u00e1 sabe lo que ye percorrer dos tales hasta agora ignoraes pa la llingua. En 2019 f\u00edzose col premiu <strong>\u201cAsturies Nuevu\u201d<\/strong>, na so modalid\u00e1 de narrativa, con <strong>\u201cLa Colomina 36\u201d<\/strong>, xuna ucron\u00eda na que, tres el trunfu de la Revoluci\u00f3n d&#8217;Ochobre del 34, Asturies convertiose n&#8217;una de les rep\u00fabliques de la Uni\u00f3n Sovi\u00e9tica. Aquella obra yera la punta de llanza de too un universu transmedia qu&#8217;incluy\u00eda tami\u00e9n un xuegu de rol, tami\u00e9n el primeru la llingua asturiana, titul\u00e1u <strong>\u201cDepu\u00e9s d\u2019Ochobre\u201d,<\/strong> llanz\u00e1u tami\u00e9n por <strong>Radagast Ediciones.<\/strong><\/span><\/em><\/p>\n<p><em><span style=\"font-size: 20px\">La editorial uvieina def\u00ednese como un sellu especializ\u00e1u en ficci\u00f3n especulativa, cultivando los x\u00e9neros de la fantas\u00eda, la ciencia ficci\u00f3n y el terror, nes sos distintes variantes. Am\u00e1s de les obres lliteraries, y como fixo nel casu de \u201cDepu\u00e9s d\u2019Ochobre\u201d, el sellu uvie\u00edn pretende siguir trabayando nel \u00e1mbitu de los xuegos de rol, na so aguada cl\u00e1sica (de los de l\u00e1piz y papel). Pa \u00e9l, el fechu de trabayar nestos x\u00e9neros, ya inclusive el faelo en llingua asturiana, nun supon un handicap pa llograr bones vientes. La so propia esperiencia responde por: <strong>\u201cLa Colomina 36\u201d<\/strong> escos\u00f3 la so primer edici\u00f3n n&#8217;apenes un mes, y <strong>\u201cDepu\u00e9s d\u2019Ochobre\u201d<\/strong>, que tami\u00e9n cunta con una versi\u00f3n n&#8217;espa\u00f1ol, foi tami\u00e9n tou un \u00e9situ ente los amantes del rol.<\/span><\/em><\/p>\n<p><em><span style=\"font-size: 20px\"><strong>\u201cDel llau del Nigromante\u201d<\/strong>, esplica Bardio, ye un proyectu que lleva muncho tiempu na so cabeza. <span style=\"color: #008080\">\u201cLa mitolox\u00eda asturiana tien muncha fuerza, y nun tien sent\u00edu escribir fantas\u00eda anglosaxona, a base d\u00b4orcos y elfos, con un material tan importante. Anque pa la novela tuvi que faer dellos cambeos, p&#8217;afaela a la hestoria\u201d,<\/span> avanza. El protagonista de la novela ye \u00c9gor Balzarec, \u201cun magu nuberu que tien el poder de llanzar rayos y apoderar les nubes\u201d.<\/span><\/em><\/p>\n<p><em><span style=\"font-size: 20px\">Na so epopeya, Balzarec va atopar colos g\u00fcercos, la g\u00fcestia, los homones o los pataricos. Sicas\u00ed, l&#8217;autor aportuna en que <span style=\"color: #008080\">\u201cnun ye xuna novela de mitolox\u00eda, sin\u00f3n de fantas\u00eda\u201d<\/span>, y de fechu enmarca la hestoria dientro de la conocida como fantas\u00eda escura, \u201cm\u00e1s cruda y con elementos bastante gore\u201d. Cara al futuru, la idea de Bardio ye faer \u201csiquier otros dos o tr\u00e9s llibros, a lo menos\u201d sobre \u00c9gor Balzarec, anque considera qu&#8217;esti nuevu mundu da pa m\u00e1s.<\/span><\/em><\/p>\n","protected":false},"excerpt":{"rendered":"<p>Nicol\u00e1s Bardio inaugura con \u201cDel llau del Nigromante\u201d una saga escura y prepara un xuegu de rol sobro \u201c1984\u201d, d\u00b4Orwell Radagast \u201cel Pardo\u201d yera unu de los cinco magos nomaos por J. R. R. Tolkien en \u201cEl Se\u00f1or de los An\u00edos\u201d. Radagast ye tami\u00e9n el nome d&#8217;una moza editorial, con see n&#8217;Uvi\u00e9u, que ta introduciendo [&hellip;]<\/p>\n","protected":false},"author":117,"featured_media":0,"comment_status":"open","ping_status":"open","sticky":false,"template":"","format":"standard","meta":{"footnotes":""},"categories":[12,9,13,1],"tags":[],"class_list":["post-3123","post","type-post","status-publish","format-standard","hentry","category-editoriales","category-libros-adultos","category-novedaes","category-sin-categoria"],"_links":{"self":[{"href":"https:\/\/edublog.educastur.es\/ixuxu\/wp-json\/wp\/v2\/posts\/3123","targetHints":{"allow":["GET"]}}],"collection":[{"href":"https:\/\/edublog.educastur.es\/ixuxu\/wp-json\/wp\/v2\/posts"}],"about":[{"href":"https:\/\/edublog.educastur.es\/ixuxu\/wp-json\/wp\/v2\/types\/post"}],"author":[{"embeddable":true,"href":"https:\/\/edublog.educastur.es\/ixuxu\/wp-json\/wp\/v2\/users\/117"}],"replies":[{"embeddable":true,"href":"https:\/\/edublog.educastur.es\/ixuxu\/wp-json\/wp\/v2\/comments?post=3123"}],"version-history":[{"count":6,"href":"https:\/\/edublog.educastur.es\/ixuxu\/wp-json\/wp\/v2\/posts\/3123\/revisions"}],"predecessor-version":[{"id":3125,"href":"https:\/\/edublog.educastur.es\/ixuxu\/wp-json\/wp\/v2\/posts\/3123\/revisions\/3125"}],"wp:attachment":[{"href":"https:\/\/edublog.educastur.es\/ixuxu\/wp-json\/wp\/v2\/media?parent=3123"}],"wp:term":[{"taxonomy":"category","embeddable":true,"href":"https:\/\/edublog.educastur.es\/ixuxu\/wp-json\/wp\/v2\/categories?post=3123"},{"taxonomy":"post_tag","embeddable":true,"href":"https:\/\/edublog.educastur.es\/ixuxu\/wp-json\/wp\/v2\/tags?post=3123"}],"curies":[{"name":"wp","href":"https:\/\/api.w.org\/{rel}","templated":true}]}}