{"id":31250,"date":"2024-09-17T20:15:23","date_gmt":"2024-09-17T18:15:23","guid":{"rendered":"https:\/\/edublog.educastur.es\/ixuxu\/?p=31250"},"modified":"2024-09-17T23:32:15","modified_gmt":"2024-09-17T21:32:15","slug":"finalistes-del-xvi-premiu-camareta-al-meyor-cantar","status":"publish","type":"post","link":"https:\/\/edublog.educastur.es\/ixuxu\/2024\/09\/finalistes-del-xvi-premiu-camareta-al-meyor-cantar\/","title":{"rendered":"Finalistes del XVI Premiu Camaret\u00e1 al Meyor Cantar"},"content":{"rendered":"<ul>\n<li><a href=\"https:\/\/politicallinguistica.asturias.es\/-\/la-bonturn-c3-a9-h-c3-a9ctor-braga-susana-gud-c3-adn-y-ferla-meg-c3-ada-finalistes-del-xvi-premiu-camaret-c3-a1-al-meyor-cantar?redirect=%2F\">Pol\u00edtica Lling\u00fc\u00edstica del Princip\u00e1u<\/a> \/<\/li>\n<\/ul>\n<div id=\"main-content\" class=\"columns-1\" role=\"main\">\n<div class=\"portlet-layout row\">\n<div id=\"column-1\" class=\"col-md-12 portlet-column portlet-column-only\">\n<div id=\"layout-column_column-1\" class=\"portlet-dropzone portlet-column-content portlet-column-content-only\">\n<div id=\"p_p_id_com_liferay_asset_publisher_web_portlet_AssetPublisherPortlet_INSTANCE_t8rO0AwOrjNY_\" class=\"portlet-boundary portlet-boundary_com_liferay_asset_publisher_web_portlet_AssetPublisherPortlet_ portlet-static portlet-static-end portlet-barebone portlet-asset-publisher \">\n<section id=\"portlet_com_liferay_asset_publisher_web_portlet_AssetPublisherPortlet_INSTANCE_t8rO0AwOrjNY\" class=\"portlet la-section\">\n<div class=\"portlet-content\">\n<div class=\" portlet-content-container\">\n<div class=\"portlet-body\">\n<div class=\"asset-full-content clearfix mb-5 default-asset-publisher no-title \" data-fragments-editor-item-id=\"20132-408806\" data-fragments-editor-item-type=\"fragments-editor-mapped-item\">\n<div class=\"asset-content mb-3\">\n<div class=\"journal-content-article \" data-analytics-asset-id=\"408804\" data-analytics-asset-title=\"La Bonturn\u00e9, H\u00e9ctor Braga, Susana Gud\u00edn y Ferla Meg\u00eda, finalistes del XVI Premiu Camaret\u00e1 al Meyor Cantar\" data-analytics-asset-type=\"web-content\">\n<div class=\"noticia-detalle row\">\n<div class=\"col-md-12\">\n<div class=\"la-content\">\n<p>El <i>Premiu Camaret\u00e1 al Meyor Cantar<\/i>, promov\u00edu pola Conseyer\u00eda de Cultura, Pol\u00edtica Lling\u00fc\u00edstica y Deporte, y\u00e1 tien finalistes pa la so edici\u00f3n 2024: <span style=\"color: #008080\"><strong>La Bonturn\u00e9, H\u00e9ctor Braga, Susana Gud\u00edn y Ferla Meg\u00eda<\/strong><\/span>, toos ellos con trabayos difund\u00edos nos meses previos a la convocatoria.<\/p>\n<p style=\"text-align: center\"><a href=\"https:\/\/politicallinguistica.asturias.es\/documents\/35940\/77790\/Recurso+8%404x.png\/8295175b-7998-be4a-0b93-b54ad5c6ef85?t=1617619805357\"><img loading=\"lazy\" decoding=\"async\" class=\"aligncenter \" src=\"https:\/\/politicallinguistica.asturias.es\/documents\/35940\/77790\/Recurso+8%404x.png\/8295175b-7998-be4a-0b93-b54ad5c6ef85?t=1617619805357\" width=\"466\" height=\"206\" \/><\/a><\/p>\n<p><strong>El vienres 8 de payares Xix\u00f3n va volver acoyer la final del\u00a0<i>Premiu Camaret\u00e1 al Meyor Cantar<\/i>\u00a0nel Teatru de la Llaboral, un gallard\u00f3n que cumple la decimosesta edici\u00f3n.<\/strong><\/p>\n<p><!--more--><\/p>\n<p>Tres d\u2019una primer deliberaci\u00f3n, el xur\u00e1u, axunt\u00e1u\u2019l llunes 17 de xunu nes dependencies de la Direcci\u00f3n Xeneral d\u2019Acci\u00f3n Cultural y Normalizaci\u00f3n Lling\u00fc\u00edstica, fixo la selecci\u00f3n de los cuatro candidatos pa la final. El director xeneral Ant\u00f3n Garc\u00eda presidi\u00f3 un xur\u00e1u compuestu pola cantante Alicia \u00c1lvarez, el periodista Xicu Ariza, la t\u00e9cnica de normalizaci\u00f3n lling\u00fc\u00edstica Pen\u00e9lope Miranda, la fil\u00f3loga y gaitera Andrea Joglar y la profesora Emma Posada.<\/p>\n<p>El\u00a0<i>Premiu Camaret\u00e1 al Meyor Cantar<\/i>, dot\u00e1u con 6.000 euros, ta convoc\u00e1u pol Gobiernu del Princip\u00e1u d\u2019Asturies cola mira d\u2019afianzar, prestixar y arriquecer la creaci\u00f3n musical tanto n\u2019asturianu como n\u2019eonaviegu. <strong>Al premiu en met\u00e1lico ami\u00e9stase la integraci\u00f3n del artista ganador nel circuitu\u00a0<i>Autores nel Cam\u00edn<\/i>, col que se faen actuaciones pelos conceyos d\u2019Asturies.<\/strong><\/p>\n<p><strong>El vienres 8 de payares Xix\u00f3n va volver acoyer la final del\u00a0<i>Premiu Camaret\u00e1 al Meyor Cantar<\/i>\u00a0nel Teatru de la Llaboral, un gallard\u00f3n que cumple la decimosesta edici\u00f3n.<\/strong> Nesa gala, el mesmu xur\u00e1u va decidir cu\u00e1l va ser el cantar premi\u00e1u y tami\u00e9n va ufiertar una actuaci\u00f3n l\u2019artista ganadora de la edici\u00f3n anterior d\u2019esti premiu, Vero Rubio, col tema\u00a0<i>Dixo miou padre<\/i>. Am\u00e1s d\u2019interpretar esta canci\u00f3n,<i>\u00a0<\/i>Vero Rubio va presentar los temes nos que lleva trabayando nel \u00faltimu a\u00f1u.<\/p>\n<p><strong><span style=\"color: #008080\">Los cuatro temes finalistes d\u2019esta edici\u00f3n son:<\/span><\/strong><\/p>\n<p><span style=\"color: #008080\"><b>La Bonturn\u00e9<\/b>, con\u00a0Odisea la nui.<\/span> Con componentes veteranos na escena musical asturiana desde va cuatro d\u00e9cades, esti cuartetu de maestros ufierten un repertoriu baillable nuna llinia bal-folk tradicional.<\/p>\n<p style=\"text-align: center\">\n<!-- iframe plugin v.6.0 wordpress.org\/plugins\/iframe\/ -->\n<iframe loading=\"lazy\" width=\"100%\" height=\"395\" src=\"https:\/\/www.youtube.com\/embed\/-0N35vgJO5Q\" title=\"Odisea la nu\u00ed\" frameborder=\"0\" allow=\"accelerometer; autoplay; clipboard-write; encrypted-media; gyroscope; picture-in-picture; web-share\" referrerpolicy=\"strict-origin-when-cross-origin\" 0=\"allowfullscreen\" 1=\"\/iframe\" scrolling=\"yes\" class=\"iframe-class\"><\/iframe>\n<\/p>\n<p><span style=\"color: #008080\"><b>H\u00e9ctor Braga<\/b>, con\u00a0<i>Llobatu<\/i>.<\/span> Artista y productor multidisciplinar dedic\u00e1u a les m\u00fasiques cl\u00e1siques y al folk, con siete discos publicaos hasta la fecha, ye \u00fan de los referentes m\u00e1s afianzaos na m\u00fasica del pa\u00eds con dellos premios y reconocimientos.<\/p>\n<p style=\"text-align: center\">\n<!-- iframe plugin v.6.0 wordpress.org\/plugins\/iframe\/ -->\n<iframe loading=\"lazy\" width=\"100%\" height=\"395\" src=\"https:\/\/www.youtube.com\/embed\/daFsf2sy928\" title=\"H\u00e9ctor Braga - Llobatu (ft. Hevia)\" frameborder=\"0\" allow=\"accelerometer; autoplay; clipboard-write; encrypted-media; gyroscope; picture-in-picture; web-share\" referrerpolicy=\"strict-origin-when-cross-origin\" 0=\"allowfullscreen\" 1=\"\/iframe\" scrolling=\"yes\" class=\"iframe-class\"><\/iframe>\n<\/p>\n<p>&nbsp;<\/p>\n<p><span style=\"color: #008080\"><b>Susana Gud\u00edn<\/b>, con\u00a0<i>Contigo.\u00a0<\/i><\/span>Sopranu ll\u00edrica y artista multidisciplinar, vien participando en formaciones corales y orfeones dende 1991, am\u00e1s de ser solista con grupos de m\u00fasica de toles menes y cola Orquesta Filarm\u00f3nica d\u2019Asturies.<\/p>\n<p style=\"text-align: center\">\n<!-- iframe plugin v.6.0 wordpress.org\/plugins\/iframe\/ -->\n<iframe loading=\"lazy\" width=\"100%\" height=\"395\" src=\"https:\/\/www.youtube.com\/embed\/svngVsbE8Q8\" title=\"\u201cContigo\u201d de Srta. Mortem\" frameborder=\"0\" allow=\"accelerometer; autoplay; clipboard-write; encrypted-media; gyroscope; picture-in-picture; web-share\" referrerpolicy=\"strict-origin-when-cross-origin\" 0=\"allowfullscreen\" 1=\"\/iframe\" scrolling=\"yes\" class=\"iframe-class\"><\/iframe>\n<\/p>\n<p><span style=\"color: #008080\"><b>Ferla Meg\u00eda<\/b>, con\u00a0<i>Medrana a medrar<\/i>.<\/span> Multi-instrumentista, compositor y dise\u00f1ador, graba y produz la so m\u00fasica dende\u2019l so estudiu en Feleches (Siero). Dende\u2019l so pueblu crea m\u00fasica tradicional, m\u00fasica urbana, electr\u00f3nica, ritmos sinuosos, con una varied\u00e1 escomanada de samples y inspiraciones.<\/p>\n<\/div>\n<\/div>\n<\/div>\n<\/div>\n<\/div>\n<\/div>\n<\/div>\n<\/div>\n<\/div>\n<\/section>\n<\/div>\n<\/div>\n<\/div>\n<\/div>\n<\/div>\n<p style=\"text-align: center\">\n<!-- iframe plugin v.6.0 wordpress.org\/plugins\/iframe\/ -->\n<iframe loading=\"lazy\" width=\"100%\" height=\"395\" src=\"https:\/\/www.youtube.com\/embed\/EZ8B4FEDqW0\" title=\"Ferla Meg\u00eda - Medrana a Medrar (Videoclip)\" frameborder=\"0\" allow=\"accelerometer; autoplay; clipboard-write; encrypted-media; gyroscope; picture-in-picture; web-share\" referrerpolicy=\"strict-origin-when-cross-origin\" 0=\"allowfullscreen\" 1=\"\/iframe\" scrolling=\"yes\" class=\"iframe-class\"><\/iframe>\n<\/p>\n","protected":false},"excerpt":{"rendered":"<p>Pol\u00edtica Lling\u00fc\u00edstica del Princip\u00e1u \/ El Premiu Camaret\u00e1 al Meyor Cantar, promov\u00edu pola Conseyer\u00eda de Cultura, Pol\u00edtica Lling\u00fc\u00edstica y Deporte, y\u00e1 tien finalistes pa la so edici\u00f3n 2024: La Bonturn\u00e9, H\u00e9ctor Braga, Susana Gud\u00edn y Ferla Meg\u00eda, toos ellos con trabayos difund\u00edos nos meses previos a la convocatoria. El vienres 8 de payares Xix\u00f3n va [&hellip;]<\/p>\n","protected":false},"author":117,"featured_media":0,"comment_status":"open","ping_status":"open","sticky":false,"template":"","format":"standard","meta":{"footnotes":""},"categories":[35,66,58],"tags":[],"class_list":["post-31250","post","type-post","status-publish","format-standard","hentry","category-musica","category-politica-llinguistica","category-premios"],"_links":{"self":[{"href":"https:\/\/edublog.educastur.es\/ixuxu\/wp-json\/wp\/v2\/posts\/31250","targetHints":{"allow":["GET"]}}],"collection":[{"href":"https:\/\/edublog.educastur.es\/ixuxu\/wp-json\/wp\/v2\/posts"}],"about":[{"href":"https:\/\/edublog.educastur.es\/ixuxu\/wp-json\/wp\/v2\/types\/post"}],"author":[{"embeddable":true,"href":"https:\/\/edublog.educastur.es\/ixuxu\/wp-json\/wp\/v2\/users\/117"}],"replies":[{"embeddable":true,"href":"https:\/\/edublog.educastur.es\/ixuxu\/wp-json\/wp\/v2\/comments?post=31250"}],"version-history":[{"count":11,"href":"https:\/\/edublog.educastur.es\/ixuxu\/wp-json\/wp\/v2\/posts\/31250\/revisions"}],"predecessor-version":[{"id":31261,"href":"https:\/\/edublog.educastur.es\/ixuxu\/wp-json\/wp\/v2\/posts\/31250\/revisions\/31261"}],"wp:attachment":[{"href":"https:\/\/edublog.educastur.es\/ixuxu\/wp-json\/wp\/v2\/media?parent=31250"}],"wp:term":[{"taxonomy":"category","embeddable":true,"href":"https:\/\/edublog.educastur.es\/ixuxu\/wp-json\/wp\/v2\/categories?post=31250"},{"taxonomy":"post_tag","embeddable":true,"href":"https:\/\/edublog.educastur.es\/ixuxu\/wp-json\/wp\/v2\/tags?post=31250"}],"curies":[{"name":"wp","href":"https:\/\/api.w.org\/{rel}","templated":true}]}}