{"id":31335,"date":"2024-09-20T10:34:36","date_gmt":"2024-09-20T08:34:36","guid":{"rendered":"https:\/\/edublog.educastur.es\/ixuxu\/?p=31335"},"modified":"2024-09-20T10:44:12","modified_gmt":"2024-09-20T08:44:12","slug":"el-regresu-de-los-indianos-mas-alla-de-los-mares","status":"publish","type":"post","link":"https:\/\/edublog.educastur.es\/ixuxu\/2024\/09\/el-regresu-de-los-indianos-mas-alla-de-los-mares\/","title":{"rendered":"El regresu de los indianos m\u00e1s all\u00e1 de los mares"},"content":{"rendered":"<p>El desfile del <span style=\"color: #008080\"><strong>D\u00eda d&#8217;Am\u00e9rica n&#8217;Asturies<\/strong><\/span> rexunta a 85.000 persones: <em>\u00abFoi un d\u00eda de paz, concordia y cultura\u00bb<\/em>, afirma&#8217;l presidente de la Socied\u00e1 Uvieina de Festexos.<em>\u00a0\u00abTraemos a los ne\u00f1os para amosa-yos otres cultures\u00bb<\/em><\/p>\n<ul>\n<li>Fonte: <a href=\"https:\/\/www.elcomercio.es\/oviedo\/san-mateo\/llega-dia-america-asturias-once-carrozas-2000-20240919231548-nt.html\">El Comercio<\/a> \/<a href=\"https:\/\/www.elcomercio.es\/oviedo\/san-mateo\/dia-america-asturias-imagenes-20240919173533-ga.html\"> galer\u00eda<\/a> \/<a href=\"https:\/\/www.msn.com\/es-es\/entretenimiento\/other\/oviedo-se-vuelca-con-el-desfile-del-d%C3%ADa-de-am%C3%A9rica-en-asturias-m%C3%A1s-grande-de-la-historia-es-incre%C3%ADble-ver-la-respuesta-de-la-gente\/ar-AA1qR8no?ocid=BingNewsSerp\"> LNE<\/a> \/ <a href=\"https:\/\/www.lavozdeasturias.es\/noticia\/oviedo\/voz-oviedo\/2024\/09\/19\/detalles-dia-america-asturias-horario-recorrido-grandes-protagonistas\/00031726730874466215610.htm\">La Voz<\/a> \/ <strong><a href=\"https:\/\/www.lne.es\/estaticos\/graficos\/img\/1726741239-asi-sera-el-desfile-del-dia-de-america_1.jpg\">Recorr\u00edu<\/a> <\/strong>\/<\/li>\n<\/ul>\n<p style=\"text-align: center\"><a href=\"https:\/\/s2.ppllstatics.com\/elcomercio\/www\/multimedia\/2024\/09\/19\/dia-america-oviedo%20(15).jpg\"><img loading=\"lazy\" decoding=\"async\" class=\"aligncenter size-full\" src=\"https:\/\/s2.ppllstatics.com\/elcomercio\/www\/multimedia\/2024\/09\/19\/dia-america-oviedo%20(15).jpg\" width=\"1374\" height=\"916\" \/><\/a><\/p>\n<p>Como cada 19 de setiembre, <strong>Uvi\u00e9u vuelve homenaxar a la inmigraci\u00f3n<\/strong>. Dientro de les actividaes de les fiestes de San Mateo, la capital asturiana vuelve acoyer esti xueves el desfile del<strong> D\u00eda d&#8217;Am\u00e9rica, declar\u00e1u d&#8217;Inter\u00e9s Tur\u00edsticu Nacional.<\/strong> La Socied\u00e1 Uvieina de Festexos ye la encargada, un a\u00f1u m\u00e1s, d&#8217;entamar esta activid\u00e1 que la so hestoria rem\u00f3ntase a los a\u00f1os 50 del sieglu pas\u00e1u. Nesta <strong>72.\u00aa edici\u00f3n d<\/strong>el eventu, miles de persones van\u00a0 rexuntase nes cais d&#8217;Uvi\u00e9u para esfrutar de los xarr\u00e9s\/carroces\u00bb.<\/p>\n<p><!--more--><\/p>\n<p style=\"text-align: center\"><a href=\"https:\/\/s1.ppllstatics.com\/elcomercio\/www\/multimedia\/2024\/09\/19\/dia-america-oviedo%20(11).jpg\"><img loading=\"lazy\" decoding=\"async\" class=\"aligncenter size-full\" src=\"https:\/\/s1.ppllstatics.com\/elcomercio\/www\/multimedia\/2024\/09\/19\/dia-america-oviedo%20(11).jpg\" width=\"1374\" height=\"916\" \/><\/a><\/p>\n<p style=\"text-align: center\"><a href=\"https:\/\/www.lne.es\/estaticos\/graficos\/img\/1726741239-asi-sera-el-desfile-del-dia-de-america_1.jpg\"><img loading=\"lazy\" decoding=\"async\" class=\"aligncenter size-full\" src=\"https:\/\/www.lne.es\/estaticos\/graficos\/img\/1726741239-asi-sera-el-desfile-del-dia-de-america_1.jpg\" width=\"1180\" height=\"3072\" \/><\/a><\/p>\n<p>Nos a\u00f1os 40, empez\u00f3 a resonar per primer vegada la idea del desfile del D\u00eda d&#8217;Am\u00e9rica n&#8217;Asturies. <strong>L&#8217;oxetivu principal yera homenaxar a la gran cantid\u00e1 d&#8217;asturianos qu&#8217;emigraben a Am\u00e9rica y que mientres la d\u00f3mina estival o braniza volv\u00eden cruciar el charcu de regresu al Princip\u00e1u con luxosos \u00abhaigas\u00bb, unos coches grandes y luxosos que llamaben especialmente l&#8217;atenci\u00f3n nun Uvi\u00e9u ent\u00e1 pocu motoriz\u00e1u.<\/strong> El pintor uvie\u00edn Alfonso Iglesias, autor de los personaxes Alfonso, Telva y Pin\u00edn, protagonistes d&#8217;una de les tires risibles que se publiquen na prensa local, foi l&#8217;encarg\u00e1u de realizar el primer gui\u00f3n del eventu.<\/p>\n<p style=\"text-align: center\"><a href=\"https:\/\/s2.ppllstatics.com\/elcomercio\/www\/multimedia\/2024\/09\/19\/dia-america-oviedo%20(24).jpg\"><img loading=\"lazy\" decoding=\"async\" class=\"aligncenter size-full\" src=\"https:\/\/s2.ppllstatics.com\/elcomercio\/www\/multimedia\/2024\/09\/19\/dia-america-oviedo%20(24).jpg\" width=\"1374\" height=\"916\" \/><\/a><\/p>\n<p>&nbsp;<\/p>\n<p style=\"text-align: center\"><a href=\"https:\/\/s1.ppllstatics.com\/elcomercio\/www\/multimedia\/2024\/09\/19\/oviedo-dia-america%20(6).jpg\"><img loading=\"lazy\" decoding=\"async\" class=\"aligncenter size-full\" src=\"https:\/\/s1.ppllstatics.com\/elcomercio\/www\/multimedia\/2024\/09\/19\/oviedo-dia-america%20(6).jpg\" width=\"1374\" height=\"916\" \/><\/a><\/p>\n<p>Tres m\u00e1s de tr\u00e9s d\u00e9cades ensin representaci\u00f3n, <strong>Puertu Ricu va ser el pa\u00eds homenax\u00e1u nesta nueva edici\u00f3n del D\u00eda d&#8217;Am\u00e9rica.<\/strong> Va Participar con unu xarr\u00e9 propiu dende la que Pipo Priendes dedicar\u00e1lu una cantar compuestu pol so pu\u00f1u y lletra. Pero&#8217;l protagonismu va ser compart\u00edu. Otru de los grandes se\u00f1alaos nesti d\u00eda va ser l&#8217;<strong>\u00c1stur CF a quien se-y va rindir tributu pola celebraci\u00f3n del so centenariu.<\/strong> Am\u00e1s, una obra d&#8217;arte rodante va homenaxar a los <strong>centros asturianos d&#8217;Hispanoam\u00e9rica.<\/strong><\/p>\n<p style=\"text-align: center\"><a href=\"https:\/\/s2.ppllstatics.com\/elcomercio\/www\/multimedia\/2024\/09\/19\/oviedo-dia-america%20(10).jpg\"><img loading=\"lazy\" decoding=\"async\" class=\"aligncenter size-full\" src=\"https:\/\/s2.ppllstatics.com\/elcomercio\/www\/multimedia\/2024\/09\/19\/oviedo-dia-america%20(10).jpg\" width=\"1374\" height=\"916\" \/><\/a><\/p>\n<p style=\"text-align: center\"><a href=\"https:\/\/s1.ppllstatics.com\/elcomercio\/www\/multimedia\/2024\/09\/19\/oviedo-dia-america%20(2).jpg\"><img loading=\"lazy\" decoding=\"async\" class=\"aligncenter size-full\" src=\"https:\/\/s1.ppllstatics.com\/elcomercio\/www\/multimedia\/2024\/09\/19\/oviedo-dia-america%20(2).jpg\" width=\"1374\" height=\"916\" \/><\/a><\/p>\n<p><strong>Los m\u00e1s de 2.000 figurantes del desfile,<\/strong> qu&#8217;angua\u00f1o tuvo dedic\u00e1u a Puertu Ricu y dio especial protagonismu a munchos conceyos asturianos, desfil\u00f3 pol habitual percorr\u00edu por *Ur\u00eda, la redolada del Campu San Francisco, l&#8217;avenida de Galicia, la plaza d&#8217;Am\u00e9rica y la cai Asturies. La <strong>Socied\u00e1 Uvieina de Festexos (SOF)<\/strong>, organizadora del eventu, <strong>espera superar los 70.000 asistentes de 2023.<\/strong><\/p>\n","protected":false},"excerpt":{"rendered":"<p>El desfile del D\u00eda d&#8217;Am\u00e9rica n&#8217;Asturies rexunta a 85.000 persones: \u00abFoi un d\u00eda de paz, concordia y cultura\u00bb, afirma&#8217;l presidente de la Socied\u00e1 Uvieina de Festexos.\u00a0\u00abTraemos a los ne\u00f1os para amosa-yos otres cultures\u00bb Fonte: El Comercio \/ galer\u00eda \/ LNE \/ La Voz \/ Recorr\u00edu \/ Como cada 19 de setiembre, Uvi\u00e9u vuelve homenaxar a [&hellip;]<\/p>\n","protected":false},"author":117,"featured_media":0,"comment_status":"open","ping_status":"open","sticky":false,"template":"","format":"standard","meta":{"footnotes":""},"categories":[1],"tags":[],"class_list":["post-31335","post","type-post","status-publish","format-standard","hentry","category-sin-categoria"],"_links":{"self":[{"href":"https:\/\/edublog.educastur.es\/ixuxu\/wp-json\/wp\/v2\/posts\/31335","targetHints":{"allow":["GET"]}}],"collection":[{"href":"https:\/\/edublog.educastur.es\/ixuxu\/wp-json\/wp\/v2\/posts"}],"about":[{"href":"https:\/\/edublog.educastur.es\/ixuxu\/wp-json\/wp\/v2\/types\/post"}],"author":[{"embeddable":true,"href":"https:\/\/edublog.educastur.es\/ixuxu\/wp-json\/wp\/v2\/users\/117"}],"replies":[{"embeddable":true,"href":"https:\/\/edublog.educastur.es\/ixuxu\/wp-json\/wp\/v2\/comments?post=31335"}],"version-history":[{"count":7,"href":"https:\/\/edublog.educastur.es\/ixuxu\/wp-json\/wp\/v2\/posts\/31335\/revisions"}],"predecessor-version":[{"id":31342,"href":"https:\/\/edublog.educastur.es\/ixuxu\/wp-json\/wp\/v2\/posts\/31335\/revisions\/31342"}],"wp:attachment":[{"href":"https:\/\/edublog.educastur.es\/ixuxu\/wp-json\/wp\/v2\/media?parent=31335"}],"wp:term":[{"taxonomy":"category","embeddable":true,"href":"https:\/\/edublog.educastur.es\/ixuxu\/wp-json\/wp\/v2\/categories?post=31335"},{"taxonomy":"post_tag","embeddable":true,"href":"https:\/\/edublog.educastur.es\/ixuxu\/wp-json\/wp\/v2\/tags?post=31335"}],"curies":[{"name":"wp","href":"https:\/\/api.w.org\/{rel}","templated":true}]}}