{"id":31353,"date":"2024-09-20T11:01:15","date_gmt":"2024-09-20T09:01:15","guid":{"rendered":"https:\/\/edublog.educastur.es\/ixuxu\/?p=31353"},"modified":"2024-09-20T11:35:00","modified_gmt":"2024-09-20T09:35:00","slug":"poesia-asturiana-fecha-nasturies","status":"publish","type":"post","link":"https:\/\/edublog.educastur.es\/ixuxu\/2024\/09\/poesia-asturiana-fecha-nasturies\/","title":{"rendered":"Miguel Rojo ap\u00farrenos una novela llena d&#8217;humor y traxedia, d&#8217;aventures (castell\u00e1n)"},"content":{"rendered":"<p style=\"text-align: center\"><em><span style=\"font-size: 20px\"><a href=\"https:\/\/www.bajamareditores.com\/\">https:\/\/www.bajamareditores.com\/<\/a><\/span><\/em><\/p>\n<p style=\"text-align: center\">\n<!-- iframe plugin v.6.0 wordpress.org\/plugins\/iframe\/ -->\n<iframe loading=\"lazy\" src=\"https:\/\/www.facebook.com\/plugins\/post.php?href=https%3A%2F%2Fwww.facebook.com%2Fisa.lobo.35%2Fposts%2Fpfbid029w5qRhMgaW8PK3gfoQu1sDQ57VLoKg4usDT8s6UVgNd3KjdjAYAxXQD61bH4e9jfl&#038;show_text=true&#038;width=500\" width=\"500\" height=\"646\" style=\"border:none;overflow:hidden\" scrolling=\"no\" frameborder=\"0\" allowfullscreen=\"true\" allow=\"autoplay; clipboard-write; encrypted-media; picture-in-picture; web-share\" 0=\"\/iframe\" class=\"iframe-class\"><\/iframe>\n<\/p>\n<ul>\n<li><a href=\"https:\/\/www.pintar-pintar.com\/p11355558-la-colina-del-minotauro.html?srsltid=AfmBOor8QEoLB1m3Nu7_79ClsnKcfse5hyjs6KQZQ04sqRjCbGGsZdX_&amp;fbclid=IwY2xjawFaH8dleHRuA2FlbQIxMAABHfVko32mAWO2LCAdbLtumsSsuJsY77MtdDJSD3vcIfOf9QZqrVAwmTTJlA_aem__8wQ5rbdY33hkJSnrqJcJg\">Ficha editorial<\/a> \/ <span style=\"font-size: 20px;color: #008080\"><strong><em style=\"text-align: center\">La colina del Minotauro<\/em><\/strong><\/span><\/li>\n<li>17,00 \u20ac \/ <span class=\"product-brand text-no-wrap\">\u00a0<a href=\"https:\/\/www.pintar-pintar.com\/br27587-pintar-pintar.html\">Pintar-Pintar\u00a0<\/a><\/span>\u00a0\u2022\u00a0\u00a0<span class=\"product-code text-no-wrap\"><span class=\"strong\">EAN<\/span>:\u00a0<span class=\"product-code-value\">978-84-127847-7-0<\/span><\/span><\/li>\n<\/ul>\n<p style=\"text-align: center\"><a href=\"https:\/\/cdn.palbincdn.com\/users\/11282\/images\/portada-web-1718019461.jpg\"><img loading=\"lazy\" decoding=\"async\" class=\"aligncenter \" src=\"https:\/\/cdn.palbincdn.com\/users\/11282\/images\/portada-web-1718019461.jpg\" width=\"370\" height=\"370\" \/><\/a><\/p>\n<p><!--more--><\/p>\n<p><em>I\u00f1aki, un mozu de 12 a\u00f1os, mora en Bilbao cola so familia na d\u00f3mina de chombu del grupu terrorista ETA. El so padre, un afam\u00e1u arque\u00f3logu vascu, acaba siendo v\u00edctima d&#8217;un atent\u00e1u. Milagrosamente, \u00e9l y la so familia salen ilesos pero tienen que fuxir y esiliarse en Creta, una isla griega. Ell\u00ed I\u00f1aki conoz a Tasos, un pibe arxent\u00edn col que r\u00e1pido entabla amist\u00e1. La so madre ye la xefa de les escavaciones arqueol\u00f3xiques asitiaes n&#8217;una llomba pr\u00f3xima a les sos cases. Un nueche, I\u00f1aki y Tasos afayen unes solombres abeyando per nes escavaciones. Y anque la esistencia del Minotauru (aquel ser met\u00e1 humanu y meta toro de la mitolox\u00eda griega) ent\u00e1 ta bien presente nes hestories que se cunten en voz baxa por tola isla, <strong>a los mozos nun los falta valor para investigar qu\u00e9 asocede y qui\u00e9n son aquellos misteriosos seres que sumen como tragaos pela tierra a lo cimero de la llomba, empezando asina la mayor y m\u00e1s peligrosa aventura de les sos vides.<\/strong><span style=\"color: #008080\"> Miguel Rojo ap\u00farrenos una novela llena d&#8217;humor y traxedia, d&#8217;aventures, pero tami\u00e9n nos fai cavilgar sobro la violencia terrorista nes nueses sociedaes.<\/span><\/em><\/p>\n<p>Miguel Rojo escribi\u00f3 numberosos llibros que fueron traduc\u00edos a dellos idiomes. Escribe novela, poes\u00eda y tami\u00e9n testos infantiles y xuveniles. En<strong> 2008 recibi\u00f3&#8217;l Premiu de la Cr\u00edtica d&#8217;Asturies de Lliteratura Infantil y Xuvenil<\/strong>. Ente los sos llibros infantiles y xuveniles podr\u00edamos citar: Telva y los osos, \u00bfDe qu\u00e9 va tar fecha la lluna?, El viaxe de Tin y Ton, Rait\u00e1n el rait\u00e1n, El dinosauriu, el pr\u00edncipe, la ne\u00f1a y la so ma..<\/p>\n","protected":false},"excerpt":{"rendered":"<p>https:\/\/www.bajamareditores.com\/ Ficha editorial \/ La colina del Minotauro 17,00 \u20ac \/ \u00a0Pintar-Pintar\u00a0\u00a0\u2022\u00a0\u00a0EAN:\u00a0978-84-127847-7-0<\/p>\n","protected":false},"author":117,"featured_media":0,"comment_status":"open","ping_status":"open","sticky":false,"template":"","format":"standard","meta":{"footnotes":""},"categories":[1],"tags":[],"class_list":["post-31353","post","type-post","status-publish","format-standard","hentry","category-sin-categoria"],"_links":{"self":[{"href":"https:\/\/edublog.educastur.es\/ixuxu\/wp-json\/wp\/v2\/posts\/31353","targetHints":{"allow":["GET"]}}],"collection":[{"href":"https:\/\/edublog.educastur.es\/ixuxu\/wp-json\/wp\/v2\/posts"}],"about":[{"href":"https:\/\/edublog.educastur.es\/ixuxu\/wp-json\/wp\/v2\/types\/post"}],"author":[{"embeddable":true,"href":"https:\/\/edublog.educastur.es\/ixuxu\/wp-json\/wp\/v2\/users\/117"}],"replies":[{"embeddable":true,"href":"https:\/\/edublog.educastur.es\/ixuxu\/wp-json\/wp\/v2\/comments?post=31353"}],"version-history":[{"count":8,"href":"https:\/\/edublog.educastur.es\/ixuxu\/wp-json\/wp\/v2\/posts\/31353\/revisions"}],"predecessor-version":[{"id":31369,"href":"https:\/\/edublog.educastur.es\/ixuxu\/wp-json\/wp\/v2\/posts\/31353\/revisions\/31369"}],"wp:attachment":[{"href":"https:\/\/edublog.educastur.es\/ixuxu\/wp-json\/wp\/v2\/media?parent=31353"}],"wp:term":[{"taxonomy":"category","embeddable":true,"href":"https:\/\/edublog.educastur.es\/ixuxu\/wp-json\/wp\/v2\/categories?post=31353"},{"taxonomy":"post_tag","embeddable":true,"href":"https:\/\/edublog.educastur.es\/ixuxu\/wp-json\/wp\/v2\/tags?post=31353"}],"curies":[{"name":"wp","href":"https:\/\/api.w.org\/{rel}","templated":true}]}}