{"id":31424,"date":"2024-09-22T12:00:45","date_gmt":"2024-09-22T10:00:45","guid":{"rendered":"https:\/\/edublog.educastur.es\/ixuxu\/?p=31424"},"modified":"2024-09-22T22:30:47","modified_gmt":"2024-09-22T20:30:47","slug":"tamos-na-seronda-2","status":"publish","type":"post","link":"https:\/\/edublog.educastur.es\/ixuxu\/2024\/09\/tamos-na-seronda-2\/","title":{"rendered":"Tamos na seronda y va ser templada y previsiblemente m\u00e1s secu de lo habitual"},"content":{"rendered":"<p style=\"text-align: center\"><span class=\"html-span xexx8yu x4uap5 x18d9i69 xkhd6sd x1hl2dhg x16tdsg8 x1vvkbs x3nfvp2 x1j61x8r x1fcty0u xdj266r xat24cr xgzva0m xhhsvwb xxymvpz xlup9mm x1kky2od\"><img loading=\"lazy\" decoding=\"async\" class=\"xz74otr aligncenter\" src=\"https:\/\/static.xx.fbcdn.net\/images\/emoji.php\/v9\/tb7\/1\/16\/1f58b.png\" alt=\"?\" width=\"16\" height=\"16\" \/><\/span><span style=\"color: #008080;font-size: 24px\">\u201c<strong>La seronda ye una segunda primavera<br \/>\nonde cada fueya ye una flor\u201d <\/strong><\/span>Albert Camus.<\/p>\n<p style=\"text-align: center\"><a href=\"https:\/\/images.ecestaticos.com\/1pB7R72odgNLkjDrH59kzW17ezw=\/0x0:2272x1515\/996x747\/filters:fill(white):format(jpg)\/f.elconfidencial.com%2Foriginal%2F0ca%2F183%2Fc0c%2F0ca183c0ce81c80ecf9785b39a5d233d.jpg\"><img loading=\"lazy\" decoding=\"async\" class=\"aligncenter \" src=\"https:\/\/images.ecestaticos.com\/1pB7R72odgNLkjDrH59kzW17ezw=\/0x0:2272x1515\/996x747\/filters:fill(white):format(jpg)\/f.elconfidencial.com%2Foriginal%2F0ca%2F183%2Fc0c%2F0ca183c0ce81c80ecf9785b39a5d233d.jpg\" width=\"639\" height=\"479\" \/><\/a><\/p>\n<div dir=\"auto\">La seronda empieza n&#8217;Espa\u00f1a g\u00fcei, <strong>domingu 22 de setiembre de 2024 a les 14:44 hores. <span style=\"color: #008080\">La duraci\u00f3n d&#8217;esta seronda va ser aprosimao 89 d\u00edes y 21 hores, terminando&#8217;l 22 d&#8217;avientu col empiezu del iviernu.<\/span><\/strong><\/div>\n<div dir=\"auto\">\n<p>Seg\u00fan la previsi\u00f3n, la nueva estaci\u00f3n <strong>prevese m\u00e1s seca y templada de lo habitual.<\/strong> Calc\u00falase qu&#8217;hai un 70% de probabilidaes de que la seronda 2024 s\u00eda m\u00e1s templ\u00e1u de lo habitual, frente a un 10% de probabilidaes de que s\u00eda m\u00e1s fr\u00edu.<strong><span style=\"color: #008080\"> Asturies va tener una seronda templada y previsiblemente m\u00e1s secu de lo habitual, en pasando un branu que foi especialmente calorosu y h\u00famedu.<\/span><\/strong><\/p>\n<ul>\n<li>Fonte: <a href=\"https:\/\/www.rtpa.es\/noticias-asturias\/2024-09-18\/Asturias-afronta-un-oto%C3%B1o-calido-y-seco-tras-un-verano-muy-caluroso-y-humedo_111726660048.html?fbclid=IwY2xjawFdXWhleHRuA2FlbQIxMQABHXMwpfIaMjNQF4i_dhxwSBOBO2pqwgcqt1H6QAGODmiKZZJ3z27_0elxwA_aem_dUyaa16MDWpeiFhWAhs0TA\">RTPA<\/a> \/<\/li>\n<\/ul>\n<\/div>\n<p><!--more--><\/p>\n<div dir=\"auto\">La seronda espierta nos montes un cuadru pintorescu de colores. Ye d\u00f3mina de pasiar mientres el d\u00eda, esfrutando de la calidez del sol. Tami\u00e9n d&#8217;enfusase na naturaleza y de triar la tierra moyada y les fueyes cay\u00edes pol pasu del tiempu nos nuesos preciosos montes de casta\u00f1ales y hayas.<\/div>\n<div dir=\"auto\"><\/div>\n<div dir=\"auto\">Tiempu d&#8217;esfoyaza, amag\u00fcestu, berra, San Mart\u00edn y la gastronom\u00eda del gochu, Santa B\u00e1rbara y un mont\u00f3n de tradiciones.<\/div>\n<div dir=\"auto\">Ye d\u00f3mina de casta\u00f1es asaes, de platos de cuyar, de calabaces y de preparar la casa para la Navid\u00e1. Una seronda de m\u00fasica, de cine y de Sama\u00edn y nueche de difuntos (Halloween). Ye tiempu de vendimia, mayar les manzanes, de setes y d&#8217;esfrutar de la naturaleza en tolos sos sent\u00edos.<\/div>\n<div dir=\"auto\"><\/div>\n","protected":false},"excerpt":{"rendered":"<p>\u201cLa seronda ye una segunda primavera onde cada fueya ye una flor\u201d Albert Camus. La seronda empieza n&#8217;Espa\u00f1a g\u00fcei, domingu 22 de setiembre de 2024 a les 14:44 hores. La duraci\u00f3n d&#8217;esta seronda va ser aprosimao 89 d\u00edes y 21 hores, terminando&#8217;l 22 d&#8217;avientu col empiezu del iviernu. Seg\u00fan la previsi\u00f3n, la nueva estaci\u00f3n prevese [&hellip;]<\/p>\n","protected":false},"author":117,"featured_media":0,"comment_status":"open","ping_status":"open","sticky":false,"template":"","format":"standard","meta":{"footnotes":""},"categories":[46],"tags":[],"class_list":["post-31424","post","type-post","status-publish","format-standard","hentry","category-estaciones"],"_links":{"self":[{"href":"https:\/\/edublog.educastur.es\/ixuxu\/wp-json\/wp\/v2\/posts\/31424","targetHints":{"allow":["GET"]}}],"collection":[{"href":"https:\/\/edublog.educastur.es\/ixuxu\/wp-json\/wp\/v2\/posts"}],"about":[{"href":"https:\/\/edublog.educastur.es\/ixuxu\/wp-json\/wp\/v2\/types\/post"}],"author":[{"embeddable":true,"href":"https:\/\/edublog.educastur.es\/ixuxu\/wp-json\/wp\/v2\/users\/117"}],"replies":[{"embeddable":true,"href":"https:\/\/edublog.educastur.es\/ixuxu\/wp-json\/wp\/v2\/comments?post=31424"}],"version-history":[{"count":9,"href":"https:\/\/edublog.educastur.es\/ixuxu\/wp-json\/wp\/v2\/posts\/31424\/revisions"}],"predecessor-version":[{"id":31465,"href":"https:\/\/edublog.educastur.es\/ixuxu\/wp-json\/wp\/v2\/posts\/31424\/revisions\/31465"}],"wp:attachment":[{"href":"https:\/\/edublog.educastur.es\/ixuxu\/wp-json\/wp\/v2\/media?parent=31424"}],"wp:term":[{"taxonomy":"category","embeddable":true,"href":"https:\/\/edublog.educastur.es\/ixuxu\/wp-json\/wp\/v2\/categories?post=31424"},{"taxonomy":"post_tag","embeddable":true,"href":"https:\/\/edublog.educastur.es\/ixuxu\/wp-json\/wp\/v2\/tags?post=31424"}],"curies":[{"name":"wp","href":"https:\/\/api.w.org\/{rel}","templated":true}]}}