{"id":31434,"date":"2024-09-22T11:59:16","date_gmt":"2024-09-22T09:59:16","guid":{"rendered":"https:\/\/edublog.educastur.es\/ixuxu\/?p=31434"},"modified":"2024-09-22T22:14:49","modified_gmt":"2024-09-22T20:14:49","slug":"como-funcional-tiempu-nasturies","status":"publish","type":"post","link":"https:\/\/edublog.educastur.es\/ixuxu\/2024\/09\/como-funcional-tiempu-nasturies\/","title":{"rendered":"\u00bfC\u00f3mo funciona&#8217;l tiempu n&#8217;Asturies?"},"content":{"rendered":"<p>La topografia y l&#8217;influencia del mar n&#8217;Asturies. La influencia de la orografia nel Tiempu n&#8217;Asturies.<\/p>\n<p style=\"text-align: center\"><a href=\"https:\/\/axtur.wordpress.com\/wp-content\/uploads\/2011\/09\/precipitaciones-en-asturias3.jpg\"><img loading=\"lazy\" decoding=\"async\" class=\"aligncenter size-full\" src=\"https:\/\/axtur.wordpress.com\/wp-content\/uploads\/2011\/09\/precipitaciones-en-asturias3.jpg\" width=\"823\" height=\"488\" \/><\/a><\/p>\n<ul>\n<li>Fonte: <a href=\"https:\/\/axtur.wordpress.com\/2011\/09\/06\/el-tiempo-en-asturias\/\">Axtur.Wordpress<\/a> \/<a href=\"https:\/\/www6.uniovi.es\/~feli\/Clima\/Temperaturas.html\"> Uniovi<\/a> \/<\/li>\n<\/ul>\n<blockquote><p>Asturies tien pel branu , una media de 20\u00ba-22\u00ba C, un clima templ\u00e1u, prestosu, y ensin grandes variaciones, a lo llargo de too l&#8217;a\u00f1u.<\/p><\/blockquote>\n<p><!--more--><\/p>\n<p><strong><span style=\"text-decoration: underline\">El tiempu n&#8217;Asturies ta empobin\u00e1u fondamente poles corrientes marines y la tempetura del mar:<\/span><\/strong><\/p>\n<ul>\n<li><em>Al mesmu altor ta Nueva York, con iviernos per debaxo de 20 baxo cero y branos bien calorosos.<\/em><\/li>\n<li><em>El cordal cant\u00e1bricu act\u00faa de barrera a les nubes de les capes baxes por que pasen escontra&#8217;l sur, o si entren na pen\u00ednsula un pocu escontra&#8217;l sur, eviten que llueva cuando&#8217;l restu d&#8217;Espa\u00f1a ta papada.<\/em><\/li>\n<li><em>Tami\u00e9n contrib\u00fai l&#8217;efectu de fastera\/ladera, al xubir l&#8217;aire h\u00famedo, enfr\u00edase nesti llau del monte y da orixe a agua o borrina nos montes. <\/em><\/li>\n<li><em>L&#8217;abrigu orogr\u00e1ficu de los cordales prelitorales, formen pequenos valles interiores con clima m\u00e1s secu y estrem\u00e1u, La mari\u00f1a,<\/em><br \/>\n<em>con borrines y fines lluvies sobre tou pel branu por cuenta de les relativamente altes temperatures del mar y conten\u00edes polos cordales prelitorales.<\/em><\/li>\n<\/ul>\n<p style=\"text-align: center\"><a href=\"https:\/\/www6.uniovi.es\/~feli\/Clima\/MapaT.jpg\"><img loading=\"lazy\" decoding=\"async\" class=\"aligncenter size-full\" src=\"https:\/\/www6.uniovi.es\/~feli\/Clima\/MapaT.jpg\" width=\"700\" height=\"745\" \/><\/a><\/p>\n<p><strong>La mari\u00f1a cant\u00e1brica, deb\u00edu al mar, tien el r\u00e9xime t\u00e9rmicu m\u00e1s templ\u00e1u d&#8217;Europa:<\/strong><\/p>\n<ul>\n<li><em>Les diferencies ente les temperatures medies del mes m\u00e1s templ\u00e1u y m\u00e1s fr\u00edu del a\u00f1u nun superen los 10\u00ba C na mari\u00f1a.<\/em><\/li>\n<li><em>La temperatura mengua unos 0.5\u00ba C por cada 100 m d&#8217;elevaci\u00f3n.<\/em><\/li>\n<li><em>Pel hibiernu ye frecuente la inversi\u00f3n t\u00e9rmica, m\u00e1s calor nel monte que nel valle. F\u00f3rmense asina no fondero de los valles verdaderos llagos d&#8217;aire fr\u00edo.<\/em><\/li>\n<li><em>La orientaci\u00f3n al sol, con fuertes contrastes ente les fasteres en funci\u00f3n de la so orientaci\u00f3n, pindia y de la solombra-.<\/em><\/li>\n<li><em>Los orales mariniegos o brisas litorales.<\/em><\/li>\n<\/ul>\n<p><strong>El clima n&#8217;Asturies.\u00a0 <\/strong>Con frecuencia n&#8217;Asturies hai distintu tiempu nel mar o nel monte. Sobremanera pel branu ye m\u00e1s marcada la diferencia:<\/p>\n<ul>\n<li><strong>En primavera<\/strong>: con neblinas nel valle, que llevanten a lo llargo de la ma\u00f1ana, dexando un tiempu esplendido nel monte.<\/li>\n<li><strong>Pel branu<\/strong>, coles nubes estancandas contra los montes mariniegos, dexando los valles interiores llimpios.on un\u00a0 Cbon d\u00eda pela ma\u00f1ana, que va cubriendo col mugor del mar a midida que avanza&#8217;l d\u00eda. La nubosid\u00e1 avanza escontra l&#8217;interior.<\/li>\n<\/ul>\n<p>Con una chaqueta puedes pasar tol branu ensin mieu a tener fr\u00edo. Y para dormir, xeneralmente con cobertor, a pierna suelta.<br \/>\n<em>\u00abQue Mayu, Xunu y gran parte de Julio ye plenu branu n&#8217;Asturies s\u00e1belo hasta&#8217;l m\u00e1s pint\u00e1u, y qu&#8217;Agostu trai 3 d\u00edes d&#8217;enforma sol y calor, alternaos con unu de borrines y orp\u00edn, ye matem\u00e1tica pura\u00bb.<\/em><\/p>\n<ul>\n<li><strong>Na seronda, <\/strong>el tiempu n&#8217;Asturies suel ser m\u00e1s estable, inclusive que&#8217;l branu, con llargos d\u00edes de sol, ensin la meyora de la nubosid\u00e1 a la tarde.<\/li>\n<\/ul>\n<p style=\"text-align: center\"><a href=\"https:\/\/hotelcityexpresscovadonga.es\/wp-content\/uploads\/2024\/02\/donde-hay-microclima-en-asturias.jpg\"><img loading=\"lazy\" decoding=\"async\" class=\"aligncenter size-full\" src=\"https:\/\/hotelcityexpresscovadonga.es\/wp-content\/uploads\/2024\/02\/donde-hay-microclima-en-asturias.jpg\" width=\"777\" height=\"407\" \/><\/a><\/p>\n<p>&nbsp;<\/p>\n","protected":false},"excerpt":{"rendered":"<p>La topografia y l&#8217;influencia del mar n&#8217;Asturies. La influencia de la orografia nel Tiempu n&#8217;Asturies. Fonte: Axtur.Wordpress \/ Uniovi \/ Asturies tien pel branu , una media de 20\u00ba-22\u00ba C, un clima templ\u00e1u, prestosu, y ensin grandes variaciones, a lo llargo de too l&#8217;a\u00f1u.<\/p>\n","protected":false},"author":117,"featured_media":0,"comment_status":"open","ping_status":"open","sticky":false,"template":"","format":"standard","meta":{"footnotes":""},"categories":[5],"tags":[],"class_list":["post-31434","post","type-post","status-publish","format-standard","hentry","category-tiempu"],"_links":{"self":[{"href":"https:\/\/edublog.educastur.es\/ixuxu\/wp-json\/wp\/v2\/posts\/31434","targetHints":{"allow":["GET"]}}],"collection":[{"href":"https:\/\/edublog.educastur.es\/ixuxu\/wp-json\/wp\/v2\/posts"}],"about":[{"href":"https:\/\/edublog.educastur.es\/ixuxu\/wp-json\/wp\/v2\/types\/post"}],"author":[{"embeddable":true,"href":"https:\/\/edublog.educastur.es\/ixuxu\/wp-json\/wp\/v2\/users\/117"}],"replies":[{"embeddable":true,"href":"https:\/\/edublog.educastur.es\/ixuxu\/wp-json\/wp\/v2\/comments?post=31434"}],"version-history":[{"count":6,"href":"https:\/\/edublog.educastur.es\/ixuxu\/wp-json\/wp\/v2\/posts\/31434\/revisions"}],"predecessor-version":[{"id":31440,"href":"https:\/\/edublog.educastur.es\/ixuxu\/wp-json\/wp\/v2\/posts\/31434\/revisions\/31440"}],"wp:attachment":[{"href":"https:\/\/edublog.educastur.es\/ixuxu\/wp-json\/wp\/v2\/media?parent=31434"}],"wp:term":[{"taxonomy":"category","embeddable":true,"href":"https:\/\/edublog.educastur.es\/ixuxu\/wp-json\/wp\/v2\/categories?post=31434"},{"taxonomy":"post_tag","embeddable":true,"href":"https:\/\/edublog.educastur.es\/ixuxu\/wp-json\/wp\/v2\/tags?post=31434"}],"curies":[{"name":"wp","href":"https:\/\/api.w.org\/{rel}","templated":true}]}}