{"id":31488,"date":"2024-09-22T22:46:21","date_gmt":"2024-09-22T20:46:21","guid":{"rendered":"https:\/\/edublog.educastur.es\/ixuxu\/?p=31488"},"modified":"2024-09-22T22:53:59","modified_gmt":"2024-09-22T20:53:59","slug":"31488","status":"publish","type":"post","link":"https:\/\/edublog.educastur.es\/ixuxu\/2024\/09\/31488\/","title":{"rendered":"La fuesa de les Marianes: 11 kil\u00f3metros de fondura"},"content":{"rendered":"<div class=\"html-div xdj266r x11i5rnm xat24cr x1mh8g0r xexx8yu x4uap5 x18d9i69 xkhd6sd\">\n<div class=\"x78zum5 xdt5ytf xz62fqu x16ldp7u\">\n<div class=\"xu06os2 x1ok221b\">\n<div class=\"x6prxxf xk50ysn xvq8zen\">\n<ul>\n<li dir=\"ltr\"><span class=\"x1lliihq x6ikm8r x10wlt62 x1n2onr6\"><span dir=\"ltr\"><span class=\"\"><span class=\"xt0psk2\"><a class=\"x1i10hfl xjbqb8w x1ejq31n xd10rxx x1sy0etr x17r0tee x972fbf xcfux6l x1qhh985 xm0m39n x9f619 x1ypdohk xt0psk2 xe8uvvx xdj266r x11i5rnm xat24cr x1mh8g0r xexx8yu x4uap5 x18d9i69 xkhd6sd x16tdsg8 x1hl2dhg xggy1nq x1a2a7pz x1sur9pj xkrqix3 xzsf02u x1s688f\" role=\"link\" href=\"https:\/\/www.facebook.com\/groups\/498783803833794\/user\/100068070770137\/?__cft__[0]=AZU9WW-sL_PqWMlYbvKVegI-DVBb1hSNWch2bcuZJA3PsZYa7QWoUmhAdbsJNHsTyr2JTuQC6zDlk1bE4DV04ETc6o5jS_q4_LN3opMawGZKm7NZgxiQPJduaFQYefFK4sXNdQJMaxT4Sqm8o3NEaf74YUfIahFrq4pnS1V881jiKH-4suf7-e8YCxbcpYyODMpNTha1Jd0CSDQYQkuTAWQDYaEOJgFIuY6DxJgW-vbj1KVrQfF3ZdcjMWyMN8T6j7Q&amp;__tn__=-UC%2CP-y-R\"><span class=\"html-span xdj266r x11i5rnm xat24cr x1mh8g0r xexx8yu x4uap5 x18d9i69 xkhd6sd x1hl2dhg x16tdsg8 x1vvkbs\">Uncover This<\/span><\/a><\/span><\/span><\/span><span dir=\"ltr\"><span class=\"xt0psk2\"><a class=\"x1i10hfl xjbqb8w x1ejq31n xd10rxx x1sy0etr x17r0tee x972fbf xcfux6l x1qhh985 xm0m39n x9f619 x1ypdohk xt0psk2 xe8uvvx xdj266r x11i5rnm xat24cr x1mh8g0r xexx8yu x4uap5 x18d9i69 xkhd6sd x16tdsg8 x1hl2dhg xggy1nq x1a2a7pz x1sur9pj xkrqix3 xzsf02u x1s688f\" role=\"link\" href=\"https:\/\/www.facebook.com\/groups\/ancientnexus\/?__cft__[0]=AZU9WW-sL_PqWMlYbvKVegI-DVBb1hSNWch2bcuZJA3PsZYa7QWoUmhAdbsJNHsTyr2JTuQC6zDlk1bE4DV04ETc6o5jS_q4_LN3opMawGZKm7NZgxiQPJduaFQYefFK4sXNdQJMaxT4Sqm8o3NEaf74YUfIahFrq4pnS1V881jiKH-4suf7-e8YCxbcpYyODMpNTha1Jd0CSDQYQkuTAWQDYaEOJgFIuY6DxJgW-vbj1KVrQfF3ZdcjMWyMN8T6j7Q&amp;__tn__=-UC%2CP-y-R\"><span class=\"html-span xdj266r x11i5rnm xat24cr x1mh8g0r xexx8yu x4uap5 x18d9i69 xkhd6sd x1hl2dhg x16tdsg8 x1vvkbs\">Ancient Nexus<\/span><\/a><\/span><\/span><\/span><span class=\"x193iq5w xeuugli x13faqbe x1vvkbs x1xmvt09 x1lliihq x1s928wv xhkezso x1gmr53x x1cpjm7i x1fgarty x1943h6x x4zkp8e x676frb x1pg5gke x1sibtaa xo1l8bm xi81zsa x1yc453h\" dir=\"auto\"><span class=\"html-span xdj266r x11i5rnm xat24cr x1mh8g0r xexx8yu x4uap5 x18d9i69 xkhd6sd x1hl2dhg x16tdsg8 x1vvkbs\"><span class=\"xzpqnlu xjm9jq1 x6ikm8r x10wlt62 x10l6tqk x1i1rx1s\">\/<a href=\"https:\/\/www.facebook.com\/photo\/?fbid=829804102631941&amp;set=gm.2312623435783146&amp;idorvanity=498783803833794\"> Imaxe<\/a><\/span><\/span><\/span>\/ <a href=\"https:\/\/www.elnacional.cat\/uploads\/s1\/13\/88\/92\/16\/fosa-marianas.jpeg\">gr\u00e1ficu<\/a> \/<\/li>\n<\/ul>\n<\/div>\n<\/div>\n<\/div>\n<\/div>\n<div class=\"x78zum5 xdt5ytf xz62fqu x16ldp7u\">\n<div class=\"xu06os2 x1ok221b\">\n<div class=\"xdj266r x11i5rnm xat24cr x1mh8g0r x1vvkbs x126k92a\">\n<div dir=\"auto\">Cuando bucies m\u00e1s all\u00e1 de los 200 metros (656 pies), entres nes fondures del fondu mar\u00edn, un mundu espansivu que conduz a les enllanaes abisal, a fondures de 3.000 a 6.000 metros (hasta 19.685 pies). Pero nun se detien ende;<strong> la fuesa de les Marianes cai a unos estelantes 11.000 metros<\/strong> (36.089 pies). Estes \u00e1rees, aisllaes na escurid\u00e1 y l&#8217;alta presi\u00f3n, tienen una vida \u00fanica y una visi\u00f3n clave de la evoluci\u00f3n xeol\u00f3xico y biol\u00f3xico de la Tierra.<\/div>\n<\/div>\n<div dir=\"auto\" style=\"text-align: center\"><a href=\"https:\/\/www.elnacional.cat\/uploads\/s1\/13\/88\/92\/16\/fosa-marianas.jpeg\"><img loading=\"lazy\" decoding=\"async\" class=\"aligncenter \" src=\"https:\/\/www.elnacional.cat\/uploads\/s1\/13\/88\/92\/16\/fosa-marianas.jpeg\" width=\"552\" height=\"690\" \/><\/a><\/div>\n<\/div>\n<\/div>\n<div class=\"x78zum5 xdt5ytf xz62fqu x16ldp7u\">\n<div dir=\"auto\">Fuesa de les Marianes o Fuesa Challenger. <strong>Allugada nel oc\u00e9anu Pac\u00edficu occidental, a 200 km de les isles Marianes<\/strong>, d&#8217;onde provien el so nome. Con forma de medialluna, unos 2550 km de llargu y 69 km d&#8217;anchu, ye la fuesa m\u00e1s fonda conocida, somorgui\u00e1ndose hasta 11.034 metros so la superficie del mar.<\/div>\n<\/div>\n<div dir=\"auto\"><!--more--><\/div>\n<div dir=\"auto\" style=\"text-align: center\">\n<!-- iframe plugin v.6.0 wordpress.org\/plugins\/iframe\/ -->\n<iframe loading=\"lazy\" width=\"100%\" height=\"395\" src=\"https:\/\/www.youtube.com\/embed\/8ZKhwgFb4ko\" title=\"Llegaron a lo m\u00e1s profundo de la fosa de Las Marianas... y encontraron esto.\" frameborder=\"0\" allow=\"accelerometer; autoplay; clipboard-write; encrypted-media; gyroscope; picture-in-picture; web-share\" referrerpolicy=\"strict-origin-when-cross-origin\" 0=\"allowfullscreen\" 1=\"\/iframe\" scrolling=\"yes\" class=\"iframe-class\"><\/iframe>\n<\/div>\n<div class=\"x78zum5 xdt5ytf xz62fqu x16ldp7u\">\n<div dir=\"auto\"><\/div>\n<div dir=\"auto\"><img loading=\"lazy\" decoding=\"async\" class=\"aligncenter size-full\" src=\"https:\/\/concepto.de\/wp-content\/uploads\/2021\/04\/fosa-oceanica-formacion-e1618081108244.jpg\" width=\"800\" height=\"398\" \/><\/div>\n<div dir=\"auto\"><\/div>\n<\/div>\n<p style=\"text-align: center\">\n<!-- iframe plugin v.6.0 wordpress.org\/plugins\/iframe\/ -->\n<iframe loading=\"lazy\" width=\"100%\" height=\"395\" src=\"https:\/\/www.youtube.com\/embed\/nQElIJ4RKR8\" title=\"\u00bfQu\u00e9 son las FOSAS?\" frameborder=\"0\" allow=\"accelerometer; autoplay; clipboard-write; encrypted-media; gyroscope; picture-in-picture; web-share\" referrerpolicy=\"strict-origin-when-cross-origin\" 0=\"allowfullscreen\" 1=\"\/iframe\" scrolling=\"yes\" class=\"iframe-class\"><\/iframe>\n<\/p>\n<p style=\"text-align: center\">\n<!-- iframe plugin v.6.0 wordpress.org\/plugins\/iframe\/ -->\n<iframe loading=\"lazy\" width=\"100%\" height=\"395\" src=\"https:\/\/www.youtube.com\/embed\/D0aR5xmCSkM\" title=\"Las cuatro fosas oceanicas mas profundas.\" frameborder=\"0\" allow=\"accelerometer; autoplay; clipboard-write; encrypted-media; gyroscope; picture-in-picture; web-share\" referrerpolicy=\"strict-origin-when-cross-origin\" 0=\"allowfullscreen\" 1=\"\/iframe\" scrolling=\"yes\" class=\"iframe-class\"><\/iframe>\n<\/p>\n","protected":false},"excerpt":{"rendered":"<p>Uncover ThisAncient Nexus\/ Imaxe\/ gr\u00e1ficu \/ Cuando bucies m\u00e1s all\u00e1 de los 200 metros (656 pies), entres nes fondures del fondu mar\u00edn, un mundu espansivu que conduz a les enllanaes abisal, a fondures de 3.000 a 6.000 metros (hasta 19.685 pies). Pero nun se detien ende; la fuesa de les Marianes cai a unos estelantes [&hellip;]<\/p>\n","protected":false},"author":117,"featured_media":0,"comment_status":"open","ping_status":"open","sticky":false,"template":"","format":"standard","meta":{"footnotes":""},"categories":[25],"tags":[],"class_list":["post-31488","post","type-post","status-publish","format-standard","hentry","category-curiosidaes"],"_links":{"self":[{"href":"https:\/\/edublog.educastur.es\/ixuxu\/wp-json\/wp\/v2\/posts\/31488","targetHints":{"allow":["GET"]}}],"collection":[{"href":"https:\/\/edublog.educastur.es\/ixuxu\/wp-json\/wp\/v2\/posts"}],"about":[{"href":"https:\/\/edublog.educastur.es\/ixuxu\/wp-json\/wp\/v2\/types\/post"}],"author":[{"embeddable":true,"href":"https:\/\/edublog.educastur.es\/ixuxu\/wp-json\/wp\/v2\/users\/117"}],"replies":[{"embeddable":true,"href":"https:\/\/edublog.educastur.es\/ixuxu\/wp-json\/wp\/v2\/comments?post=31488"}],"version-history":[{"count":12,"href":"https:\/\/edublog.educastur.es\/ixuxu\/wp-json\/wp\/v2\/posts\/31488\/revisions"}],"predecessor-version":[{"id":31500,"href":"https:\/\/edublog.educastur.es\/ixuxu\/wp-json\/wp\/v2\/posts\/31488\/revisions\/31500"}],"wp:attachment":[{"href":"https:\/\/edublog.educastur.es\/ixuxu\/wp-json\/wp\/v2\/media?parent=31488"}],"wp:term":[{"taxonomy":"category","embeddable":true,"href":"https:\/\/edublog.educastur.es\/ixuxu\/wp-json\/wp\/v2\/categories?post=31488"},{"taxonomy":"post_tag","embeddable":true,"href":"https:\/\/edublog.educastur.es\/ixuxu\/wp-json\/wp\/v2\/tags?post=31488"}],"curies":[{"name":"wp","href":"https:\/\/api.w.org\/{rel}","templated":true}]}}