{"id":31537,"date":"2024-09-23T12:35:51","date_gmt":"2024-09-23T10:35:51","guid":{"rendered":"https:\/\/edublog.educastur.es\/ixuxu\/?p=31537"},"modified":"2024-09-23T12:36:31","modified_gmt":"2024-09-23T10:36:31","slug":"cancion-senor-san-xuan","status":"publish","type":"post","link":"https:\/\/edublog.educastur.es\/ixuxu\/2024\/09\/cancion-senor-san-xuan\/","title":{"rendered":"Canci\u00f3n: \u00abSe\u00f1or San Xuan\u00bb"},"content":{"rendered":"<p style=\"text-align: center\">\n<!-- iframe plugin v.6.0 wordpress.org\/plugins\/iframe\/ -->\n<iframe loading=\"lazy\" width=\"640\" height=\"360\" src=\"https:\/\/www.youtube.com\/embed\/RVEH0yI_vBU\" title=\"Se\u00f1or San Xuan\" frameborder=\"0\" allow=\"accelerometer; autoplay; clipboard-write; encrypted-media; gyroscope; picture-in-picture; web-share\" referrerpolicy=\"strict-origin-when-cross-origin\" 0=\"allowfullscreen\" 1=\"\/iframe\" scrolling=\"yes\" class=\"iframe-class\"><\/iframe>\n<\/p>\n<div id=\"watch7-content\" class=\"watch-main-col\"><span class=\"yt-core-attributed-string yt-core-attributed-string--white-space-pre-wrap\" dir=\"auto\" role=\"text\"><span class=\"yt-core-attributed-string--link-inherit-color\" dir=\"auto\">Esta <strong>canci\u00f3n popular asturiana<\/strong> ta recoyida nel Cancioneru de Torner, edit\u00e1u nel a\u00f1u 1920. V\u00edctor Manuel usa unos versos d&#8217;ella na so canci\u00f3n \u00abPor el camino de Mieres\u00bb, anque elli usa una melod\u00eda diferente. N&#8217;esta versi\u00f3n respet\u00e9 la melod\u00eda del Cancioneru de Torner y a\u00f1ad\u00ed unes partes instrumentales de collecha propia pa facela m\u00e1s amena.<br \/>\n<\/span><\/span><\/div>\n<div><\/div>\n<ul>\n<li>Fonte<strong>: <\/strong><span class=\"xt0psk2\"><a class=\"x1i10hfl xjbqb8w x1ejq31n xd10rxx x1sy0etr x17r0tee x972fbf xcfux6l x1qhh985 xm0m39n x9f619 x1ypdohk xt0psk2 xe8uvvx xdj266r x11i5rnm xat24cr x1mh8g0r xexx8yu x4uap5 x18d9i69 xkhd6sd x16tdsg8 x1hl2dhg xggy1nq x1a2a7pz x1sur9pj xkrqix3 xzsf02u x1s688f\" role=\"link\" href=\"https:\/\/www.facebook.com\/efrendandres?__cft__[0]=AZW57KQaQATif2rYnyBLtDtedoM3LfWfdI8reiQ69LXlB9bF3UWPu-eCBeoUjHj05t3LyuC9UDzVK9hV0fRoNxs58pUTvx3wTEuZXHV3Y4lynoH0mC3_5tiP8Vw8z67U2IMEsD3uhqjdas7jqX_KXIw4ZEo6WtmFgyPyfPSrr--jLQ&amp;__tn__=-UC%2CP-R\"><strong class=\"html-strong xdj266r x11i5rnm xat24cr x1mh8g0r xexx8yu x4uap5 x18d9i69 xkhd6sd x1hl2dhg x16tdsg8 x1vvkbs x1s688f\"><span class=\"html-span xdj266r x11i5rnm xat24cr x1mh8g0r xexx8yu x4uap5 x18d9i69 xkhd6sd x1hl2dhg x16tdsg8 x1vvkbs\">Efr\u00e9n d&#8217;Andr\u00e9s<\/span><\/strong><\/a><\/span><\/li>\n<\/ul>\n<div class=\"miniplayer style-scope ytd-miniplayer\" role=\"dialog\">\n<div id=\"card\" class=\"style-scope ytd-miniplayer\">\n<div id=\"video-container\" class=\"style-scope ytd-miniplayer\">\n<div class=\"video style-scope ytd-miniplayer\">\n<div id=\"player-container\" class=\"style-scope ytd-miniplayer\">\n<div id=\"watch7-content\" class=\"watch-main-col\"><\/div>\n<div class=\"miniplayer style-scope ytd-miniplayer\" role=\"dialog\">\n<div id=\"card\" class=\"style-scope ytd-miniplayer\">\n<div id=\"video-container\" class=\"style-scope ytd-miniplayer\">\n<div class=\"video style-scope ytd-miniplayer\">\n<div id=\"player-container\" class=\"style-scope ytd-miniplayer\"><\/div>\n<\/div>\n<div id=\"info-bar\" class=\"style-scope ytd-miniplayer\">\n<div class=\"metadata style-scope ytd-miniplayer\">\n<div class=\"channel style-scope ytd-miniplayer\"><\/div>\n<\/div>\n<\/div>\n<\/div>\n<div id=\"expander-space\" class=\"style-scope ytd-miniplayer\"><\/div>\n<div id=\"mouseover-overlay\" class=\"style-scope ytd-thumbnail\"><\/div>\n<div id=\"hover-overlays\" class=\"style-scope ytd-thumbnail\"><\/div>\n<div id=\"info\" class=\"style-scope ytd-miniplayer-toast\">\n<div id=\"label\" class=\"style-scope ytd-miniplayer-toast\"><\/div>\n<div id=\"title\" class=\"style-scope ytd-miniplayer-toast\"><\/div>\n<\/div>\n<\/div>\n<\/div>\n<div id=\"content\" class=\"style-scope ytd-app\">\n<div id=\"masthead-container\" class=\"style-scope ytd-app\">\n<div id=\"ticker\" class=\"style-scope ytd-masthead\"><\/div>\n<div id=\"interstitial\" class=\"style-scope ytd-masthead\"><\/div>\n<div id=\"background\" class=\"style-scope ytd-masthead\"><\/div>\n<div id=\"container\" class=\"style-scope ytd-masthead\">\n<div id=\"start\" class=\"style-scope ytd-masthead\"><\/div>\n<\/div>\n<\/div>\n<\/div>\n<\/div>\n<\/div>\n<div id=\"info-bar\" class=\"style-scope ytd-miniplayer\">\n<div class=\"metadata style-scope ytd-miniplayer\">\n<div class=\"channel style-scope ytd-miniplayer\"><\/div>\n<\/div>\n<\/div>\n<\/div>\n<div id=\"expander-space\" class=\"style-scope ytd-miniplayer\"><\/div>\n<div id=\"mouseover-overlay\" class=\"style-scope ytd-thumbnail\"><\/div>\n<div id=\"hover-overlays\" class=\"style-scope ytd-thumbnail\"><\/div>\n<div id=\"info\" class=\"style-scope ytd-miniplayer-toast\">\n<div id=\"label\" class=\"style-scope ytd-miniplayer-toast\"><\/div>\n<div id=\"title\" class=\"style-scope ytd-miniplayer-toast\"><\/div>\n<\/div>\n<\/div>\n<\/div>\n<div id=\"content\" class=\"style-scope ytd-app\">\n<div id=\"masthead-container\" class=\"style-scope ytd-app\">\n<div id=\"ticker\" class=\"style-scope ytd-masthead\"><\/div>\n<div id=\"interstitial\" class=\"style-scope ytd-masthead\"><\/div>\n<div id=\"background\" class=\"style-scope ytd-masthead\"><\/div>\n<div id=\"container\" class=\"style-scope ytd-masthead\">\n<div id=\"start\" class=\"style-scope ytd-masthead\"><\/div>\n<\/div>\n<\/div>\n<\/div>\n","protected":false},"excerpt":{"rendered":"<p>Esta canci\u00f3n popular asturiana ta recoyida nel Cancioneru de Torner, edit\u00e1u nel a\u00f1u 1920. V\u00edctor Manuel usa unos versos d&#8217;ella na so canci\u00f3n \u00abPor el camino de Mieres\u00bb, anque elli usa una melod\u00eda diferente. N&#8217;esta versi\u00f3n respet\u00e9 la melod\u00eda del Cancioneru de Torner y a\u00f1ad\u00ed unes partes instrumentales de collecha propia pa facela m\u00e1s amena. [&hellip;]<\/p>\n","protected":false},"author":117,"featured_media":0,"comment_status":"open","ping_status":"open","sticky":false,"template":"","format":"standard","meta":{"footnotes":""},"categories":[349],"tags":[],"class_list":["post-31537","post","type-post","status-publish","format-standard","hentry","category-canciones-populares"],"_links":{"self":[{"href":"https:\/\/edublog.educastur.es\/ixuxu\/wp-json\/wp\/v2\/posts\/31537","targetHints":{"allow":["GET"]}}],"collection":[{"href":"https:\/\/edublog.educastur.es\/ixuxu\/wp-json\/wp\/v2\/posts"}],"about":[{"href":"https:\/\/edublog.educastur.es\/ixuxu\/wp-json\/wp\/v2\/types\/post"}],"author":[{"embeddable":true,"href":"https:\/\/edublog.educastur.es\/ixuxu\/wp-json\/wp\/v2\/users\/117"}],"replies":[{"embeddable":true,"href":"https:\/\/edublog.educastur.es\/ixuxu\/wp-json\/wp\/v2\/comments?post=31537"}],"version-history":[{"count":2,"href":"https:\/\/edublog.educastur.es\/ixuxu\/wp-json\/wp\/v2\/posts\/31537\/revisions"}],"predecessor-version":[{"id":31539,"href":"https:\/\/edublog.educastur.es\/ixuxu\/wp-json\/wp\/v2\/posts\/31537\/revisions\/31539"}],"wp:attachment":[{"href":"https:\/\/edublog.educastur.es\/ixuxu\/wp-json\/wp\/v2\/media?parent=31537"}],"wp:term":[{"taxonomy":"category","embeddable":true,"href":"https:\/\/edublog.educastur.es\/ixuxu\/wp-json\/wp\/v2\/categories?post=31537"},{"taxonomy":"post_tag","embeddable":true,"href":"https:\/\/edublog.educastur.es\/ixuxu\/wp-json\/wp\/v2\/tags?post=31537"}],"curies":[{"name":"wp","href":"https:\/\/api.w.org\/{rel}","templated":true}]}}