{"id":31543,"date":"2024-09-28T13:50:20","date_gmt":"2024-09-28T11:50:20","guid":{"rendered":"https:\/\/edublog.educastur.es\/ixuxu\/?p=31543"},"modified":"2024-09-28T16:31:58","modified_gmt":"2024-09-28T14:31:58","slug":"festival-darquitectura-cultura-y-territoriu-ecos","status":"publish","type":"post","link":"https:\/\/edublog.educastur.es\/ixuxu\/2024\/09\/festival-darquitectura-cultura-y-territoriu-ecos\/","title":{"rendered":"Cultura presenta&#8217;l Festival d\u2019Arquitectura, Cultura y Territoriu ECOS"},"content":{"rendered":"<div class=\"x78zum5 xdt5ytf xz62fqu x16ldp7u\">\n<div class=\"xu06os2 x1ok221b\">\n<ul>\n<li id=\":rco:\" class=\"html-h4 x11i5rnm xat24cr x1mh8g0r xexx8yu x4uap5 x18d9i69 xkhd6sd x1vvkbs x1heor9g x1qlqyl8 x1pd3egz x1a2a7pz x1gslohp x1yc453h\"><span class=\"xt0psk2\"><a class=\"x1i10hfl xjbqb8w x1ejq31n xd10rxx x1sy0etr x17r0tee x972fbf xcfux6l x1qhh985 xm0m39n x9f619 x1ypdohk xt0psk2 xe8uvvx xdj266r x11i5rnm xat24cr x1mh8g0r xexx8yu x4uap5 x18d9i69 xkhd6sd x16tdsg8 x1hl2dhg xggy1nq x1a2a7pz x1sur9pj xkrqix3 xzsf02u x1s688f\" role=\"link\" href=\"https:\/\/www.facebook.com\/culturaAST?__cft__[0]=AZWX85rx3idLh2lA9evg2mPnpDqV2m6HXs-2dfMa2dyU62xB3uM20zXTPV55mlHTB2qkqCFVM4PEsy-tiscV95ypjPwBgxySbDM-WhVKOGKc5QSG4HL5RDzBNTLxvZ-7nkFXm8_aNwqPBxAg3IpUSX4zNYozf2RXwW9_phW4cLA6mzSd1hZNLLQCmKCTno-_Q9qMjt3cRNsyNrkrAi0qoG3u5m39FI4HU3hcok-vTrnQuA&amp;__tn__=-UC%2CP-R\"><strong class=\"html-strong xdj266r x11i5rnm xat24cr x1mh8g0r xexx8yu x4uap5 x18d9i69 xkhd6sd x1hl2dhg x16tdsg8 x1vvkbs x1s688f\"><span class=\"html-span xdj266r x11i5rnm xat24cr x1mh8g0r xexx8yu x4uap5 x18d9i69 xkhd6sd x1hl2dhg x16tdsg8 x1vvkbs\">C.\u00a0 Cultura, Pol\u00edtica Lling\u00fc\u00edstica y Deporte<\/span><\/strong><\/a><\/span><\/li>\n<li><span class=\"html-span xdj266r x11i5rnm xat24cr x1mh8g0r xexx8yu x4uap5 x18d9i69 xkhd6sd x1hl2dhg x16tdsg8 x1vvkbs\"><a class=\"x1i10hfl xjbqb8w x1ejq31n xd10rxx x1sy0etr x17r0tee x972fbf xcfux6l x1qhh985 xm0m39n x9f619 x1ypdohk xt0psk2 xe8uvvx xdj266r x11i5rnm xat24cr x1mh8g0r xexx8yu x4uap5 x18d9i69 xkhd6sd x16tdsg8 x1hl2dhg xggy1nq x1a2a7pz x1sur9pj xkrqix3 x1fey0fg x1s688f\" role=\"link\" href=\"https:\/\/l.facebook.com\/l.php?u=http%3A%2F%2Fwww.festivalecos.com%2F%3Ffbclid%3DIwZXh0bgNhZW0CMTAAAR1v3oRIpVGLlS_bSTG2wE0Rr8KiEXXtPtTS3JaCADhUw4CU_sxt9ZnCiTE_aem_raDX6tfQC7HkGNQ-PwUkug&amp;h=AT0P6iJ5e8bbIOqsG64Y6Z9O9u8rYWbODfDXUyygx-Od5NbzFvrH_OFQiET_11EtNG1bKN5dn_fH4zFCDud-sb_udXAefEb3-6kbyPzJ8URVnKzO2WhBBc4dtx0osmjeXeP-gKqrvLCjL0pScA&amp;__tn__=-UK-y-R&amp;c[0]=AT2Cnx7CAZTgKjleTMI63j6G8T4K7hj21kTCrIGFoIzctfaGFrcXmyaYwxkU762taztalmSCvW1yqIKPRieOU1yF8rqLiag9Z1ozXU6G9BhsIEVyNkHn4eGl87neucLVbPoOYyTiLDfzB7BOiN3C_xmWK0fvOInsVcwXcuWNoiD4cvQnsI62q5nZMkNjeCwUsOjUOBRj7Y7nrVpi7f05_in4-pJj02Q1JcuFdAmW-Niak_95NmMG\" target=\"_blank\" rel=\"nofollow noopener noreferrer\">www.festivalecos.<\/a><\/span>com \/\u00a0 <a href=\"https:\/\/l.facebook.com\/l.php?u=https%3A%2F%2Facortar.link%2FIxjdJ7%3Ffbclid%3DIwZXh0bgNhZW0CMTAAAR29LBrRTnjwZfMnE3h_fhb54ETrF7YLUjOn0VNwpNEpBtkaixXiQ29EX7U_aem_qxHz4NLoiZHB4Es0wrDB6A&amp;h=AT2q2hHw4SiyZLUp-yf_ebON3kJjugeq8gddi_HJdcfesTrldeslKdqdHOvlfdMc-AfuQp1TyDkeiS4rDnAEg6P4du6OEgpz90cORrvsOL_pv7pDM0wW3-Vwy2H_91rmGVsL2jDqNAMEhqkayA&amp;__tn__=-UK-y-R&amp;c[0]=AT2Cnx7CAZTgKjleTMI63j6G8T4K7hj21kTCrIGFoIzctfaGFrcXmyaYwxkU762taztalmSCvW1yqIKPRieOU1yF8rqLiag9Z1ozXU6G9BhsIEVyNkHn4eGl87neucLVbPoOYyTiLDfzB7BOiN3C_xmWK0fvOInsVcwXcuWNoiD4cvQnsI62q5nZMkNjeCwUsOjUOBRj7Y7nrVpi7f05_in4-pJj02Q1JcuFdAmW-Niak_95NmMG\">Enllaz<\/a> \/ <span class=\"html-span xdj266r x11i5rnm xat24cr x1mh8g0r xexx8yu x4uap5 x18d9i69 xkhd6sd x1hl2dhg x16tdsg8 x1vvkbs\"><a class=\"x1i10hfl xjbqb8w x1ejq31n xd10rxx x1sy0etr x17r0tee x972fbf xcfux6l x1qhh985 xm0m39n x9f619 x1ypdohk xt0psk2 xe8uvvx xdj266r x11i5rnm xat24cr x1mh8g0r xexx8yu x4uap5 x18d9i69 xkhd6sd x16tdsg8 x1hl2dhg xggy1nq x1a2a7pz x1sur9pj xkrqix3 x1fey0fg x1s688f\" role=\"link\" href=\"https:\/\/l.facebook.com\/l.php?u=https%3A%2F%2Facortar.link%2FRKNUKM%3Ffbclid%3DIwZXh0bgNhZW0CMTAAAR2Sd7iY6YOllBkkfaDQ2yd8n9oLVOzmWw3qnmVuwKoOmNJDYCpLXkyK5mc_aem_hYwyafJRdrhSclVNYQIp5Q&amp;h=AT1dIFR8bOEAmT0GeFlRDc9-_AwJk1B2HuxghmnWUkOL5JxTiDprzXPbx7SnfUslQS-L9zlN4mcTZtYE6KA5gEepAcWvvo_PD9m57jzH9ysS1CqJSZBoXUQ1fRXs_QtyzWxKYJNRFFThtE2bJg&amp;__tn__=-UK-R&amp;c[0]=AT2ZQWvthGLULLnMjEzCo3d-_L09cAMQB1bCe_VSabYyyi4pw7dplLZghy0j3TsxEXgcVBKDIK4qUAc3ciHlRutBFHyNgshBJd6a1kb0WAfBVomkmw8NqHeG1E6ji70isS368LLH1wi4pQfRUGh07tcIsqBIVNrQ2hf-SQvarKALNozw8Yf-L9xoyCNIkNjuJVe470BZrCpPRdrgNYNTvPpxIoPRyhNmGX8zdk8fXB1JQm2SIk7mY8bJQ9yB\" target=\"_blank\" rel=\"nofollow noopener noreferrer\">https:\/\/acortar.link\/RKNUKM<\/a><\/span><\/li>\n<li><a class=\"pdf\" title=\"NP programa y web del festival ECOS. Abre una nueva ventana\" href=\"https:\/\/actualidad.asturias.es\/documents\/533407\/0\/2024_09_28+NP+programa+y+web+ECOS.pdf\/aa5c29a0-e248-3df6-7ecf-3bf0fb9f0ea3?t=1727530465702\" target=\"_blank\" rel=\"noopener\"> NP programa y web del festival ECOS <\/a><\/li>\n<li><a class=\"pdf\" title=\"Programa del festival en asturiano. Abre una nueva ventana\" href=\"https:\/\/actualidad.asturias.es\/documents\/533407\/0\/PROGRAMA-ast.pdf\/75c16199-5146-6c58-d067-e88017abc880?t=1727530486976\" target=\"_blank\" rel=\"noopener\"> Programa del festival en asturiano <\/a><\/li>\n<\/ul>\n<div class=\"html-div xdj266r x11i5rnm xat24cr x1mh8g0r xexx8yu x4uap5 x18d9i69 xkhd6sd\">\n<div class=\"x78zum5 xdt5ytf xz62fqu x16ldp7u\">\n<div class=\"xu06os2 x1ok221b\">\n<div class=\"html-div xdj266r x11i5rnm xat24cr x1mh8g0r xexx8yu x4uap5 x18d9i69 xkhd6sd x1q0g3np\">Cultura presenta\u2019l programa del <strong>Festival d\u2019Arquitectura, Cultura y Territoriu ECOS<\/strong>, qu\u2019empieza\u2019l xueves. El<strong> festival d\u2019arte ef\u00edmeru<\/strong> estrena g\u00fcei\u2019l so sitiu web billing\u00fce onde consultar tola programaci\u00f3<span class=\"html-span xdj266r x11i5rnm xat24cr x1mh8g0r xexx8yu x4uap5 x18d9i69 xkhd6sd x1hl2dhg x16tdsg8 x1vvkbs\"><a class=\"x1i10hfl xjbqb8w x1ejq31n xd10rxx x1sy0etr x17r0tee x972fbf xcfux6l x1qhh985 xm0m39n x9f619 x1ypdohk xt0psk2 xe8uvvx xdj266r x11i5rnm xat24cr x1mh8g0r xexx8yu x4uap5 x18d9i69 xkhd6sd x16tdsg8 x1hl2dhg xggy1nq x1a2a7pz x1sur9pj xkrqix3 x1fey0fg x1s688f\" role=\"link\" href=\"https:\/\/l.facebook.com\/l.php?u=http%3A%2F%2Fwww.festivalecos.com%2F%3Ffbclid%3DIwZXh0bgNhZW0CMTAAAR1v3oRIpVGLlS_bSTG2wE0Rr8KiEXXtPtTS3JaCADhUw4CU_sxt9ZnCiTE_aem_raDX6tfQC7HkGNQ-PwUkug&amp;h=AT0P6iJ5e8bbIOqsG64Y6Z9O9u8rYWbODfDXUyygx-Od5NbzFvrH_OFQiET_11EtNG1bKN5dn_fH4zFCDud-sb_udXAefEb3-6kbyPzJ8URVnKzO2WhBBc4dtx0osmjeXeP-gKqrvLCjL0pScA&amp;__tn__=-UK-y-R&amp;c[0]=AT2Cnx7CAZTgKjleTMI63j6G8T4K7hj21kTCrIGFoIzctfaGFrcXmyaYwxkU762taztalmSCvW1yqIKPRieOU1yF8rqLiag9Z1ozXU6G9BhsIEVyNkHn4eGl87neucLVbPoOYyTiLDfzB7BOiN3C_xmWK0fvOInsVcwXcuWNoiD4cvQnsI62q5nZMkNjeCwUsOjUOBRj7Y7nrVpi7f05_in4-pJj02Q1JcuFdAmW-Niak_95NmMG\" target=\"_blank\" rel=\"nofollow noopener noreferrer\">n: www.festivalecos.<\/a><\/span>com. La conseyer\u00eda impulsa esti eventu pioneru col<strong> oxetivu de poner en valor el patrimoniu industrial asturianu como ferramienta clave na revitalizaci\u00f3n de les cuenques mineres.<\/strong><\/div>\n<\/div>\n<\/div>\n<\/div>\n<p><a href=\"https:\/\/actualidad.asturias.es\/documents\/537115\/2123705\/PRESENTACION+MUPI+bilingue.jpg\/897aa288-2661-1598-5cd5-5fc2cd4ea591?t=1727530548324\"><img loading=\"lazy\" decoding=\"async\" class=\"aligncenter \" src=\"https:\/\/actualidad.asturias.es\/documents\/537115\/2123705\/PRESENTACION+MUPI+bilingue.jpg\/897aa288-2661-1598-5cd5-5fc2cd4ea591?t=1727530548324\" width=\"400\" height=\"583\" \/><\/a><!--more--><\/p>\n<p><span class=\"html-span xexx8yu x4uap5 x18d9i69 xkhd6sd x1hl2dhg x16tdsg8 x1vvkbs x3nfvp2 x1j61x8r x1fcty0u xdj266r xat24cr xgzva0m xhhsvwb xxymvpz xlup9mm x1kky2od\"><img loading=\"lazy\" decoding=\"async\" class=\"xz74otr\" src=\"https:\/\/static.xx.fbcdn.net\/images\/emoji.php\/v9\/t50\/1\/16\/26cf.png\" alt=\"\u26cf\ufe0f\" width=\"16\" height=\"16\" \/><\/span><span class=\"html-span xexx8yu x4uap5 x18d9i69 xkhd6sd x1hl2dhg x16tdsg8 x1vvkbs x3nfvp2 x1j61x8r x1fcty0u xdj266r xat24cr xgzva0m xhhsvwb xxymvpz xlup9mm x1kky2od\"><img loading=\"lazy\" decoding=\"async\" class=\"xz74otr\" src=\"https:\/\/static.xx.fbcdn.net\/images\/emoji.php\/v9\/t30\/1\/16\/1faa8.png\" alt=\"?\" width=\"16\" height=\"16\" \/><\/span> La Conseyer\u00eda de Cultura entama\u2019l <strong>primer festival d\u2019arte ef\u00edmeru en patrimoniu industrial d\u2019Asturie<\/strong>s <span class=\"html-span xexx8yu x4uap5 x18d9i69 xkhd6sd x1hl2dhg x16tdsg8 x1vvkbs x3nfvp2 x1j61x8r x1fcty0u xdj266r xat24cr xgzva0m xhhsvwb xxymvpz xlup9mm x1kky2od\"><img loading=\"lazy\" decoding=\"async\" class=\"xz74otr\" src=\"https:\/\/static.xx.fbcdn.net\/images\/emoji.php\/v9\/t2a\/1\/16\/1f3ed.png\" alt=\"?\" width=\"16\" height=\"16\" \/><\/span><span class=\"html-span xexx8yu x4uap5 x18d9i69 xkhd6sd x1hl2dhg x16tdsg8 x1vvkbs x3nfvp2 x1j61x8r x1fcty0u xdj266r xat24cr xgzva0m xhhsvwb xxymvpz xlup9mm x1kky2od\"><img loading=\"lazy\" decoding=\"async\" class=\"xz74otr\" src=\"https:\/\/static.xx.fbcdn.net\/images\/emoji.php\/v9\/t6c\/1\/16\/1f499.png\" alt=\"?\" width=\"16\" height=\"16\" \/><\/span><span class=\"html-span xexx8yu x4uap5 x18d9i69 xkhd6sd x1hl2dhg x16tdsg8 x1vvkbs x3nfvp2 x1j61x8r x1fcty0u xdj266r xat24cr xgzva0m xhhsvwb xxymvpz xlup9mm x1kky2od\"><img loading=\"lazy\" decoding=\"async\" class=\"xz74otr\" src=\"https:\/\/static.xx.fbcdn.net\/images\/emoji.php\/v9\/t15\/1\/16\/1f49b.png\" alt=\"?\" width=\"16\" height=\"16\" \/>\u00a0<\/span> Dellos sitios de los valles mineros van acoyer el <strong>Festival d\u2019Arquitectura, Cultura y Territoriu ECOS.<\/strong><strong> L\u2019eventu va durar diez d\u00edes<\/strong> y va cuntar con instalaciones d\u2019arquitectura ef\u00edmera en seis pozos mineros y un programa completu d\u2019actividaes culturales en dellos conceyos.<\/p>\n<p>&nbsp;<\/p>\n<\/div>\n<\/div>\n<div style=\"text-align: center\"><a href=\"https:\/\/actualidad.asturias.es\/documents\/537115\/2112098\/2024_09_23+presentacion+ECOS+Festival+1.jpeg\/53ec1540-5ae5-82a0-501d-47f99460e7cd?t=1727096859724\"><img loading=\"lazy\" decoding=\"async\" class=\"aligncenter \" src=\"https:\/\/actualidad.asturias.es\/documents\/537115\/2112098\/2024_09_23+presentacion+ECOS+Festival+1.jpeg\/53ec1540-5ae5-82a0-501d-47f99460e7cd?t=1727096859724\" width=\"704\" height=\"528\" \/><\/a><\/div>\n<div><\/div>\n<div class=\"html-div xdj266r x11i5rnm xat24cr x1mh8g0r xexx8yu x4uap5 x18d9i69 xkhd6sd\" dir=\"auto\">\n<div id=\":rcq:\" class=\"x1l90r2v x1pi30zi x1swvt13 x1iorvi4\" data-ad-comet-preview=\"message\" data-ad-preview=\"message\">\n<div class=\"x78zum5 xdt5ytf xz62fqu x16ldp7u\">\n<div class=\"xu06os2 x1ok221b\">\n<div class=\"xdj266r x11i5rnm xat24cr x1mh8g0r x1vvkbs x126k92a\">\n<div dir=\"auto\">\n<div class=\"html-div xdj266r x11i5rnm xat24cr x1mh8g0r xexx8yu x4uap5 x18d9i69 xkhd6sd\">\n<div class=\"x78zum5 xdt5ytf xz62fqu x16ldp7u\">\n<div class=\"xu06os2 x1ok221b\">\n<ul>\n<li class=\"html-h3 x11i5rnm xat24cr x1mh8g0r xexx8yu x4uap5 x18d9i69 xkhd6sd x1vvkbs x1heor9g x1qlqyl8 x1pd3egz x1a2a7pz x1gslohp x1yc453h\"><span class=\"x1lliihq x6ikm8r x10wlt62 x1n2onr6\"><span class=\"xt0psk2\"><a class=\"x1i10hfl xjbqb8w x1ejq31n xd10rxx x1sy0etr x17r0tee x972fbf xcfux6l x1qhh985 xm0m39n x9f619 x1ypdohk xt0psk2 xe8uvvx xdj266r x11i5rnm xat24cr x1mh8g0r xexx8yu x4uap5 x18d9i69 xkhd6sd x16tdsg8 x1hl2dhg xggy1nq x1a2a7pz x1sur9pj xkrqix3 xzsf02u x1s688f\" role=\"link\" href=\"https:\/\/www.facebook.com\/culturaAST?__cft__[0]=AZWoi2k7zELyXZ33iZQIhTEyqAxQJA2QTkyHw2XGakqGNyMqAEUGf2fz88R4JO7sYBL8KqzRTBbNwwAFWApnKYZDo6uGTgRxpTf33bCraXE7Fq3dvzmmFdKPkHKq_r5mTkxu1sG8SigybqHjp6PAF-cXOiQcRyFMzQErZXiX9NE6_WTfBu_7Q-xkOCico0KGy6pbPtIqlZuEsYcjRNZP-_Z8j5gR84nGejmr2ydfCnXLrw&amp;__tn__=-UC%2CP-y-R\"><strong class=\"html-strong xdj266r x11i5rnm xat24cr x1mh8g0r xexx8yu x4uap5 x18d9i69 xkhd6sd x1hl2dhg x16tdsg8 x1vvkbs x1s688f\"><span class=\"html-span xdj266r x11i5rnm xat24cr x1mh8g0r xexx8yu x4uap5 x18d9i69 xkhd6sd x1hl2dhg x16tdsg8 x1vvkbs\">Conseyer\u00eda de Cultura, Pol\u00edtica Lling\u00fc\u00edstica y Deporte<\/span><\/strong><\/a><\/span><\/span><\/li>\n<\/ul>\n<\/div>\n<\/div>\n<\/div>\n<\/div>\n<\/div>\n<div dir=\"auto\"><\/div>\n<div class=\"x11i5rnm xat24cr x1mh8g0r x1vvkbs xtlvy1s x126k92a\">\n<div dir=\"auto\"><span class=\"html-span xexx8yu x4uap5 x18d9i69 xkhd6sd x1hl2dhg x16tdsg8 x1vvkbs x3nfvp2 x1j61x8r x1fcty0u xdj266r xat24cr xgzva0m xhhsvwb xxymvpz xlup9mm x1kky2od\"><img loading=\"lazy\" decoding=\"async\" class=\"xz74otr\" src=\"https:\/\/static.xx.fbcdn.net\/images\/emoji.php\/v9\/t40\/1\/16\/25b6.png\" alt=\"\u25b6\ufe0f\" width=\"16\" height=\"16\" \/><\/span>Estos van ser los equipos creativos, la obra y l&#8217;emplazamientu onde van llevase a cabu:<\/div>\n<\/div>\n<div class=\"x11i5rnm xat24cr x1mh8g0r x1vvkbs xtlvy1s x126k92a\">\n<div dir=\"auto\"><span class=\"html-span xexx8yu x4uap5 x18d9i69 xkhd6sd x1hl2dhg x16tdsg8 x1vvkbs x3nfvp2 x1j61x8r x1fcty0u xdj266r xat24cr xgzva0m xhhsvwb xxymvpz xlup9mm x1kky2od\"><img loading=\"lazy\" decoding=\"async\" class=\"xz74otr\" src=\"https:\/\/static.xx.fbcdn.net\/images\/emoji.php\/v9\/t2d\/1\/16\/1f4cd.png\" alt=\"?\" width=\"16\" height=\"16\" \/><\/span>Space Popular: Furacu. The Hole Story (Pozu San Jos\u00e9)<\/div>\n<div dir=\"auto\"><span class=\"html-span xexx8yu x4uap5 x18d9i69 xkhd6sd x1hl2dhg x16tdsg8 x1vvkbs x3nfvp2 x1j61x8r x1fcty0u xdj266r xat24cr xgzva0m xhhsvwb xxymvpz xlup9mm x1kky2od\"><img loading=\"lazy\" decoding=\"async\" class=\"xz74otr\" src=\"https:\/\/static.xx.fbcdn.net\/images\/emoji.php\/v9\/t2d\/1\/16\/1f4cd.png\" alt=\"?\" width=\"16\" height=\"16\" \/><\/span>Estar Estudio: Reonda (Pozu Santa B\u00e1rbara)<\/div>\n<div dir=\"auto\"><span class=\"html-span xexx8yu x4uap5 x18d9i69 xkhd6sd x1hl2dhg x16tdsg8 x1vvkbs x3nfvp2 x1j61x8r x1fcty0u xdj266r xat24cr xgzva0m xhhsvwb xxymvpz xlup9mm x1kky2od\"><img loading=\"lazy\" decoding=\"async\" class=\"xz74otr\" src=\"https:\/\/static.xx.fbcdn.net\/images\/emoji.php\/v9\/t2d\/1\/16\/1f4cd.png\" alt=\"?\" width=\"16\" height=\"16\" \/><\/span>L\u00f3facil y Salom\u00e9 Wackernagel: El Cuadro Blanco y Rur\u00e1polis Summerschool (Pozu Espinos)<\/div>\n<div dir=\"auto\"><span class=\"html-span xexx8yu x4uap5 x18d9i69 xkhd6sd x1hl2dhg x16tdsg8 x1vvkbs x3nfvp2 x1j61x8r x1fcty0u xdj266r xat24cr xgzva0m xhhsvwb xxymvpz xlup9mm x1kky2od\"><img loading=\"lazy\" decoding=\"async\" class=\"xz74otr\" src=\"https:\/\/static.xx.fbcdn.net\/images\/emoji.php\/v9\/t2d\/1\/16\/1f4cd.png\" alt=\"?\" width=\"16\" height=\"16\" \/><\/span>ARKUOS: Saur\u00edn Lagniam (Saur\u00edn el de Langreo) (Pozu Fond\u00f3n)<\/div>\n<div dir=\"auto\"><span class=\"html-span xexx8yu x4uap5 x18d9i69 xkhd6sd x1hl2dhg x16tdsg8 x1vvkbs x3nfvp2 x1j61x8r x1fcty0u xdj266r xat24cr xgzva0m xhhsvwb xxymvpz xlup9mm x1kky2od\"><img loading=\"lazy\" decoding=\"async\" class=\"xz74otr\" src=\"https:\/\/static.xx.fbcdn.net\/images\/emoji.php\/v9\/t2d\/1\/16\/1f4cd.png\" alt=\"?\" width=\"16\" height=\"16\" \/><\/span>Furii Studio: Funda. Del cuerpo al paisaje (Pozu Sot\u00f3n)<\/div>\n<div dir=\"auto\"><span class=\"html-span xexx8yu x4uap5 x18d9i69 xkhd6sd x1hl2dhg x16tdsg8 x1vvkbs x3nfvp2 x1j61x8r x1fcty0u xdj266r xat24cr xgzva0m xhhsvwb xxymvpz xlup9mm x1kky2od\"><img loading=\"lazy\" decoding=\"async\" class=\"xz74otr\" src=\"https:\/\/static.xx.fbcdn.net\/images\/emoji.php\/v9\/t2d\/1\/16\/1f4cd.png\" alt=\"?\" width=\"16\" height=\"16\" \/><\/span>Laboratorio Biomim\u00e9tico: BioWalk. Artefactos foto (sint\u00e9ticos) (Pozu San Luis)<\/div>\n<\/div>\n<div dir=\"auto\">\n<div class=\"description\">\n<p>La Conseyer\u00eda de Cultura, Pol\u00edtica Lling\u00fc\u00edstica y Deporte entam\u00f3\u2019l <i>Festival d\u2019Arquitectura, Cultura y Territoriu ECOS<\/i>. Tr\u00e1tase del primer festival d\u2019arte ef\u00edmeru que se desenvuelve dafechu nel patrimoniu industrial asturianu. L\u2019eventu va empezar esti 3 d\u2019ochobre cola inauguraci\u00f3n oficial y una programaci\u00f3n novedosa que va acull\u00e1 de l\u2019arquitectura, poniendo\u2019l trabayu de creadores locales como un reflexu n\u00edtidu de la cultura minera.<\/p>\n<p>D\u2019esta manera, Cultura muestra\u2019l so compromisu p\u2019asitiar la cultura y l\u2019arquitectura como ferramientes clave na revitalizaci\u00f3n de los valles mineros y el caltenimientu del nuestru patrimoniu, al tiempu que val como recursu tur\u00edsticu de los conceyos de la contorna. Precisamente, esti festival calti\u00e9n una collaboraci\u00f3n cola Feria de Turismu Mineru y Industrial (FETUMI), onde les y los arquitectos del festival ECOS van presentar los sos trabayos.<\/p>\n<p>El programa ambiciosu igu\u00e1u pal eventu art\u00edsticu present\u00e1ronlu esti mediud\u00eda en rueda de prensa la conseyera de Cultura, Pol\u00edtica Lling\u00fc\u00edstica y Deporte, Vanessa Guti\u00e9rrez, y el presidente d\u2019HUNOSA, Enrique Fern\u00e1ndez. El festival ECOS va cuntar con siete instalaciones ef\u00edmeres d\u2019arquitectura realizaes por equipos creativos de sonad\u00eda reconocida, am\u00e1s de <i>videomapping<\/i>, xornaes de puertes abiertes, meses redondes, simposios, talleres, conciertos y visites guiaes.<\/p>\n<p>Con esti festival, el Gobiernu d\u2019Asturies quier dar a conocer los valores culturales del territoriu asturianu a la socied\u00e1, convidando al p\u00fablicu a visitalu al travi\u00e9s de la realizaci\u00f3n de les instalaciones arquitect\u00f3niques de calter ef\u00edmeru en sitios emblem\u00e1ticos vinculaos a la miner\u00eda: los pozos San Luis y El Fond\u00f3n (Llangr\u00e9u), El Sot\u00f3n (SMRA), Santa B\u00e1rbara, San Jos\u00e9 y Espinos (Mieres). L\u2019activid\u00e1 cultural tami\u00e9n va desenvolvese nos conceyos d\u2019Ayer y Llaviana.<\/p>\n<p>A lo llargo de diez d\u00edes dende la inauguraci\u00f3n, prevista pal 3 d\u2019ochobre del 2024, estos van ser los escenarios abiertos al p\u00fablicu. La iniciativa ent\u00e1mase alredor de les instalaciones arquitect\u00f3niques, que se dise\u00f1en d\u2019alcuerdu cola tem\u00e1tica principal, los ECOS.<\/p>\n<p>Los montaxes ef\u00edmeros van ser los elementos conductores d\u2019unos percorr\u00edos propuestos al travi\u00e9s del territoriu asturianu, ca\u00fan d\u2019ellos en rellaci\u00f3n directa con un elementu patrimonial destac\u00e1u del paisaxe industrial: los pozos. Estos van ser los equipos creativos, la obra y l&#8217;emplazamientu onde van llevase a cabu:<\/p>\n<ul>\n<li>Space Popular: Furacu. The Hole Story (Pozu San Jos\u00e9)<\/li>\n<li>Estar Estudio: Reonda (Pozu Santa B\u00e1rbara)<\/li>\n<li>L\u00f3facil y Salom\u00e9 Wackernagel: El Cuadro Blanco y Rur\u00e1polis Summerschool (Pozu Espinos)<\/li>\n<li>ARKUOS: Saur\u00edn Lagniam (Saur\u00edn el de Langreo) (Pozu Fond\u00f3n)<\/li>\n<li>Furii Studio: Funda. Del cuerpo al paisaje (Pozu Sot\u00f3n)<\/li>\n<li>Laboratorio Biomim\u00e9tico: BioWalk. Artefactos foto (sint\u00e9ticos) (Pozu San Luis)<\/li>\n<\/ul>\n<p>El <i>Festival d\u2019Arquitectura, Cultura y Territoriu ECOS<\/i> cunta col sofitu de munches entidaes collaboradores, ente les que t\u00e1n HUNOSA; los conceyos de Mieres, Llangr\u00e9u, Samart\u00edn del Rei Aurelio, Llaviana y Ayer; la Universid\u00e1 d\u2019Uvi\u00e9u; el Colexu d\u2019Arquitectos d\u2019Asturies; la Fundaci\u00f3n Caxa Rural d\u2019Asturies; la Fundaci\u00f3n Llaboral de la Construcci\u00f3n y Llaboral Centru d\u2019Arte y Creaci\u00f3n Industrial.<\/p>\n<\/div>\n<div class=\"contenido-article documentacion\">\n<ul>\n<li><a class=\"pdf\" title=\"NP programa y web del festival ECOS. Abre una nueva ventana\" href=\"https:\/\/actualidad.asturias.es\/documents\/533407\/0\/2024_09_28+NP+programa+y+web+ECOS.pdf\/aa5c29a0-e248-3df6-7ecf-3bf0fb9f0ea3?t=1727530465702\" target=\"_blank\" rel=\"noopener\"> NP programa y web del festival ECOS <\/a><\/li>\n<li><a class=\"pdf\" title=\"Programa del festival en asturiano. Abre una nueva ventana\" href=\"https:\/\/actualidad.asturias.es\/documents\/533407\/0\/PROGRAMA-ast.pdf\/75c16199-5146-6c58-d067-e88017abc880?t=1727530486976\" target=\"_blank\" rel=\"noopener\"> Programa del festival en asturiano <\/a><\/li>\n<\/ul>\n<\/div>\n<\/div>\n<div class=\"x11i5rnm xat24cr x1mh8g0r x1vvkbs xtlvy1s x126k92a\">\n<div dir=\"auto\">\n<h1><span style=\"color: #008080\">Cultura presenta\u2019l programa del Festival d\u2019Arquitectura, Cultura y Territoriu ECOS, qu\u2019empieza\u2019l xueves<\/span><\/h1>\n<p class=\"Ttulo1CxSpLast\">\n<ul>\n<li class=\"Entradilla\"><span style=\"color: #008080\">El festival d\u2019arte ef\u00edmeru estrena g\u00fcei\u2019l so sitiu web billing\u00fce onde consultar tola programaci\u00f3n: <a style=\"color: #008080\" href=\"http:\/\/www.festivalecos.com\">www.festivalecos.com<\/a>\u00a0 \u00a0<\/span><\/li>\n<li class=\"Entradilla\"><span style=\"color: #008080\">La conseyer\u00eda impulsa esti eventu pioneru col oxetivu de poner en valor el patrimoniu industrial asturianu como ferramienta clave na revitalizaci\u00f3n de les cuenques mineres<\/span><\/li>\n<\/ul>\n<p>&nbsp;<\/p>\n<p><span style=\"color: #008080\">El Festival d\u2019Arquitectura, Cultura y Territoriu (ECOS), organiz\u00e1u pola Conseyer\u00eda de Cultura, Pol\u00edtica Lling\u00fc\u00edstica y Deporte, empieza\u2019l pr\u00f3ximu xueves 3 d\u2019ochobre a les 10 de la ma\u00f1ana cola inauguraci\u00f3n institucional na que va participar la conseyera Vanessa Guti\u00e9rrez. Depu\u00e9s del actu institucional va siguir una mesa redonda, en collaboraci\u00f3n cola Feria de Turismu Mineru y Industrial (Fetumi), na que van participar los equipos creadores de les siete instalaciones ef\u00edmeres colocaes nos pozos mineros.<\/span><\/p>\n<p><span style=\"color: #008080\">Al otru d\u00eda, el vinres 4 d\u2019ochobre, el Festival ECOS va abrir les puertes al p\u00fablicu diez d\u00edes. Va facelo con un completu programa d\u2019actividaes que tien como exa central les siete instalaciones ef\u00edmeres en pozos mineros de los conceyos de Mieres, Llangr\u00e9u y Samart\u00edn del Rei Aurelio (San Jos\u00e9, Santa B\u00e1rbara, Espinos, Fond\u00f3n, Sot\u00f3n y San Luis), asina como los eventos programaos nos concejos de Ayer y Llaviana.<\/span><\/p>\n<p><span style=\"color: #008080\">Tanto l\u2019accesu a les instalaciones, como a los eventos programaos nel festival, son d\u2019accesu gratuitu dafechu pa la ciudadan\u00eda.<\/span><\/p>\n<p><span style=\"color: #008080\">Nesta xornada estren\u00f3se tami\u00e9n el sitiu web del festival, <a style=\"color: #008080\" href=\"http:\/\/www.festivalecos.com\">www.festivalecos.com<\/a> y les redes sociales, onde se puede consultar tola informaci\u00f3n sobre les creaciones ef\u00edmeres, la historia de les llocalizaciones, la biograf\u00eda de los creadores y el programa completu, am\u00e1s de les noticies que vayan produci\u00e9ndose dende g\u00fcei y nos diez d\u00edes que va durar el festival. Na web billing\u00fce, con versi\u00f3n en castellanu y n\u2019asturianu, tami\u00e9n pueden alcontrase audiogu\u00edes pa sentir f\u00e1cil dende un tel\u00e9fonu m\u00f3vil.<\/span><\/p>\n<p><span style=\"color: #008080\">A lo llargo de tola selmana, ente\u2019l 4 y el 13 d\u2019ochobre, van ofrecese, como complementu a les instalaciones, visites guiaes, xornaes de puertes abiertes, meses redondes, talleres, proyecciones audiollum\u00edniques y conciertos. Dalgunos de los eventos m\u00e1s destacaos son los siguientes:<\/span><\/p>\n<p class=\"Subttulo11\"><span style=\"color: #008080\"><strong>Xueves, 3 d\u2019ochobre<\/strong><\/span><\/p>\n<ul>\n<li class=\"Tabulaciones1\"><span style=\"color: #008080\">Inauguraci\u00f3n oficial<\/span><\/li>\n<li class=\"Tabulaciones1\"><span style=\"color: #008080\">Mesa redonda colos arquitectos y arquitectes de los equipos creadores en collaboraci\u00f3n con Fetumi<\/span><\/li>\n<\/ul>\n<p class=\"Subttulo11\"><span style=\"color: #008080\"><strong>Vienres, 4 d\u2019ochobre<\/strong><\/span><\/p>\n<ul>\n<li class=\"Tabulaciones1\"><span style=\"color: #008080\">Visita guiada Pozu Sot\u00f3n, Samart\u00edn del Rei Aurelio. Pozu San Luis y Pozu Fond\u00f3n, Langreo.\u00a0<\/span><\/li>\n<li class=\"Tabulaciones1\"><span style=\"color: #008080\">Videomapping, MUMI, Samart\u00edn del Rei Aurelio, de Roberto Lorenzo<\/span><\/li>\n<\/ul>\n<p class=\"Subttulo11\"><span style=\"color: #008080\"><strong>S\u00e1badu, 5 d\u2019ochobre<\/strong><\/span><\/p>\n<ul>\n<li class=\"Tabulaciones1\"><span style=\"color: #008080\">Xornada de puertes abiertes, Pozu Sot\u00f3n, Samart\u00edn del Rei Aurelio.<\/span><\/li>\n<li class=\"Tabulaciones1\"><span style=\"color: #008080\">Paseos de Jane, Entornu del Pozu Barredo, Mieres (previa inscripci\u00f3n gratuita).<\/span><\/li>\n<li class=\"Tabulaciones1\"><span style=\"color: #008080\">Visites guiaes a les instalaciones ef\u00edmeres (previa inscripci\u00f3n gratuita).<\/span><\/li>\n<li class=\"Tabulaciones1\"><span style=\"color: #008080\">Conciertu Espacio PZSB, Pozu Santa B\u00e1rbara, Mieres. <i>La Maramoniz <\/i>de Mapi Quintana.<\/span><\/li>\n<\/ul>\n<p class=\"Subttulo11\"><span style=\"color: #008080\"><strong>Domingu, 6 d\u2019ochobre<\/strong><\/span><\/p>\n<ul>\n<li class=\"Tabulaciones1\"><span style=\"color: #008080\">Xornada de puertes abiertes, Pozu Sot\u00f3n, Samart\u00edn del Rei Aurelio.<\/span><\/li>\n<li class=\"Tabulaciones1\"><span style=\"color: #008080\">Intervenciones nel patrimoniu mineru. Visites a los pozos de San Jos\u00e9 y Santa B\u00e1rbara. Space Popular y Jos\u00e9 Ram\u00f3n Fern\u00e1ndez Molina.<\/span><\/li>\n<li class=\"Tabulaciones1\"><span style=\"color: #008080\">Xornada <i>Arquitectura, industria y patrimoniu<\/i>, Valle del Tur\u00f3n, Mieres. Participantes: Space. Popular, Estar Estudio, Lof\u00e1cil.<\/span><\/li>\n<li class=\"Tabulaciones1\"><span style=\"color: #008080\">Visites guiaes a les instalaciones ef\u00edmeres (previa inscripci\u00f3n gratuita).<\/span><\/li>\n<\/ul>\n<p class=\"Subttulo11\"><span style=\"color: #008080\"><strong>Llunes, 7 d\u2019ochobre<\/strong><\/span><\/p>\n<ul>\n<li class=\"Tabulaciones1\"><span style=\"color: #008080\">Mesa redonda: <i>Estrategias de revitalizaci\u00f3n del territorio<\/i>. Ayer.<\/span><\/li>\n<\/ul>\n<p class=\"Subttulo11\"><span style=\"color: #008080\"><strong>Martes, 8 d\u2019ochobre<\/strong><\/span><\/p>\n<ul>\n<li class=\"Tabulaciones1\"><span style=\"color: #008080\">Mesa redonda: <i>Talento que da vida al territorio.<\/i> Fundaci\u00f3n Caja Rural, Pozu San Luis, Llangr\u00e9u. Participantes: Lon&amp;Boc, ElevenPeople, Laboratorio Biomim\u00e9tico.<\/span><\/li>\n<\/ul>\n<p class=\"Subttulo11\"><span style=\"color: #008080\"><strong>Mi\u00e9rcoles, 9 d\u2019ochobre<\/strong><\/span><\/p>\n<ul>\n<li class=\"Tabulaciones1\"><span style=\"color: #008080\">Proyecci\u00f3n documental y mesa redonda. <i>Memorias culturales de un pasado industrial<\/i>. CIDAN, Llaviana.<\/span><\/li>\n<\/ul>\n<p class=\"Subttulo11\"><span style=\"color: #008080\"><strong>Xueves, 10 d\u2019ochobre<\/strong><\/span><\/p>\n<ul>\n<li class=\"Tabulaciones1\"><span style=\"color: #008080\">Mesa redonda <i>Arquitectura, medioambiente y socied\u00e1.<\/i> Llugar: Sede del Colexu Oficial d\u2019Arquitectos d\u2019Asturies, Uvi\u00e9u. Participantes: Furii Studio, Laboratorio Biomim\u00e9tico<\/span><\/li>\n<\/ul>\n<p class=\"Subttulo11\"><span style=\"color: #008080\"><strong>Vienres,11 d\u2019ochobre<\/strong><\/span><\/p>\n<ul>\n<li class=\"Tabulaciones1\"><span style=\"color: #008080\">Conciertu LLABoral Centru d\u2019Arte-Llangr\u00e9u. Artista: Westia, Fantasma Fantas\u00eda y Viuda. Nuevo Teatro de La Felguera. Llangr\u00e9u.<\/span><\/li>\n<\/ul>\n<p class=\"Subttulo11\"><span style=\"color: #008080\"><strong>S\u00e1badu, 12 d\u2019ochobre<\/strong><\/span><\/p>\n<ul>\n<li class=\"Tabulaciones1\"><span style=\"color: #008080\">Paseos de Jane. Entornu del Pozu Carrio, Llaviana \u00a0(previa inscripci\u00f3n gratuita).<\/span><\/li>\n<li class=\"Tabulaciones1\"><span style=\"color: #008080\">Paseos de Jane. L\u2019Entregu, Samart\u00edn del Rei Aurelio (previa inscripci\u00f3n gratuita).<\/span><\/li>\n<li class=\"Tabulaciones1\"><span style=\"color: #008080\">Videomapping, Ayuntamientu de Llaviana. Roberto Lorenzo.<\/span><\/li>\n<li class=\"Tabulaciones1\"><span style=\"color: #008080\">Visites guiaes a les instalaciones ef\u00edmeres (previa inscripci\u00f3n gratuita).<\/span><\/li>\n<\/ul>\n<p class=\"Subttulo11\"><span style=\"color: #008080\">\u00a0<strong>Domingo 13 d\u2019ochobre<\/strong><\/span><\/p>\n<ul>\n<li class=\"Tabulaciones1\"><span style=\"color: #008080\">Paseos de Jane, Entornos de los pozos San Antonio, San Jorge y Santiago. Aller. (Previa inscripci\u00f3n gratuita).<\/span><\/li>\n<li class=\"Tabulaciones1\"><span style=\"color: #008080\">Conciertu d\u2019Anabel Santiago, Morea. Ayer.<\/span><\/li>\n<li class=\"Tabulaciones1\"><span style=\"color: #008080\">Visites guiaes a les instalaciones ef\u00edmeres (previa inscripci\u00f3n gratuita).<\/span><\/li>\n<li class=\"Tabulaciones1\"><span style=\"color: #008080\">Mesa redonda <i>Lletres a les sombres de los castilletes<\/i>. Tertulia Malory. Teatru municipal de Samart\u00edn del Rei Aurelio.<\/span><\/li>\n<li class=\"Tabulaciones1\"><span style=\"color: #008080\">Clausura oficial. Teatru municipal de Samart\u00edn del Rei Aurelio<\/span><\/li>\n<\/ul>\n<\/div>\n<\/div>\n<\/div>\n<\/div>\n<\/div>\n<\/div>\n<p>&nbsp;<\/p>\n","protected":false},"excerpt":{"rendered":"<p>C.\u00a0 Cultura, Pol\u00edtica Lling\u00fc\u00edstica y Deporte www.festivalecos.com \/\u00a0 Enllaz \/ https:\/\/acortar.link\/RKNUKM NP programa y web del festival ECOS Programa del festival en asturiano Cultura presenta\u2019l programa del Festival d\u2019Arquitectura, Cultura y Territoriu ECOS, qu\u2019empieza\u2019l xueves. El festival d\u2019arte ef\u00edmeru estrena g\u00fcei\u2019l so sitiu web billing\u00fce onde consultar tola programaci\u00f3n: www.festivalecos.com. La conseyer\u00eda impulsa esti eventu [&hellip;]<\/p>\n","protected":false},"author":117,"featured_media":0,"comment_status":"open","ping_status":"open","sticky":false,"template":"","format":"standard","meta":{"footnotes":""},"categories":[1],"tags":[],"class_list":["post-31543","post","type-post","status-publish","format-standard","hentry","category-sin-categoria"],"_links":{"self":[{"href":"https:\/\/edublog.educastur.es\/ixuxu\/wp-json\/wp\/v2\/posts\/31543","targetHints":{"allow":["GET"]}}],"collection":[{"href":"https:\/\/edublog.educastur.es\/ixuxu\/wp-json\/wp\/v2\/posts"}],"about":[{"href":"https:\/\/edublog.educastur.es\/ixuxu\/wp-json\/wp\/v2\/types\/post"}],"author":[{"embeddable":true,"href":"https:\/\/edublog.educastur.es\/ixuxu\/wp-json\/wp\/v2\/users\/117"}],"replies":[{"embeddable":true,"href":"https:\/\/edublog.educastur.es\/ixuxu\/wp-json\/wp\/v2\/comments?post=31543"}],"version-history":[{"count":9,"href":"https:\/\/edublog.educastur.es\/ixuxu\/wp-json\/wp\/v2\/posts\/31543\/revisions"}],"predecessor-version":[{"id":31930,"href":"https:\/\/edublog.educastur.es\/ixuxu\/wp-json\/wp\/v2\/posts\/31543\/revisions\/31930"}],"wp:attachment":[{"href":"https:\/\/edublog.educastur.es\/ixuxu\/wp-json\/wp\/v2\/media?parent=31543"}],"wp:term":[{"taxonomy":"category","embeddable":true,"href":"https:\/\/edublog.educastur.es\/ixuxu\/wp-json\/wp\/v2\/categories?post=31543"},{"taxonomy":"post_tag","embeddable":true,"href":"https:\/\/edublog.educastur.es\/ixuxu\/wp-json\/wp\/v2\/tags?post=31543"}],"curies":[{"name":"wp","href":"https:\/\/api.w.org\/{rel}","templated":true}]}}