{"id":31551,"date":"2024-09-23T16:32:14","date_gmt":"2024-09-23T14:32:14","guid":{"rendered":"https:\/\/edublog.educastur.es\/ixuxu\/?p=31551"},"modified":"2024-09-23T16:32:57","modified_gmt":"2024-09-23T14:32:57","slug":"marcha-peles-cais-daviles-pa-visibilizar-la-utilida-de-los-perros-guies","status":"publish","type":"post","link":"https:\/\/edublog.educastur.es\/ixuxu\/2024\/09\/marcha-peles-cais-daviles-pa-visibilizar-la-utilida-de-los-perros-guies\/","title":{"rendered":"Marcha peles cais d&#8217;Avil\u00e9s pa visibilizar la utilid\u00e1 de los perros gu\u00edes"},"content":{"rendered":"<div class=\"padding-t-35\">\n<ul>\n<li class=\"font-size-xxl margin-b-5 font-weight-b color-b-050 letter-spacing--1 fuente-corporativa\">Fonte: <a href=\"https:\/\/www.rtpa.es\/noticias-asturias-ast\/2024-09-22\/Marcha-peles-cais-d'Aviles-pa-visibilizar-la-utilida-de-los-perros-guies_111727002383.html\">RTPA<\/a>\u00a0 \/<\/li>\n<\/ul>\n<p style=\"text-align: center\"><a href=\"https:\/\/www.rtpa.es\/fotos\/\/24\/09\/20240922130646_RTPA5569418.jpg\"><img loading=\"lazy\" decoding=\"async\" class=\"aligncenter size-full\" src=\"https:\/\/www.rtpa.es\/fotos\/\/24\/09\/20240922130646_RTPA5569418.jpg\" width=\"853\" height=\"480\" \/><\/a><\/p>\n<\/div>\n<div id=\"noticiacompleta\" class=\"parragraph-padding font-c-conent\">\n<p class=\"font-size-m padding-b-20 font-weight-b margin-t-16\"><span style=\"font-size: 20px\"><span style=\"font-size: 16px\">La carrera busca financiamientu pa domar a m\u00e1s perros n&#8217;Asturies. <\/span><\/span><strong>Les persones con discapacid\u00e1 aseguren qu&#8217;un perru dom\u00e1u que faiga funciones de gu\u00eda o acompa\u00f1amientu c\u00e1mbia-yos la vida<\/strong>. Consiguir financiamientu pa domar a m\u00e1s perros n&#8217;Asturies ye l&#8217;oxetivu de l&#8217;asociaci\u00f3n Achuchos, cola primer carrera celebrada esta ma\u00f1ana n&#8217;Avil\u00e9s.<\/p>\n<p><!--more--><\/p>\n<p>Caminen peles cais d&#8217;Avil\u00e9s colos sos perros pa visibilizar la utilid\u00e1 de los perros gu\u00edes pa les persones con discapacid\u00e1 y les sos families.<\/p>\n<p>L&#8217;asociaci\u00f3n Achucho lleva cuatro a\u00f1os trabayando na rex\u00f3n y y\u00e1 domaron a un perru destaca Raquel Gonz\u00e1lez, presidenta d&#8217;Achucho.<\/p>\n<p>Sandra L\u00f3pez tien m\u00e1s d&#8217;un 80% de discapacid\u00e1 y lleva dos a\u00f1os y\u00e1 conviviendo con un perru gu\u00eda dom\u00e1u.<\/p>\n<p>Nesta marcha inclusiva participaron en total m\u00e1s de mediu centenar de persones colos sos perros y percorrieron dos kil\u00f3metros pel centru d&#8217;Avil\u00e9s. Recald\u00e1ronse 500 euros.<\/p>\n<\/div>\n<p>&nbsp;<\/p>\n","protected":false},"excerpt":{"rendered":"<p>Fonte: RTPA\u00a0 \/ La carrera busca financiamientu pa domar a m\u00e1s perros n&#8217;Asturies. Les persones con discapacid\u00e1 aseguren qu&#8217;un perru dom\u00e1u que faiga funciones de gu\u00eda o acompa\u00f1amientu c\u00e1mbia-yos la vida. Consiguir financiamientu pa domar a m\u00e1s perros n&#8217;Asturies ye l&#8217;oxetivu de l&#8217;asociaci\u00f3n Achuchos, cola primer carrera celebrada esta ma\u00f1ana n&#8217;Avil\u00e9s.<\/p>\n","protected":false},"author":117,"featured_media":0,"comment_status":"open","ping_status":"open","sticky":false,"template":"","format":"standard","meta":{"footnotes":""},"categories":[1],"tags":[],"class_list":["post-31551","post","type-post","status-publish","format-standard","hentry","category-sin-categoria"],"_links":{"self":[{"href":"https:\/\/edublog.educastur.es\/ixuxu\/wp-json\/wp\/v2\/posts\/31551","targetHints":{"allow":["GET"]}}],"collection":[{"href":"https:\/\/edublog.educastur.es\/ixuxu\/wp-json\/wp\/v2\/posts"}],"about":[{"href":"https:\/\/edublog.educastur.es\/ixuxu\/wp-json\/wp\/v2\/types\/post"}],"author":[{"embeddable":true,"href":"https:\/\/edublog.educastur.es\/ixuxu\/wp-json\/wp\/v2\/users\/117"}],"replies":[{"embeddable":true,"href":"https:\/\/edublog.educastur.es\/ixuxu\/wp-json\/wp\/v2\/comments?post=31551"}],"version-history":[{"count":3,"href":"https:\/\/edublog.educastur.es\/ixuxu\/wp-json\/wp\/v2\/posts\/31551\/revisions"}],"predecessor-version":[{"id":31554,"href":"https:\/\/edublog.educastur.es\/ixuxu\/wp-json\/wp\/v2\/posts\/31551\/revisions\/31554"}],"wp:attachment":[{"href":"https:\/\/edublog.educastur.es\/ixuxu\/wp-json\/wp\/v2\/media?parent=31551"}],"wp:term":[{"taxonomy":"category","embeddable":true,"href":"https:\/\/edublog.educastur.es\/ixuxu\/wp-json\/wp\/v2\/categories?post=31551"},{"taxonomy":"post_tag","embeddable":true,"href":"https:\/\/edublog.educastur.es\/ixuxu\/wp-json\/wp\/v2\/tags?post=31551"}],"curies":[{"name":"wp","href":"https:\/\/api.w.org\/{rel}","templated":true}]}}