{"id":31555,"date":"2024-09-23T16:35:13","date_gmt":"2024-09-23T14:35:13","guid":{"rendered":"https:\/\/edublog.educastur.es\/ixuxu\/?p=31555"},"modified":"2024-09-23T16:35:13","modified_gmt":"2024-09-23T14:35:13","slug":"remata-un-branu-perbonu-pal-sector-del-camping","status":"publish","type":"post","link":"https:\/\/edublog.educastur.es\/ixuxu\/2024\/09\/remata-un-branu-perbonu-pal-sector-del-camping\/","title":{"rendered":"Remata un branu perbonu pal sector del camping"},"content":{"rendered":"<div class=\"padding-t-35\">\n<ul>\n<li class=\"font-size-xxl margin-b-5 font-weight-b color-b-050 letter-spacing--1 fuente-corporativa\">Fonte: <a href=\"https:\/\/www.rtpa.es\/noticias-asturias-ast\/2024-09-21\/Remata-un-branu-perbonu-pal-sector-del-camping_111726916164.html\">RTPA<\/a> \/<\/li>\n<\/ul>\n<p style=\"text-align: center\"><a href=\"https:\/\/www.rtpa.es\/fotos\/\/24\/09\/20240921130429_RTPA5566707.jpg\"><img loading=\"lazy\" decoding=\"async\" class=\"aligncenter size-full\" src=\"https:\/\/www.rtpa.es\/fotos\/\/24\/09\/20240921130429_RTPA5566707.jpg\" width=\"853\" height=\"480\" \/><\/a><\/p>\n<\/div>\n<div id=\"noticiacompleta\" class=\"parragraph-padding font-c-conent\">\n<p class=\"font-size-m padding-b-20 font-weight-b margin-t-16\"><span style=\"font-size: 16px\">La ocupaci\u00f3n media tuvo ente&#8217;l 85 y el 90% hasta la primer selmana de setiembre. Remata un branu estraordinariu pal sector del camping con cifres cercanes al hist\u00f3ricu rexistr\u00e1u l\u2019a\u00f1u pas\u00e1u. La ocupaci\u00f3n media tuvo ente\u2019l 85 y el 90% hasta la primer selmana de setiembre. Munchos campings n\u2019agostu volvieron a tar al 100%.<\/span><\/p>\n<p><!--more--><\/p>\n<p>Los campings conf\u00eden n\u2019algamar la cifra hist\u00f3rica de 300.000 viaxeros y 1.100.000 nueches de 2023. A falta de conocer los datos definitivos del INE, l\u2019Asociaci\u00f3n de Campings d\u2019Asturies destaca la ocupaci\u00f3n media nesti branu, con porcentaxes d\u2019ente\u2019l 85 y el 90%.<\/p>\n<p>Xunto a los bonos datos d\u2019ocupaci\u00f3n, el sector n\u2019Asturies resalta que cada vegada hai m\u00e1s visitantes nuevos que s\u2019amiesten a los que repiten, lo que convierte a estes instalaciones, diz Laura Arias, presidenta de l\u2019Asociaci\u00f3n de Campings d\u2019Asturies, en referente vacacional.<\/p>\n<p>Los servicios m\u00e1s demandaos son los bungalows, sigu\u00edos de les parceles. Medra tami\u00e9n el glamping, espliquen, con vecer\u00eda que busca serviciu completu en plena naturaleza<\/p>\n<p>La medr\u00eda de la vecer\u00eda estranxero, sobre manera nesta d\u00f3mina, fai-yos ser optimistes de cara a algamar, o inclusive superar, les cifres de r\u00e9cor del a\u00f1u pas\u00e1u.<\/p>\n<\/div>\n<p>&nbsp;<\/p>\n","protected":false},"excerpt":{"rendered":"<p>Fonte: RTPA \/ La ocupaci\u00f3n media tuvo ente&#8217;l 85 y el 90% hasta la primer selmana de setiembre. Remata un branu estraordinariu pal sector del camping con cifres cercanes al hist\u00f3ricu rexistr\u00e1u l\u2019a\u00f1u pas\u00e1u. La ocupaci\u00f3n media tuvo ente\u2019l 85 y el 90% hasta la primer selmana de setiembre. Munchos campings n\u2019agostu volvieron a tar [&hellip;]<\/p>\n","protected":false},"author":117,"featured_media":0,"comment_status":"open","ping_status":"open","sticky":false,"template":"","format":"standard","meta":{"footnotes":""},"categories":[18],"tags":[],"class_list":["post-31555","post","type-post","status-publish","format-standard","hentry","category-turismu"],"_links":{"self":[{"href":"https:\/\/edublog.educastur.es\/ixuxu\/wp-json\/wp\/v2\/posts\/31555","targetHints":{"allow":["GET"]}}],"collection":[{"href":"https:\/\/edublog.educastur.es\/ixuxu\/wp-json\/wp\/v2\/posts"}],"about":[{"href":"https:\/\/edublog.educastur.es\/ixuxu\/wp-json\/wp\/v2\/types\/post"}],"author":[{"embeddable":true,"href":"https:\/\/edublog.educastur.es\/ixuxu\/wp-json\/wp\/v2\/users\/117"}],"replies":[{"embeddable":true,"href":"https:\/\/edublog.educastur.es\/ixuxu\/wp-json\/wp\/v2\/comments?post=31555"}],"version-history":[{"count":1,"href":"https:\/\/edublog.educastur.es\/ixuxu\/wp-json\/wp\/v2\/posts\/31555\/revisions"}],"predecessor-version":[{"id":31556,"href":"https:\/\/edublog.educastur.es\/ixuxu\/wp-json\/wp\/v2\/posts\/31555\/revisions\/31556"}],"wp:attachment":[{"href":"https:\/\/edublog.educastur.es\/ixuxu\/wp-json\/wp\/v2\/media?parent=31555"}],"wp:term":[{"taxonomy":"category","embeddable":true,"href":"https:\/\/edublog.educastur.es\/ixuxu\/wp-json\/wp\/v2\/categories?post=31555"},{"taxonomy":"post_tag","embeddable":true,"href":"https:\/\/edublog.educastur.es\/ixuxu\/wp-json\/wp\/v2\/tags?post=31555"}],"curies":[{"name":"wp","href":"https:\/\/api.w.org\/{rel}","templated":true}]}}