{"id":31565,"date":"2024-09-23T16:53:50","date_gmt":"2024-09-23T14:53:50","guid":{"rendered":"https:\/\/edublog.educastur.es\/ixuxu\/?p=31565"},"modified":"2024-09-23T16:55:41","modified_gmt":"2024-09-23T14:55:41","slug":"campeonatu-de-patinaxe-artisticu-dasturies","status":"publish","type":"post","link":"https:\/\/edublog.educastur.es\/ixuxu\/2024\/09\/campeonatu-de-patinaxe-artisticu-dasturies\/","title":{"rendered":"Escelentes resultancies de les patinadores del nuesu colexu nel Campeonatu de Patinaxe Art\u00edsticu d&#8217;Asturies"},"content":{"rendered":"<div class=\"xdj266r x11i5rnm xat24cr x1mh8g0r x1vvkbs x126k92a\">\n<ul>\n<li dir=\"auto\"><span class=\"html-span xdj266r x11i5rnm xat24cr x1mh8g0r xexx8yu x4uap5 x18d9i69 xkhd6sd x1hl2dhg x16tdsg8 x1vvkbs\"><a class=\"x1i10hfl xjbqb8w x1ejq31n xd10rxx x1sy0etr x17r0tee x972fbf xcfux6l x1qhh985 xm0m39n x9f619 x1ypdohk xt0psk2 xe8uvvx xdj266r x11i5rnm xat24cr x1mh8g0r xexx8yu x4uap5 x18d9i69 xkhd6sd x16tdsg8 x1hl2dhg xggy1nq x1a2a7pz x1sur9pj xkrqix3 x1fey0fg x1s688f\" role=\"link\" href=\"https:\/\/www.facebook.com\/FDPPA?__cft__[0]=AZWkr6Kq1HyJ4VX73Wr1c-_w6ElKvntH29aHNKZM9lQD8DHxOfLbvecVFDlhJYTGBWr2as1S5l-roxFdhoHz7_p0O3HbywYEA6xMYyLJYUZAnphq-Gj--2EFrVrzTan2jPlJ1Xzbn0mrdXAHq2qcIJxmxETEgrsu8hapSvZ-P3L_gp8WEautWng_mYtacdrpxEJoI9rWtYqcIoynaZ0bgnyd&amp;__tn__=-]K-y-R\"><span class=\"xt0psk2\">Federaci\u00f3n De Patinaje Principado Asturia<\/span><\/a><\/span>s \/<span class=\"html-span xdj266r x11i5rnm xat24cr x1mh8g0r xexx8yu x4uap5 x18d9i69 xkhd6sd x1hl2dhg x16tdsg8 x1vvkbs\"><a class=\"x1i10hfl xjbqb8w x1ejq31n xd10rxx x1sy0etr x17r0tee x972fbf xcfux6l x1qhh985 xm0m39n x9f619 x1ypdohk xt0psk2 xe8uvvx xdj266r x11i5rnm xat24cr x1mh8g0r xexx8yu x4uap5 x18d9i69 xkhd6sd x16tdsg8 x1hl2dhg xggy1nq x1a2a7pz x1sur9pj xkrqix3 x1fey0fg x1s688f\" role=\"link\" href=\"https:\/\/www.facebook.com\/www.oviedo.es?__cft__[0]=AZWkr6Kq1HyJ4VX73Wr1c-_w6ElKvntH29aHNKZM9lQD8DHxOfLbvecVFDlhJYTGBWr2as1S5l-roxFdhoHz7_p0O3HbywYEA6xMYyLJYUZAnphq-Gj--2EFrVrzTan2jPlJ1Xzbn0mrdXAHq2qcIJxmxETEgrsu8hapSvZ-P3L_gp8WEautWng_mYtacdrpxEJoI9rWtYqcIoynaZ0bgnyd&amp;__tn__=-]K-y-R\"><span class=\"xt0psk2\"> Ayuntamiento de Ovied<\/span><\/a><\/span>o \/<span class=\"html-span xdj266r x11i5rnm xat24cr x1mh8g0r xexx8yu x4uap5 x18d9i69 xkhd6sd x1hl2dhg x16tdsg8 x1vvkbs\"><a class=\"x1i10hfl xjbqb8w x1ejq31n xd10rxx x1sy0etr x17r0tee x972fbf xcfux6l x1qhh985 xm0m39n x9f619 x1ypdohk xt0psk2 xe8uvvx xdj266r x11i5rnm xat24cr x1mh8g0r xexx8yu x4uap5 x18d9i69 xkhd6sd x16tdsg8 x1hl2dhg xggy1nq x1a2a7pz x1sur9pj xkrqix3 x1fey0fg x1s688f\" role=\"link\" href=\"https:\/\/www.facebook.com\/oviedodeporte?__cft__[0]=AZWkr6Kq1HyJ4VX73Wr1c-_w6ElKvntH29aHNKZM9lQD8DHxOfLbvecVFDlhJYTGBWr2as1S5l-roxFdhoHz7_p0O3HbywYEA6xMYyLJYUZAnphq-Gj--2EFrVrzTan2jPlJ1Xzbn0mrdXAHq2qcIJxmxETEgrsu8hapSvZ-P3L_gp8WEautWng_mYtacdrpxEJoI9rWtYqcIoynaZ0bgnyd&amp;__tn__=-]K-y-R\"><span class=\"xt0psk2\"> DeportesOvied<\/span><\/a><\/span>o<\/li>\n<\/ul>\n<\/div>\n<div class=\"x11i5rnm xat24cr x1mh8g0r x1vvkbs xtlvy1s x126k92a\">\n<div dir=\"auto\">Esta pasada fin de selmana celebr\u00f3se el <strong>Campeonatu de Patinaxe Art\u00edsticu d&#8217;Asturies<\/strong> de les categor\u00edes Benjam\u00edn, Alevina ya Infantil. La competici\u00f3n, tuvo llugar nel polideportivu Manuel Novo de Tudela Ag\u00faeria, entamada pol nuesu club en collaboraci\u00f3n cola Federaci\u00f3n De Patinaxe Princip\u00e1u Asturies y el Conceyu d&#8217;Uvi\u00e9u y DeportesOviedo. ESCELENTES RESULTANCIES de les patinadores d&#8217;<strong>Ovetus Patinaxe<\/strong>, que foi&#8217;l gran protagonista del campeonatu, llogrando un total de 7 medayes. <span class=\"xt0psk2\"><a class=\"x1i10hfl xjbqb8w x1ejq31n xd10rxx x1sy0etr x17r0tee x972fbf xcfux6l x1qhh985 xm0m39n x9f619 x1ypdohk xt0psk2 xe8uvvx xdj266r x11i5rnm xat24cr x1mh8g0r xexx8yu x4uap5 x18d9i69 xkhd6sd x16tdsg8 x1hl2dhg xggy1nq x1a2a7pz x1sur9pj xkrqix3 xzsf02u x1s688f\" role=\"link\" href=\"https:\/\/www.facebook.com\/pili.laceramagadan?__cft__[0]=AZWkr6Kq1HyJ4VX73Wr1c-_w6ElKvntH29aHNKZM9lQD8DHxOfLbvecVFDlhJYTGBWr2as1S5l-roxFdhoHz7_p0O3HbywYEA6xMYyLJYUZAnphq-Gj--2EFrVrzTan2jPlJ1Xzbn0mrdXAHq2qcIJxmxETEgrsu8hapSvZ-P3L_gp8WEautWng_mYtacdrpxEJoI9rWtYqcIoynaZ0bgnyd&amp;__tn__=-UC%2CP-R\"><strong class=\"html-strong xdj266r x11i5rnm xat24cr x1mh8g0r xexx8yu x4uap5 x18d9i69 xkhd6sd x1hl2dhg x16tdsg8 x1vvkbs x1s688f\"><span class=\"html-span xdj266r x11i5rnm xat24cr x1mh8g0r xexx8yu x4uap5 x18d9i69 xkhd6sd x1hl2dhg x16tdsg8 x1vvkbs\">Pili Lacera Magad\u00e1n<\/span><\/strong><\/a><\/span><\/div>\n<ul>\n<li dir=\"auto\">?<a href=\"https:\/\/scontent-bcn1-1.xx.fbcdn.net\/v\/t39.30808-6\/460981188_8302154836534221_3450711956373891991_n.jpg?_nc_cat=109&amp;ccb=1-7&amp;_nc_sid=127cfc&amp;_nc_ohc=zaYVe8s0ggEQ7kNvgGWhaox&amp;_nc_ht=scontent-bcn1-1.xx&amp;_nc_gid=A6kWs83dzjQWh5zIMRpGO7_&amp;oh=00_AYDWNBBt5DCwbGmq3-AcWRdPbFm6miwObm5WpPuFZ8bLJA&amp;oe=66F7422C\"><strong> Amaya<\/strong> Mart\u00ednez Gaitero- CAMPEONA D&#8217;ASTURIES BENJAM\u00cdN<\/a><\/li>\n<li dir=\"auto\"><a href=\"https:\/\/scontent-bcn1-1.xx.fbcdn.net\/v\/t39.30808-6\/460965785_8302154786534226_5422653462562231352_n.jpg?_nc_cat=111&amp;ccb=1-7&amp;_nc_sid=127cfc&amp;_nc_ohc=Fc2CVLvujpIQ7kNvgGzKSTU&amp;_nc_ht=scontent-bcn1-1.xx&amp;_nc_gid=AYMsX-8QI42YU8ctHvgSAo_&amp;oh=00_AYB81pR51DyybnE149WtuyimE5S_t58iRc61KRA7K6-daw&amp;oe=66F7466B\">?<strong>Aitana<\/strong> Mart\u00ednez Llacera-SUBCAMPEONA D&#8217;ASTURIES INFANTIL<\/a><\/li>\n<\/ul>\n<p style=\"text-align: center\">\n<!-- iframe plugin v.6.0 wordpress.org\/plugins\/iframe\/ -->\n<iframe loading=\"lazy\" src=\"https:\/\/www.facebook.com\/plugins\/post.php?href=https%3A%2F%2Fwww.facebook.com%2Fphoto.php%3Ffbid%3D8302154823200889%26set%3Da.127272477355872%26type%3D3&#038;show_text=false&#038;width=500\" width=\"500\" height=\"786\" style=\"border:none;overflow:hidden\" scrolling=\"no\" frameborder=\"0\" allowfullscreen=\"true\" allow=\"autoplay; clipboard-write; encrypted-media; picture-in-picture; web-share\" 0=\"\/iframe\" class=\"iframe-class\"><\/iframe>\n<\/p>\n<\/div>\n","protected":false},"excerpt":{"rendered":"<p>Federaci\u00f3n De Patinaje Principado Asturias \/ Ayuntamiento de Oviedo \/ DeportesOviedo Esta pasada fin de selmana celebr\u00f3se el Campeonatu de Patinaxe Art\u00edsticu d&#8217;Asturies de les categor\u00edes Benjam\u00edn, Alevina ya Infantil. La competici\u00f3n, tuvo llugar nel polideportivu Manuel Novo de Tudela Ag\u00faeria, entamada pol nuesu club en collaboraci\u00f3n cola Federaci\u00f3n De Patinaxe Princip\u00e1u Asturies y el [&hellip;]<\/p>\n","protected":false},"author":117,"featured_media":0,"comment_status":"open","ping_status":"open","sticky":false,"template":"","format":"standard","meta":{"footnotes":""},"categories":[133],"tags":[],"class_list":["post-31565","post","type-post","status-publish","format-standard","hentry","category-deportes"],"_links":{"self":[{"href":"https:\/\/edublog.educastur.es\/ixuxu\/wp-json\/wp\/v2\/posts\/31565","targetHints":{"allow":["GET"]}}],"collection":[{"href":"https:\/\/edublog.educastur.es\/ixuxu\/wp-json\/wp\/v2\/posts"}],"about":[{"href":"https:\/\/edublog.educastur.es\/ixuxu\/wp-json\/wp\/v2\/types\/post"}],"author":[{"embeddable":true,"href":"https:\/\/edublog.educastur.es\/ixuxu\/wp-json\/wp\/v2\/users\/117"}],"replies":[{"embeddable":true,"href":"https:\/\/edublog.educastur.es\/ixuxu\/wp-json\/wp\/v2\/comments?post=31565"}],"version-history":[{"count":4,"href":"https:\/\/edublog.educastur.es\/ixuxu\/wp-json\/wp\/v2\/posts\/31565\/revisions"}],"predecessor-version":[{"id":31569,"href":"https:\/\/edublog.educastur.es\/ixuxu\/wp-json\/wp\/v2\/posts\/31565\/revisions\/31569"}],"wp:attachment":[{"href":"https:\/\/edublog.educastur.es\/ixuxu\/wp-json\/wp\/v2\/media?parent=31565"}],"wp:term":[{"taxonomy":"category","embeddable":true,"href":"https:\/\/edublog.educastur.es\/ixuxu\/wp-json\/wp\/v2\/categories?post=31565"},{"taxonomy":"post_tag","embeddable":true,"href":"https:\/\/edublog.educastur.es\/ixuxu\/wp-json\/wp\/v2\/tags?post=31565"}],"curies":[{"name":"wp","href":"https:\/\/api.w.org\/{rel}","templated":true}]}}