{"id":31570,"date":"2024-09-28T10:00:48","date_gmt":"2024-09-28T08:00:48","guid":{"rendered":"https:\/\/edublog.educastur.es\/ixuxu\/?p=31570"},"modified":"2024-09-29T16:28:56","modified_gmt":"2024-09-29T14:28:56","slug":"el-domingu-29-en-grau-una-programacion-pal-dia-completu","status":"publish","type":"post","link":"https:\/\/edublog.educastur.es\/ixuxu\/2024\/09\/el-domingu-29-en-grau-una-programacion-pal-dia-completu\/","title":{"rendered":"El domingu 29, en Grau, una programaci\u00f3n pal d\u00eda completu."},"content":{"rendered":"<div class=\"xu06os2 x1ok221b\">\n<ul>\n<li class=\"html-h3 x11i5rnm xat24cr x1mh8g0r xexx8yu x4uap5 x18d9i69 xkhd6sd x1vvkbs x1heor9g x1qlqyl8 x1pd3egz x1a2a7pz x1gslohp x1yc453h\"><span class=\"x1lliihq x6ikm8r x10wlt62 x1n2onr6\"><span class=\"xt0psk2\"><a class=\"x1i10hfl xjbqb8w x1ejq31n xd10rxx x1sy0etr x17r0tee x972fbf xcfux6l x1qhh985 xm0m39n x9f619 x1ypdohk xt0psk2 xe8uvvx xdj266r x11i5rnm xat24cr x1mh8g0r xexx8yu x4uap5 x18d9i69 xkhd6sd x16tdsg8 x1hl2dhg xggy1nq x1a2a7pz x1sur9pj xkrqix3 xzsf02u x1s688f\" role=\"link\" href=\"https:\/\/www.facebook.com\/concursuindumentaria?__cft__[0]=AZUFu8SPSVWduDPGYVaDpxOYMA3wOftSE-zsGefIg0_m2W5aa9-BVXvSFE8GssTt7vf3CwHPEc265lKEcUcok-F61e834ReOXCQ3t2GV6xwt1pCCchtmVEsE4Jp5cdCT67644kzT7C07yDmPtb-kTTsXmWOmDiU_1IdFA2gHqxHbCAmCpLQbFItTi1UGwKZE57tur6lNIPa6WtqXpy7Ik4aso0uZ-uVSToafy5etMN9rYQ&amp;__tn__=-UC%2CP-y-R\"><strong class=\"html-strong xdj266r x11i5rnm xat24cr x1mh8g0r xexx8yu x4uap5 x18d9i69 xkhd6sd x1hl2dhg x16tdsg8 x1vvkbs x1s688f\"><span class=\"html-span xdj266r x11i5rnm xat24cr x1mh8g0r xexx8yu x4uap5 x18d9i69 xkhd6sd x1hl2dhg x16tdsg8 x1vvkbs\">Indumentaria. D\u00eda&#8217;l traxe<\/span><\/strong><\/a><\/span><\/span>\/ <a href=\"https:\/\/www.facebook.com\/photo\/?fbid=1201164107717188&amp;set=a.743528176814119\"><strong>Imaxe<\/strong><\/a>\u00a0 \/ I<a href=\"https:\/\/www.facebook.com\/photo\/?fbid=8446927362088573&amp;set=a.326009754180415\">maxe<\/a> \/<a href=\"https:\/\/www.facebook.com\/photo\/?fbid=1197232604777005&amp;set=a.743528176814119\"> Imaxe<\/a><\/li>\n<\/ul>\n<\/div>\n<div class=\"xu06os2 x1ok221b\">\n<div class=\"html-div xdj266r x11i5rnm xat24cr x1mh8g0r xexx8yu x4uap5 x18d9i69 xkhd6sd x1q0g3np\">Ye&#8217;l d\u00eda del traxe&#8217;l pa\u00eds asina qu&#8217;hai que vistir traxe&#8217;l pa\u00eds pa vivir la fiesta m\u00e1s guapa y elegante del a\u00f1u. <span style=\"color: #008080\"><em>\u00abAnda, gal\u00e1n, comp\u00f3nte y vamos pal baille \/ que si nun voi contigo nun voi con naide\u00bb.<\/em><\/span><\/div>\n<div><\/div>\n<\/div>\n<div style=\"text-align: center\">\n<!-- iframe plugin v.6.0 wordpress.org\/plugins\/iframe\/ -->\n<iframe loading=\"lazy\" src=\"https:\/\/www.facebook.com\/plugins\/post.php?href=https%3A%2F%2Fwww.facebook.com%2Fconcursuindumentaria%2Fposts%2Fpfbid0xM7rpGWWZEN57VyJDewLQgUa7Sn11GJ3MfT5d5t2V9RgYCAaesed8V9aGWkHHd5dl&#038;show_text=false&#038;width=500\" width=\"500\" height=\"498\" style=\"border:none;overflow:hidden\" scrolling=\"no\" frameborder=\"0\" allowfullscreen=\"true\" allow=\"autoplay; clipboard-write; encrypted-media; picture-in-picture; web-share\" 0=\"\/iframe\" class=\"iframe-class\"><\/iframe>\n<\/div>\n<div class=\"xu06os2 x1ok221b\">\n<div><!--more--><\/div>\n<\/div>\n<div style=\"text-align: center\">\n<!-- iframe plugin v.6.0 wordpress.org\/plugins\/iframe\/ -->\n<iframe loading=\"lazy\" src=\"https:\/\/www.facebook.com\/plugins\/post.php?href=https%3A%2F%2Fwww.facebook.com%2Fconcursuindumentaria%2Fposts%2Fpfbid0Bt1YTRDDJVjsCssspzCVFSLPBbHf2jdz6oDzeehxhdqTNE6DfDE5xmYTZNhsR79vl&#038;show_text=false&#038;width=500\" width=\"500\" height=\"498\" style=\"border:none;overflow:hidden\" scrolling=\"no\" frameborder=\"0\" allowfullscreen=\"true\" allow=\"autoplay; clipboard-write; encrypted-media; picture-in-picture; web-share\" 0=\"\/iframe\" class=\"iframe-class\"><\/iframe>\n<\/div>\n<div class=\"html-div xdj266r x11i5rnm xat24cr x1mh8g0r xexx8yu x4uap5 x18d9i69 xkhd6sd\">\n<div class=\"html-div xdj266r xat24cr xexx8yu x4uap5 x18d9i69 xkhd6sd x1jx94hy x8cjs6t x1ch86jh x80vd3b xckqwgs x13fuv20 xu3j5b3 x1q0q8m5 x26u7qi x178xt8z xm81vs4 xso031l xy80clv xfh8nwu xoqspk4 x12v9rci x138vmkv x6ikm8r x10wlt62 x16n37ib xq8finb\">\n<div>\n<div class=\"html-div x11i5rnm xat24cr x1mh8g0r xexx8yu x4uap5 x18d9i69 xkhd6sd x1y332i5\">\n<div class=\"html-div xdj266r x11i5rnm xat24cr x1mh8g0r xexx8yu x4uap5 x18d9i69 xkhd6sd\" dir=\"auto\">\n<div class=\"html-div xdj266r x11i5rnm xat24cr x1mh8g0r xexx8yu x4uap5 x18d9i69 xkhd6sd\" dir=\"auto\">\n<div class=\"x1l90r2v x1pi30zi x1swvt13 x1iorvi4\" data-ad-comet-preview=\"message\" data-ad-preview=\"message\">\n<div class=\"x78zum5 xdt5ytf xz62fqu x16ldp7u\">\n<div class=\"xu06os2 x1ok221b\">\n<div class=\"x11i5rnm xat24cr x1mh8g0r x1vvkbs xtlvy1s x126k92a\">\n<ul>\n<li dir=\"auto\"><strong>Desde les once hasta les doce y media<\/strong>, pa les ne\u00f1es y pa los ne\u00f1os, tenemos \u00abMenudu trax\u00edn\u00bb con una montonera de xuegos tradicionales na plaza l&#8217;Ayuntamientu. Y la collaboraci\u00f3n del Grupu Prau Ller\u00f3n.<\/li>\n<\/ul>\n<\/div>\n<div class=\"x11i5rnm xat24cr x1mh8g0r x1vvkbs xtlvy1s x126k92a\">\n<ul>\n<li dir=\"auto\"><strong>A partir de la 1<\/strong> arranca Indumentaria 2024, na plaza Los Dolores. Vamos poder ver nel concursu munchos y bonos exemplos de traxe&#8217;l pa\u00eds y un xur\u00e1u independiente va conceder tres distinciones nes categor\u00edes d&#8217;home y de muyer.<\/li>\n<\/ul>\n<\/div>\n<div class=\"x11i5rnm xat24cr x1mh8g0r x1vvkbs xtlvy1s x126k92a\">\n<ul>\n<li dir=\"auto\"><strong>N&#8217;acabando&#8217;l desfile<\/strong>, toles persones concursantes y tolos dem\u00e1s que vistan el paxellu asturianu van tener el privilexu de garrase de les manes y armar una danza na plaza l&#8217;ayuntamientu.<\/li>\n<\/ul>\n<\/div>\n<div class=\"x11i5rnm xat24cr x1mh8g0r x1vvkbs xtlvy1s x126k92a\">\n<ul>\n<li dir=\"auto\"><strong>Y de tarde, a partir de les 5<\/strong> empieza&#8217;l baille del pa\u00eds na plaza&#8217;l merc\u00e1u. Lo primero con una gran danza pa les persones que vistan traxe&#8217;l pa\u00eds y luego con toque pa lo suelto y pa lo agarrao, de pandereta, pandeiru, <span class=\"html-span xdj266r x11i5rnm xat24cr x1mh8g0r xexx8yu x4uap5 x18d9i69 xkhd6sd x1hl2dhg x16tdsg8 x1vvkbs\"><a class=\"x1i10hfl xjbqb8w x1ejq31n xd10rxx x1sy0etr x17r0tee x972fbf xcfux6l x1qhh985 xm0m39n x9f619 x1ypdohk xt0psk2 xe8uvvx xdj266r x11i5rnm xat24cr x1mh8g0r xexx8yu x4uap5 x18d9i69 xkhd6sd x16tdsg8 x1hl2dhg xggy1nq x1a2a7pz x1sur9pj xkrqix3 x1fey0fg x1s688f\" role=\"link\" href=\"https:\/\/l.facebook.com\/l.php?u=http%3A%2F%2Fpayel.la%2F%3Ffbclid%3DIwZXh0bgNhZW0CMTAAAR3lkDlVGkLs3Vvj3j5oST6PqXJ4naPPR5E6gsi3XYUkL6kYsr0BKoFC6Fc_aem_o_QiauSOj6NNVSFMNxO79w&amp;h=AT13UvcOd7-O1kk6XJtY6xe30srZoAoBQ7QenH7nJwq84ksRm90dPf-G83IXR_p6Ur8sTcPHqaXlH2pAjevIPk91hfA7NOfqxjZnG1WaHOiVapz1WwMqH77L3zIjki1fZh5-1i3bWDZ-FQFh5w&amp;__tn__=-UK-y-R&amp;c[0]=AT0Pmeo4MPjiEb_ThMqKUNXzKM2HZrtsIayRPxgxOku0vajBXN0QAeRfQ-xEiMG4mnRO0LmEgxZEcSOwJvZvMJN7HNV-UBXxEJnfgB9HOtxRh2qWnUpeUdEZHU5K7G5uA_qMW1vj5XGxxVBwQ51ZOrRKc_rTvh7Z0dI2mU5T3y1eA4WIgn5Mc75VaUeKT3OZly123K3Jghh8NeSxqYC2d0ANHQJID7r0vQRHAtGQd_E0CCwikeQ\" target=\"_blank\" rel=\"nofollow noopener noreferrer\">payel.la<\/a><\/span>, gaita ya tambor con: Rams\u00e9s Ilesies y Xos\u00e9 Ant\u00f3n Fern\u00e1ndez \u00abAmb\u00e1s\u00bb; Muyeres por Grau; Raquel \u00c1lvarez y Pablo \u00c1lvarez; Roge Feito y Clarita Bra\u00f1a; La Flor de Grau; Santi Galguera y la collaboraci\u00f3n del Grupu Etnogr\u00e1ficu L&#8217;Oriente.<\/li>\n<\/ul>\n<\/div>\n<div class=\"x11i5rnm xat24cr x1mh8g0r x1vvkbs xtlvy1s x126k92a\">\n<div dir=\"auto\">Munch\u00edsimes gracies al Ayuntamientu de Grau y a Caja Rural de Asturias.<\/div>\n<div dir=\"auto\"><\/div>\n<div dir=\"auto\" style=\"text-align: center\">\n<!-- iframe plugin v.6.0 wordpress.org\/plugins\/iframe\/ -->\n<iframe loading=\"lazy\" src=\"https:\/\/www.facebook.com\/plugins\/post.php?href=https%3A%2F%2Fwww.facebook.com%2Ffundacionbelenos%2Fposts%2Fpfbid0CkuVkyg6UkRX2UMCPvNEEXGGD6xj24tLCFLQ71uQCNuoGJe3wKJMnjah1Abo24r1l&#038;show_text=false&#038;width=500\" width=\"500\" height=\"498\" style=\"border:none;overflow:hidden\" scrolling=\"no\" frameborder=\"0\" allowfullscreen=\"true\" allow=\"autoplay; clipboard-write; encrypted-media; picture-in-picture; web-share\" 0=\"\/iframe\" class=\"iframe-class\"><\/iframe>\n<\/div>\n<\/div>\n<\/div>\n<\/div>\n<\/div>\n<\/div>\n<\/div>\n<\/div>\n<\/div>\n<\/div>\n<\/div>\n<div>\n<div class=\"xabvvm4 xeyy32k x1ia1hqs x1a2w583 x6ikm8r x10wlt62\" data-visualcompletion=\"ignore-dynamic\">\n<div>\n<div>\n<div>\n<div class=\"xq8finb x16n37ib\">\n<div class=\"x9f619 x1n2onr6 x1ja2u2z x78zum5 x2lah0s x1qughib x1qjc9v5 xozqiw3 x1q0g3np x150jy0e x1e558r4 xjkvuk6 x1iorvi4 xwrv7xz x8182xy x4cne27 xifccgj\">\n<div class=\"x9f619 x1n2onr6 x1ja2u2z x78zum5 xdt5ytf x193iq5w xeuugli x1r8uery x1iyjqo2 xs83m0k xg83lxy x1h0ha7o x10b6aqq x1yrsyyn\"><\/div>\n<\/div>\n<\/div>\n<\/div>\n<\/div>\n<\/div>\n<\/div>\n<\/div>\n<div class=\"x9f619 x1n2onr6 x1ja2u2z x78zum5 xdt5ytf x193iq5w xeuugli x1r8uery x1iyjqo2 xs83m0k xg83lxy x1h0ha7o x10b6aqq x1yrsyyn\"><\/div>\n<div class=\"x9f619 x1n2onr6 x1ja2u2z x78zum5 xdt5ytf x193iq5w xeuugli x1r8uery x1iyjqo2 xs83m0k xg83lxy x1h0ha7o x10b6aqq x1yrsyyn\"><\/div>\n","protected":false},"excerpt":{"rendered":"<p>Indumentaria. D\u00eda&#8217;l traxe\/ Imaxe\u00a0 \/ Imaxe \/ Imaxe Ye&#8217;l d\u00eda del traxe&#8217;l pa\u00eds asina qu&#8217;hai que vistir traxe&#8217;l pa\u00eds pa vivir la fiesta m\u00e1s guapa y elegante del a\u00f1u. \u00abAnda, gal\u00e1n, comp\u00f3nte y vamos pal baille \/ que si nun voi contigo nun voi con naide\u00bb.<\/p>\n","protected":false},"author":117,"featured_media":0,"comment_status":"open","ping_status":"open","sticky":false,"template":"","format":"standard","meta":{"footnotes":""},"categories":[61,210],"tags":[],"class_list":["post-31570","post","type-post","status-publish","format-standard","hentry","category-concursu","category-indumentaria"],"_links":{"self":[{"href":"https:\/\/edublog.educastur.es\/ixuxu\/wp-json\/wp\/v2\/posts\/31570","targetHints":{"allow":["GET"]}}],"collection":[{"href":"https:\/\/edublog.educastur.es\/ixuxu\/wp-json\/wp\/v2\/posts"}],"about":[{"href":"https:\/\/edublog.educastur.es\/ixuxu\/wp-json\/wp\/v2\/types\/post"}],"author":[{"embeddable":true,"href":"https:\/\/edublog.educastur.es\/ixuxu\/wp-json\/wp\/v2\/users\/117"}],"replies":[{"embeddable":true,"href":"https:\/\/edublog.educastur.es\/ixuxu\/wp-json\/wp\/v2\/comments?post=31570"}],"version-history":[{"count":5,"href":"https:\/\/edublog.educastur.es\/ixuxu\/wp-json\/wp\/v2\/posts\/31570\/revisions"}],"predecessor-version":[{"id":31984,"href":"https:\/\/edublog.educastur.es\/ixuxu\/wp-json\/wp\/v2\/posts\/31570\/revisions\/31984"}],"wp:attachment":[{"href":"https:\/\/edublog.educastur.es\/ixuxu\/wp-json\/wp\/v2\/media?parent=31570"}],"wp:term":[{"taxonomy":"category","embeddable":true,"href":"https:\/\/edublog.educastur.es\/ixuxu\/wp-json\/wp\/v2\/categories?post=31570"},{"taxonomy":"post_tag","embeddable":true,"href":"https:\/\/edublog.educastur.es\/ixuxu\/wp-json\/wp\/v2\/tags?post=31570"}],"curies":[{"name":"wp","href":"https:\/\/api.w.org\/{rel}","templated":true}]}}