{"id":31633,"date":"2024-09-24T17:32:13","date_gmt":"2024-09-24T15:32:13","guid":{"rendered":"https:\/\/edublog.educastur.es\/ixuxu\/?p=31633"},"modified":"2024-09-24T17:36:39","modified_gmt":"2024-09-24T15:36:39","slug":"31633","status":"publish","type":"post","link":"https:\/\/edublog.educastur.es\/ixuxu\/2024\/09\/31633\/","title":{"rendered":"Vero Rubio asoleya la pieza audiovisual del tema col qu&#8217;algam\u00f3 el XV Premiu Camaret\u00e1"},"content":{"rendered":"<div class=\"xu06os2 x1ok221b\">\n<ul>\n<li class=\"html-h5 x11i5rnm xat24cr x1mh8g0r xexx8yu x4uap5 x18d9i69 xkhd6sd x1vvkbs x1heor9g x1qlqyl8 x1pd3egz x1a2a7pz x1gslohp x1yc453h\"><span class=\"xt0psk2\"><a class=\"x1i10hfl xjbqb8w x1ejq31n xd10rxx x1sy0etr x17r0tee x972fbf xcfux6l x1qhh985 xm0m39n x9f619 x1ypdohk xt0psk2 xe8uvvx xdj266r x11i5rnm xat24cr x1mh8g0r xexx8yu x4uap5 x18d9i69 xkhd6sd x16tdsg8 x1hl2dhg xggy1nq x1a2a7pz x1sur9pj xkrqix3 xzsf02u x1s688f\" role=\"link\" href=\"https:\/\/www.facebook.com\/musicasturiana?__cft__[0]=AZWUTx-I9_pguus_YVTUh4W0VSTGlD7o0LWYIaOEwpjuLHVL9zIW2nbfsAb6jLmEyIT3DNTJSR3L1PAgkZIK2kwlNT9TPkGdTqjjH_P9gs6GdgTO2dgwRGR92JPQv3wPTO6iA-0qrw7sKm_KHfs4vcXy1OJng3x5aQmssNjX-l6yvx62-62dWySzseJu1AXM2KZqenkmjuytF3JU8jaRkK5oeA-7n2Uqal9OFMbwB1d-ex9XMguZQ9dbqT7atRmPtJw&amp;__tn__=-UC%2CP-y-R\"><strong class=\"html-strong xdj266r x11i5rnm xat24cr x1mh8g0r xexx8yu x4uap5 x18d9i69 xkhd6sd x1hl2dhg x16tdsg8 x1vvkbs x1s688f\"><span class=\"html-span xdj266r x11i5rnm xat24cr x1mh8g0r xexx8yu x4uap5 x18d9i69 xkhd6sd x1hl2dhg x16tdsg8 x1vvkbs\">musicasturiana.com<\/span><\/strong><\/a><\/span>\/ <a href=\"https:\/\/musicasturiana.com\/vero-rubio-presental-videoclip-de-dixo-miou-padre\/?fbclid=IwY2xjawFfuxdleHRuA2FlbQIxMQABHfQuSwYP9nOpIGfOibr8JvnF-wU2XitXh3YS4k6YLxAxTnnlQ8ccpVyJcQ_aem_mQX5Xt2PMpBTuxQl7dPxzg\">web<\/a> \/\u00a0 <span class=\"x193iq5w xeuugli x13faqbe x1vvkbs x1xmvt09 x1lliihq x1s928wv xhkezso x1gmr53x x1cpjm7i x1fgarty x1943h6x x4zkp8e x676frb x1pg5gke x1sibtaa xo1l8bm xi81zsa x1yc453h\" dir=\"auto\"><span class=\"html-span xdj266r x11i5rnm xat24cr x1mh8g0r xexx8yu x4uap5 x18d9i69 xkhd6sd x1hl2dhg x16tdsg8 x1vvkbs\"><span class=\"xzpqnlu xjm9jq1 x6ikm8r x10wlt62 x10l6tqk x1i1rx1s\"><a href=\"https:\/\/musicasturiana.com\/wp-content\/uploads\/2023\/11\/vero-rubio-camareta.jpg\">semeya Vero<\/a> \/ <a href=\"https:\/\/www.youtube.com\/watch?v=J5032Rjaiec&amp;t=34s\">Youtube<\/a> \/<br \/>\n<\/span><\/span><\/span><\/li>\n<\/ul>\n<\/div>\n<div class=\"html-div xdj266r x11i5rnm xat24cr x1mh8g0r xexx8yu x4uap5 x18d9i69 xkhd6sd\" dir=\"auto\">\n<div class=\"html-div xdj266r x11i5rnm xat24cr x1mh8g0r xexx8yu x4uap5 x18d9i69 xkhd6sd\" dir=\"auto\">\n<div class=\"x1l90r2v x1pi30zi x1swvt13 x1iorvi4\" data-ad-comet-preview=\"message\" data-ad-preview=\"message\">\n<div class=\"x78zum5 xdt5ytf xz62fqu x16ldp7u\">\n<div class=\"xu06os2 x1ok221b\">\n<div class=\"xdj266r x11i5rnm xat24cr x1mh8g0r x1vvkbs x126k92a\">\n<div dir=\"auto\">La multiinstrumentista <span class=\"html-span xdj266r x11i5rnm xat24cr x1mh8g0r xexx8yu x4uap5 x18d9i69 xkhd6sd x1hl2dhg x16tdsg8 x1vvkbs\"><a class=\"x1i10hfl xjbqb8w x1ejq31n xd10rxx x1sy0etr x17r0tee x972fbf xcfux6l x1qhh985 xm0m39n x9f619 x1ypdohk xt0psk2 xe8uvvx xdj266r x11i5rnm xat24cr x1mh8g0r xexx8yu x4uap5 x18d9i69 xkhd6sd x16tdsg8 x1hl2dhg xggy1nq x1a2a7pz x1sur9pj xkrqix3 x1fey0fg x1s688f\" role=\"link\" href=\"https:\/\/www.facebook.com\/rrubiovero?__cft__[0]=AZWUTx-I9_pguus_YVTUh4W0VSTGlD7o0LWYIaOEwpjuLHVL9zIW2nbfsAb6jLmEyIT3DNTJSR3L1PAgkZIK2kwlNT9TPkGdTqjjH_P9gs6GdgTO2dgwRGR92JPQv3wPTO6iA-0qrw7sKm_KHfs4vcXy1OJng3x5aQmssNjX-l6yvx62-62dWySzseJu1AXM2KZqenkmjuytF3JU8jaRkK5oeA-7n2Uqal9OFMbwB1d-ex9XMguZQ9dbqT7atRmPtJw&amp;__tn__=-]K-y-R\"><span class=\"xt0psk2\">Vero Rubio<\/span><\/a><\/span> asoleya la pieza audiovisual del tema col qu&#8217;algam\u00f3 el <span style=\"color: #008080\"><strong>XV Premiu Camaret\u00e1 al Meyor Cantar<\/strong><\/span> que promueve la <span class=\"html-span xdj266r x11i5rnm xat24cr x1mh8g0r xexx8yu x4uap5 x18d9i69 xkhd6sd x1hl2dhg x16tdsg8 x1vvkbs\"><a class=\"x1i10hfl xjbqb8w x1ejq31n xd10rxx x1sy0etr x17r0tee x972fbf xcfux6l x1qhh985 xm0m39n x9f619 x1ypdohk xt0psk2 xe8uvvx xdj266r x11i5rnm xat24cr x1mh8g0r xexx8yu x4uap5 x18d9i69 xkhd6sd x16tdsg8 x1hl2dhg xggy1nq x1a2a7pz x1sur9pj xkrqix3 x1fey0fg x1s688f\" role=\"link\" href=\"https:\/\/www.facebook.com\/culturaAST?__cft__[0]=AZWUTx-I9_pguus_YVTUh4W0VSTGlD7o0LWYIaOEwpjuLHVL9zIW2nbfsAb6jLmEyIT3DNTJSR3L1PAgkZIK2kwlNT9TPkGdTqjjH_P9gs6GdgTO2dgwRGR92JPQv3wPTO6iA-0qrw7sKm_KHfs4vcXy1OJng3x5aQmssNjX-l6yvx62-62dWySzseJu1AXM2KZqenkmjuytF3JU8jaRkK5oeA-7n2Uqal9OFMbwB1d-ex9XMguZQ9dbqT7atRmPtJw&amp;__tn__=-]K-y-R\"><span class=\"xt0psk2\">Conseyer\u00eda de Cultura, Pol\u00edtica Lling\u00fc\u00edstica y Deporte<\/span><\/a><\/span> <span class=\"html-span xexx8yu x4uap5 x18d9i69 xkhd6sd x1hl2dhg x16tdsg8 x1vvkbs x3nfvp2 x1j61x8r x1fcty0u xdj266r xat24cr xgzva0m xhhsvwb xxymvpz xlup9mm x1kky2od\"><img loading=\"lazy\" decoding=\"async\" class=\"xz74otr\" src=\"https:\/\/static.xx.fbcdn.net\/images\/emoji.php\/v9\/t89\/1\/16\/1f342.png\" alt=\"?\" width=\"16\" height=\"16\" \/><\/span><\/div>\n<div dir=\"auto\"><\/div>\n<\/div>\n<\/div>\n<div dir=\"auto\" style=\"text-align: center\">\n<!-- iframe plugin v.6.0 wordpress.org\/plugins\/iframe\/ -->\n<iframe loading=\"lazy\" width=\"100%\" height=\"395\" src=\"https:\/\/www.youtube.com\/embed\/J5032Rjaiec\" title=\"Dixo miou padre de Vero Rubio. Premiu Camaret\u00e1 al Meyor Cantar 2023\" frameborder=\"0\" allow=\"accelerometer; autoplay; clipboard-write; encrypted-media; gyroscope; picture-in-picture; web-share\" referrerpolicy=\"strict-origin-when-cross-origin\" 0=\"allowfullscreen\" 1=\"\/iframe\" scrolling=\"yes\" class=\"iframe-class\"><\/iframe>\n<\/div>\n<div class=\"xu06os2 x1ok221b\">\n<div class=\"xdj266r x11i5rnm xat24cr x1mh8g0r x1vvkbs x126k92a\">\n<div dir=\"auto\"><!--more--><\/div>\n<\/div>\n<\/div>\n<div dir=\"auto\">\n<p>El pas\u00e1u payares <strong>Vero Rubio<\/strong> algam\u00f3\u2019l<strong> XV Premiu Camaret\u00e1 al Meyor Cantar <\/strong>con \u201c<a href=\"https:\/\/youtu.be\/J5032Rjaiec?si=F2xUR-exkdycmFw9\">Dixo miou padre<\/a>\u201c. Como parte del premiu, la Conseyer\u00eda de Cultura, Pol\u00edtica Lling\u00fc\u00edstica y Deporte f\u00edzose cargu de la producci\u00f3n d\u2019un videoclip asoley\u00e1u la selmana pasada. La parroquia de Noceda (Cangas del Narcea) ye l\u2019escenariu d\u2019esta obra audiovisual de <strong>Juan A. Garc\u00eda<\/strong> y <strong>De La Piedra Producciones<\/strong>. Am\u00e1s de Vero Rubio, nel cantar participen <strong>Miguel Garc\u00eda<\/strong> -viol\u00edn-, <strong>M\u00f3nica Jivanescu<\/strong> -viola- y <strong>Javier San Marcos<\/strong> -violonchelu-. <strong>Andy da Silva<\/strong> foi l\u2019encarg\u00e1u de la mezcla y asistencia t\u00e9cnica, mientres que <strong>Miguel R. Monteavaro<\/strong> -que ta acabante d\u2019algamar el XXX Premiu Xuan Mar\u00eda Acebal de Poes\u00eda- fizo la revisi\u00f3n lling\u00fc\u00edstica.<\/p>\n<div class=\"wp-block-spacer\" aria-hidden=\"true\"><\/div>\n<p>Vero Rubio entam\u00f3\u2019l so proyectu musical en solitariu col proyectu <em><strong>Vou<\/strong><\/em>, al qu\u2019acompa\u00f1\u00f3 una xira qu\u2019entam\u00f3 n\u2019abril con delles feches a lo llargo\u2019l territoriu asturianu y que complet\u00f3 cola so participaci\u00f3n nel circuitu <em><strong>Autores nel Cam\u00edn<\/strong><\/em> qu\u2019entama la Direcci\u00f3n Xeneral de Pol\u00edtica Lling\u00fc\u00edstica. Ye una <strong>multiinstrumentista\u00a0<\/strong>que toca\u2019l pianu, la trompeta, la trompa y el bodhram. La so carrera desenvu\u00e9lvese ente\u2019l mundu de la m\u00fasica cl\u00e1sica, onde tuvo la oportunid\u00e1 de tocar con orquestes como la Orquesta Sinf\u00f3nica de Barcelona y Nacional de Catalunya (O.B.C.), y el del jazz. Angua\u00f1o, toca en dellos grupos de distintos estilos (<strong>folk, rock, improvisaci\u00f3n llibre, jazz\u2026<\/strong>): Orquesta C\u00e9ltica Asturiana, Son\u00e1mbulos, Improviso, Nacasa Tr\u00edo (con Tania Pereira y Rita Ojanguren)\u2026 Am\u00e1s, compaxina esti llabor como instrumentista cola composici\u00f3n y producci\u00f3n de la so m\u00fasica de manera independiente. Tien <strong>tres cantares en solitario<\/strong> publicaos en plataformes musicales: \u201c<a href=\"https:\/\/open.spotify.com\/intl-es\/track\/078L8CmNAOl6kxOgGTO6qs?si=a99683df5088405a\">Vou caminando<\/a>\u201c, \u201c<a href=\"https:\/\/open.spotify.com\/intl-es\/track\/0AOIOqyKoCFTTbdxC4MdsM?si=e352e759b55d4525\">Vou cantar<\/a>\u201d y \u201c<a href=\"https:\/\/open.spotify.com\/intl-es\/track\/2IzYDxE9oGyM4tGD6Jr03H?si=d1188c543c6b4a75\">Dixo miou padre<\/a>\u201c.<\/p>\n<div class=\"wp-block-spacer\" aria-hidden=\"true\"><\/div>\n<\/div>\n<div class=\"xu06os2 x1ok221b\">\n<div dir=\"auto\" style=\"text-align: center\"><\/div>\n<\/div>\n<\/div>\n<\/div>\n<\/div>\n<\/div>\n<p>&nbsp;<\/p>\n","protected":false},"excerpt":{"rendered":"<p>musicasturiana.com\/ web \/\u00a0 semeya Vero \/ Youtube \/ La multiinstrumentista Vero Rubio asoleya la pieza audiovisual del tema col qu&#8217;algam\u00f3 el XV Premiu Camaret\u00e1 al Meyor Cantar que promueve la Conseyer\u00eda de Cultura, Pol\u00edtica Lling\u00fc\u00edstica y Deporte<\/p>\n","protected":false},"author":117,"featured_media":0,"comment_status":"open","ping_status":"open","sticky":false,"template":"","format":"standard","meta":{"footnotes":""},"categories":[125],"tags":[],"class_list":["post-31633","post","type-post","status-publish","format-standard","hentry","category-musicasturiana-com"],"_links":{"self":[{"href":"https:\/\/edublog.educastur.es\/ixuxu\/wp-json\/wp\/v2\/posts\/31633","targetHints":{"allow":["GET"]}}],"collection":[{"href":"https:\/\/edublog.educastur.es\/ixuxu\/wp-json\/wp\/v2\/posts"}],"about":[{"href":"https:\/\/edublog.educastur.es\/ixuxu\/wp-json\/wp\/v2\/types\/post"}],"author":[{"embeddable":true,"href":"https:\/\/edublog.educastur.es\/ixuxu\/wp-json\/wp\/v2\/users\/117"}],"replies":[{"embeddable":true,"href":"https:\/\/edublog.educastur.es\/ixuxu\/wp-json\/wp\/v2\/comments?post=31633"}],"version-history":[{"count":5,"href":"https:\/\/edublog.educastur.es\/ixuxu\/wp-json\/wp\/v2\/posts\/31633\/revisions"}],"predecessor-version":[{"id":31638,"href":"https:\/\/edublog.educastur.es\/ixuxu\/wp-json\/wp\/v2\/posts\/31633\/revisions\/31638"}],"wp:attachment":[{"href":"https:\/\/edublog.educastur.es\/ixuxu\/wp-json\/wp\/v2\/media?parent=31633"}],"wp:term":[{"taxonomy":"category","embeddable":true,"href":"https:\/\/edublog.educastur.es\/ixuxu\/wp-json\/wp\/v2\/categories?post=31633"},{"taxonomy":"post_tag","embeddable":true,"href":"https:\/\/edublog.educastur.es\/ixuxu\/wp-json\/wp\/v2\/tags?post=31633"}],"curies":[{"name":"wp","href":"https:\/\/api.w.org\/{rel}","templated":true}]}}