{"id":31658,"date":"2024-09-23T17:57:40","date_gmt":"2024-09-23T15:57:40","guid":{"rendered":"https:\/\/edublog.educastur.es\/ixuxu\/?p=31658"},"modified":"2024-09-27T19:20:02","modified_gmt":"2024-09-27T17:20:02","slug":"bruxeles-y-el-manneken-pis-vistieron-los-colores-dasturies","status":"publish","type":"post","link":"https:\/\/edublog.educastur.es\/ixuxu\/2024\/09\/bruxeles-y-el-manneken-pis-vistieron-los-colores-dasturies\/","title":{"rendered":"Bruxeles y el Manneken Pis vistieron los colores d&#8217;Asturies."},"content":{"rendered":"<div class=\"html-div xdj266r x11i5rnm xat24cr x1mh8g0r xexx8yu x4uap5 x18d9i69 xkhd6sd\">\n<div class=\"x78zum5 xdt5ytf xz62fqu x16ldp7u\">\n<div class=\"xu06os2 x1ok221b\">\n<ul>\n<li class=\"html-h3 x11i5rnm xat24cr x1mh8g0r xexx8yu x4uap5 x18d9i69 xkhd6sd x1vvkbs x1heor9g x1qlqyl8 x1pd3egz x1a2a7pz x1gslohp x1yc453h\"><span class=\"x1lliihq x6ikm8r x10wlt62 x1n2onr6\"><span class=\"xt0psk2\"><a class=\"x1i10hfl xjbqb8w x1ejq31n xd10rxx x1sy0etr x17r0tee x972fbf xcfux6l x1qhh985 xm0m39n x9f619 x1ypdohk xt0psk2 xe8uvvx xdj266r x11i5rnm xat24cr x1mh8g0r xexx8yu x4uap5 x18d9i69 xkhd6sd x16tdsg8 x1hl2dhg xggy1nq x1a2a7pz x1sur9pj xkrqix3 xzsf02u x1s688f\" role=\"link\" href=\"https:\/\/www.facebook.com\/profile.php?id=100079931261807&amp;__cft__[0]=AZU4K8bZKAsjnRdlWCkIY-999IzlYH4eaO6oW7DI08XK8hz8P2zvUO-t0SIMWKVy6sVjncrB961u76p1R6YSB43Xi2zJwulJa4_yOpL-YKiJn_KXbEKW4HEQj3-sF-XUP6trLS9TWt6VOFwWsN9O_qiLwklWwCXyQgR9UBLFhZSamp7tnkULyoasGbgdKbVwvBc9OLL7WOFgE698wtyCwhc00Gx8Z7P8Pb9XecTibSQ1pA&amp;__tn__=-UC%2CP-y-R\"><strong class=\"html-strong xdj266r x11i5rnm xat24cr x1mh8g0r xexx8yu x4uap5 x18d9i69 xkhd6sd x1hl2dhg x16tdsg8 x1vvkbs x1s688f\"><span class=\"html-span xdj266r x11i5rnm xat24cr x1mh8g0r xexx8yu x4uap5 x18d9i69 xkhd6sd x1hl2dhg x16tdsg8 x1vvkbs\">Centro Asturiano De Bruselas<\/span><\/strong><\/a><\/span><\/span><\/li>\n<li><strong>Manneken Pis<\/strong>: <a href=\"https:\/\/es.wikipedia.org\/wiki\/Manneken_Pis\">wiki<\/a> \/<a href=\"https:\/\/www.google.com\/search?client=firefox-b-d&amp;sca_esv=8f8cef4c5aa9456d&amp;sca_upv=1&amp;q=Manneken+Pis&amp;udm=2&amp;fbs=AEQNm0CbCVgAZ5mWEJDg6aoPVcBgWizR0-0aFOH11Sb5tlNhdzvguW7TJ8ZJj4v-NOGupFiwZ48Dx3g7oaON1i1EOWFrLf3i49cg40iNar5vSXJ3Gvv7weftf4CYzivGxnLBaQ_XmdAF6MKnivi07GK-sJDM2iHuF26847gdqNu8uH1Vk51MG303iVl6wUvVell38-VwAL3q&amp;sa=X&amp;ved=2ahUKEwiF9IeK-duIAxU-87sIHaplCGQQtKgLegQIExAB&amp;biw=1536&amp;bih=739&amp;dpr=1.25\"> semeyes<\/a> <a href=\"https:\/\/www.facebook.com\/photo\/?fbid=1036272081839329&amp;set=pcb.1036272105172660\"><strong>\/ IMAXE asturianu<\/strong><\/a> \/ <a href=\"https:\/\/www.facebook.com\/photo.php?fbid=531915566189328&amp;set=p.531915566189328&amp;type=3\">TESTU<\/a><\/li>\n<\/ul>\n<\/div>\n<\/div>\n<\/div>\n<div class=\"html-div xdj266r x11i5rnm xat24cr x1mh8g0r xexx8yu x4uap5 x18d9i69 xkhd6sd\" dir=\"auto\">\n<div class=\"html-div xdj266r x11i5rnm xat24cr x1mh8g0r xexx8yu x4uap5 x18d9i69 xkhd6sd\" dir=\"auto\">\n<div class=\"x1l90r2v x1pi30zi x1swvt13 x1iorvi4\" data-ad-comet-preview=\"message\" data-ad-preview=\"message\">\n<div class=\"x78zum5 xdt5ytf xz62fqu x16ldp7u\">\n<div class=\"xu06os2 x1ok221b\">\n<div class=\"xdj266r x11i5rnm xat24cr x1mh8g0r x1vvkbs x126k92a\">\n<div dir=\"auto\">\n<p>Otru a\u00f1u m\u00e1s, la Grand-Place de Bruxeles y el <span style=\"color: #008080\"><strong>Manneken Pis <\/strong><\/span>vistieron los colores d&#8217;Asturies. Mientres tol finde, les gaites, pandereteres y tambores fix\u00e9ronse oyer. Les sayes de les nueses bailadores dieron color a los adoquinos.<\/p>\n<p style=\"text-align: center\">\n<!-- iframe plugin v.6.0 wordpress.org\/plugins\/iframe\/ -->\n<iframe loading=\"lazy\" src=\"https:\/\/www.facebook.com\/plugins\/post.php?href=https%3A%2F%2Fwww.facebook.com%2Fphoto.php%3Ffbid%3D1036272081839329%26set%3Da.439982131468330%26type%3D3&#038;show_text=false&#038;width=500\" width=\"500\" height=\"728\" style=\"border:none;overflow:hidden\" scrolling=\"no\" frameborder=\"0\" allowfullscreen=\"true\" allow=\"autoplay; clipboard-write; encrypted-media; picture-in-picture; web-share\" 0=\"\/iframe\" class=\"iframe-class\"><\/iframe>\n<\/p>\n<div class=\"html-div xdj266r x11i5rnm xat24cr x1mh8g0r xexx8yu x4uap5 x18d9i69 xkhd6sd\" dir=\"auto\">\n<div class=\"html-div xdj266r x11i5rnm xat24cr x1mh8g0r xexx8yu x4uap5 x18d9i69 xkhd6sd\" dir=\"auto\">\n<div class=\"x1l90r2v x1pi30zi x1swvt13 x1iorvi4\" data-ad-comet-preview=\"message\" data-ad-preview=\"message\">\n<div class=\"x78zum5 xdt5ytf xz62fqu x16ldp7u\">\n<div class=\"xu06os2 x1ok221b\">\n<div class=\"xdj266r x11i5rnm xat24cr x1mh8g0r x1vvkbs x126k92a\">\n<div dir=\"auto\">\u00bfSab\u00edes que\u2019l Manneken Pis (\u201chom\u00edn mex\u00f3n\u201d en flamencu, esto ye, neerland\u00e9s) v\u00edstese un d\u00eda al a\u00f1u d\u2019asturianu y mexa sidra? Cada a\u00f1u\u2019l <a href=\"https:\/\/www.facebook.com\/p\/Centro-Asturiano-De-Bruselas-100079931261807\/\">Centru Asturianu de Bruseles<\/a> organiza esta activid\u00e1 qu\u2019axunta a miles de persones bebiendo sidra asturiana del ne\u00f1u m\u00e1s famosu d\u2019Europa. <span class=\"html-span xexx8yu x4uap5 x18d9i69 xkhd6sd x1hl2dhg x16tdsg8 x1vvkbs x3nfvp2 x1j61x8r x1fcty0u xdj266r xat24cr xgzva0m xhhsvwb xxymvpz xlup9mm x1kky2od\"><img loading=\"lazy\" decoding=\"async\" class=\"xz74otr\" src=\"https:\/\/static.xx.fbcdn.net\/images\/emoji.php\/v9\/tde\/1\/16\/1f4f8.png\" alt=\"?\" width=\"16\" height=\"16\" \/><\/span> Semeyes de la celebraci\u00f3n asoleyaes pol Centru Asturianu de Bruseles.<\/div>\n<\/div>\n<\/div>\n<\/div>\n<\/div>\n<\/div>\n<\/div>\n<p><!--more--><\/p>\n<\/div>\n<p style=\"text-align: center\"><a href=\"https:\/\/upload.wikimedia.org\/wikipedia\/commons\/thumb\/6\/64\/Bruxelles_Manneken_Pis.jpg\/800px-Bruxelles_Manneken_Pis.jpg\"><img loading=\"lazy\" decoding=\"async\" class=\"aligncenter \" src=\"https:\/\/upload.wikimedia.org\/wikipedia\/commons\/thumb\/6\/64\/Bruxelles_Manneken_Pis.jpg\/800px-Bruxelles_Manneken_Pis.jpg\" width=\"541\" height=\"817\" \/><\/a><\/p>\n<div dir=\"auto\">\n<p>El Manneken Pis (en neerland\u00e9s; \u2018hom\u00edn que mexa\u2019) ye una <strong>estatua de bronce de 65.5 cent\u00edmetros asitiada nel centru hist\u00f3ricu de Bruxeles<\/strong> (B\u00e9lxica)\u200b. Representa a <strong>un ne\u00f1u pequenu desnudu mexando dientro del concu de la fonte<\/strong>.<\/p>\n<p style=\"text-align: center\"><a href=\"https:\/\/fotografias.lasexta.com\/clipping\/cmsimages01\/2020\/12\/31\/06E24427-B92A-4BB7-84A1-1A3CA68A6CEF\/98.jpg?crop=1280,720,x0,y130&amp;width=1900&amp;height=1069&amp;optimize=high&amp;format=webply\"><img loading=\"lazy\" decoding=\"async\" class=\"aligncenter size-full\" src=\"https:\/\/fotografias.lasexta.com\/clipping\/cmsimages01\/2020\/12\/31\/06E24427-B92A-4BB7-84A1-1A3CA68A6CEF\/98.jpg?crop=1280,720,x0,y130&amp;width=1900&amp;height=1069&amp;optimize=high&amp;format=webply\" width=\"1900\" height=\"1069\" \/><\/a><\/p>\n<p>Foi dise\u00f1ada por un escultor de Brabante llam\u00e1u J\u00e9r\u00f4me Duquesnoy el Viejo y foi asitiada nel so sitial en 1618 o 1619. \u200b Xuntu col Atomium y la Grand Place <strong>ye unu de los s\u00edmbolos de Bruxeles y una de les sos atracciones tur\u00edstiques principales, simbolizando l&#8217;esp\u00edritu independiente de los sos habitantes.<\/strong><\/p>\n<p style=\"text-align: center\">\n<!-- iframe plugin v.6.0 wordpress.org\/plugins\/iframe\/ -->\n<iframe loading=\"lazy\" src=\"https:\/\/www.facebook.com\/plugins\/post.php?href=https%3A%2F%2Fwww.facebook.com%2Fphoto.php%3Ffbid%3D519495334058171%26set%3Da.183197477687960%26type%3D3&#038;show_text=false&#038;width=500\" width=\"500\" height=\"799\" style=\"border:none;overflow:hidden\" scrolling=\"no\" frameborder=\"0\" allowfullscreen=\"true\" allow=\"autoplay; clipboard-write; encrypted-media; picture-in-picture; web-share\" 0=\"\/iframe\" class=\"iframe-class\"><\/iframe>\n<\/p>\n<p style=\"text-align: center\">\n<!-- iframe plugin v.6.0 wordpress.org\/plugins\/iframe\/ -->\n<iframe loading=\"lazy\" src=\"https:\/\/www.facebook.com\/plugins\/post.php?href=https%3A%2F%2Fwww.facebook.com%2Fphoto.php%3Ffbid%3D531915566189328%26set%3Dp.531915566189328%26type%3D3&#038;show_text=false&#038;width=500\" width=\"500\" height=\"400\" style=\"border:none;overflow:hidden\" scrolling=\"no\" frameborder=\"0\" allowfullscreen=\"true\" allow=\"autoplay; clipboard-write; encrypted-media; picture-in-picture; web-share\" 0=\"\/iframe\" class=\"iframe-class\"><\/iframe>\n<\/p>\n<\/div>\n<\/div>\n<\/div>\n<\/div>\n<\/div>\n<\/div>\n<\/div>\n<p>&nbsp;<\/p>\n","protected":false},"excerpt":{"rendered":"<p>Centro Asturiano De Bruselas Manneken Pis: wiki \/ semeyes \/ IMAXE asturianu \/ TESTU Otru a\u00f1u m\u00e1s, la Grand-Place de Bruxeles y el Manneken Pis vistieron los colores d&#8217;Asturies. Mientres tol finde, les gaites, pandereteres y tambores fix\u00e9ronse oyer. Les sayes de les nueses bailadores dieron color a los adoquinos. \u00bfSab\u00edes que\u2019l Manneken Pis (\u201chom\u00edn [&hellip;]<\/p>\n","protected":false},"author":117,"featured_media":0,"comment_status":"open","ping_status":"open","sticky":false,"template":"","format":"standard","meta":{"footnotes":""},"categories":[1],"tags":[],"class_list":["post-31658","post","type-post","status-publish","format-standard","hentry","category-sin-categoria"],"_links":{"self":[{"href":"https:\/\/edublog.educastur.es\/ixuxu\/wp-json\/wp\/v2\/posts\/31658","targetHints":{"allow":["GET"]}}],"collection":[{"href":"https:\/\/edublog.educastur.es\/ixuxu\/wp-json\/wp\/v2\/posts"}],"about":[{"href":"https:\/\/edublog.educastur.es\/ixuxu\/wp-json\/wp\/v2\/types\/post"}],"author":[{"embeddable":true,"href":"https:\/\/edublog.educastur.es\/ixuxu\/wp-json\/wp\/v2\/users\/117"}],"replies":[{"embeddable":true,"href":"https:\/\/edublog.educastur.es\/ixuxu\/wp-json\/wp\/v2\/comments?post=31658"}],"version-history":[{"count":9,"href":"https:\/\/edublog.educastur.es\/ixuxu\/wp-json\/wp\/v2\/posts\/31658\/revisions"}],"predecessor-version":[{"id":31810,"href":"https:\/\/edublog.educastur.es\/ixuxu\/wp-json\/wp\/v2\/posts\/31658\/revisions\/31810"}],"wp:attachment":[{"href":"https:\/\/edublog.educastur.es\/ixuxu\/wp-json\/wp\/v2\/media?parent=31658"}],"wp:term":[{"taxonomy":"category","embeddable":true,"href":"https:\/\/edublog.educastur.es\/ixuxu\/wp-json\/wp\/v2\/categories?post=31658"},{"taxonomy":"post_tag","embeddable":true,"href":"https:\/\/edublog.educastur.es\/ixuxu\/wp-json\/wp\/v2\/tags?post=31658"}],"curies":[{"name":"wp","href":"https:\/\/api.w.org\/{rel}","templated":true}]}}