{"id":31725,"date":"2024-09-25T17:57:38","date_gmt":"2024-09-25T15:57:38","guid":{"rendered":"https:\/\/edublog.educastur.es\/ixuxu\/?p=31725"},"modified":"2024-09-25T18:06:28","modified_gmt":"2024-09-25T16:06:28","slug":"lasturiana-monica-rodriguez-ganal-premiu-nacional-de-lliteratura-infantil-y-xuvenil","status":"publish","type":"post","link":"https:\/\/edublog.educastur.es\/ixuxu\/2024\/09\/lasturiana-monica-rodriguez-ganal-premiu-nacional-de-lliteratura-infantil-y-xuvenil\/","title":{"rendered":"L&#8217;asturiana M\u00f3nica Rodr\u00edguez gana&#8217;l Premiu Nacional de Lliteratura Infantil y Xuvenil"},"content":{"rendered":"<p style=\"text-align: center\"><a href=\"https:\/\/e00-elmundo.uecdn.es\/assets\/multimedia\/imagenes\/2024\/09\/24\/17271877163787.jpg\"><img loading=\"lazy\" decoding=\"async\" class=\"aligncenter size-full\" src=\"https:\/\/e00-elmundo.uecdn.es\/assets\/multimedia\/imagenes\/2024\/09\/24\/17271877163787.jpg\" width=\"3024\" height=\"2016\" \/><\/a><\/p>\n<p style=\"text-align: left\">L&#8217;autora public\u00f3 60 llibros, polos que recibi\u00f3 numberosos premios. L&#8217;asturiana <strong>M\u00f3nica Rodr\u00edguez<\/strong> ye la nuevu <strong>Premiu Nacional de Lliteratura Infantil y Xuvenil 2024<\/strong>. Galard\u00f3n que&#8217;l Ministeriu de Cultura otorgar por la so obra &#8216;Umiko&#8217; de la que&#8217;l xur\u00e1u resalt\u00f3 la so \u00absonorid\u00e1, dominiu de los rexistros y pola guapura del relatu\u00bb. Tami\u00e9n porque sabe \u00abconectar col p\u00fablicu al que va empobin\u00e1u\u00bb. M\u00f3nica Rodr\u00edguez, llicenciada en Ciencies F\u00edsiques, public\u00f3 60 llibros, polos que recibi\u00f3 numberosos premios.<a href=\"https:\/\/www.rtpa.es\/noticias-sociedad\/2024-09-24\/La-asturiana-Monica-Rodriguez-gana-el-Premio-Nacional-de-Literatura-Infantil-y-Juvenil_111727181765.html?fbclid=IwY2xjawFhESRleHRuA2FlbQIxMQABHVaM0NFbqekPVZOGKAyphHO-LbOen-tVO__PqcigJ-tmqjw3i2phRYDriQ_aem_nl6LfaDIWV39iVKAbXu56w\"> Fonte: RTPA<\/a> \/<\/p>\n<ul>\n<li>M\u00f3nica Rodr\u00edguez: wiki \/<a href=\"http:\/\/monicarodriguez.es\/\"> web<\/a> \/<a href=\"http:\/\/monicarodriguez.es\/libros\/\"> llibros<\/a> \/ semeyes \/ <a href=\"https:\/\/traficantes.net\/libros\/umiko\">Ficha editorial<\/a> \/<\/li>\n<li>Ilustraciones <a href=\"https:\/\/www.danielpiquerasfisk.com\/\">Daniel Piquera Fisk<\/a><\/li>\n<\/ul>\n<p><span style=\"color: #008080\"><em><!--more--><\/em><\/span><\/p>\n<p style=\"text-align: center\"><a href=\"https:\/\/lh3.googleusercontent.com\/proxy\/fjJFK9_KFvlK23sr3Gs6ZUYKCWpliSfkpxdcVRmfEcTHGr7Gf9w5sWTxzf6g7LWwJ55akZEndc5aT4KNee2Mn2im05u8ebZDyGxPXL0OSrFk7FHeg1y0U6gVlRPIcA\"><img loading=\"lazy\" decoding=\"async\" class=\"aligncenter size-full\" src=\"https:\/\/lh3.googleusercontent.com\/proxy\/fjJFK9_KFvlK23sr3Gs6ZUYKCWpliSfkpxdcVRmfEcTHGr7Gf9w5sWTxzf6g7LWwJ55akZEndc5aT4KNee2Mn2im05u8ebZDyGxPXL0OSrFk7FHeg1y0U6gVlRPIcA\" width=\"412\" height=\"512\" \/><\/a><\/p>\n<p><span style=\"color: #008080\"><em>Umiko ye f\u00eda y nieta d&#8217;ames, les buceadores xaponeses, un oficiu tradicional que s&#8217;herieda de madres a f\u00edes. Como les sos amigues, ella nun quier siguir la tradici\u00f3n, pasar llargues hores nes ag\u00fces xelaes del oc\u00e9anu y correr los peligros del fondu mar\u00edn. A pesar d&#8217;ello, siente una atracci\u00f3n irresistible pel mundu submar\u00edn, que se ve acentuada cuando conoz al sobr\u00edn del fareru, Sasuke, un adolescente ven\u00edu de Tokio, col que vive&#8217;l so primer amor. Esi amor y l&#8217;oc\u00e9anu enxareyalu a la hestoria de la so antepasada Ishi, una de les meyores ames, que sumi\u00f3 nel mar pocu dempu\u00e9s de la Segunda Guerra Mundial. La vieya buceadora Kairi, la so g\u00fcela Chinami y el restu de les ames dir\u00e1n afay\u00e1ndo-y los secretos del mundu sagrao y m\u00e1xico de les muyeres buceadores.<\/em><\/span><\/p>\n<p style=\"text-align: center\"><a href=\"https:\/\/encrypted-tbn0.gstatic.com\/images?q=tbn:ANd9GcSpOdmEkTsfM9oroeMvsebEka_VuSJbfbZHmg&amp;s\"><img loading=\"lazy\" decoding=\"async\" class=\"aligncenter size-full\" src=\"https:\/\/encrypted-tbn0.gstatic.com\/images?q=tbn:ANd9GcSpOdmEkTsfM9oroeMvsebEka_VuSJbfbZHmg&amp;s\" width=\"343\" height=\"147\" \/><\/a><\/p>\n<p>&nbsp;<\/p>\n<p style=\"text-align: center\">\n<!-- iframe plugin v.6.0 wordpress.org\/plugins\/iframe\/ -->\n<iframe loading=\"lazy\" width=\"100%\" height=\"395\" src=\"https:\/\/www.youtube.com\/embed\/Wt30cd_-yiE\" title=\"Umiko: las buceadoras\" frameborder=\"0\" allow=\"accelerometer; autoplay; clipboard-write; encrypted-media; gyroscope; picture-in-picture; web-share\" referrerpolicy=\"strict-origin-when-cross-origin\" 0=\"allowfullscreen\" 1=\"\/iframe\" scrolling=\"yes\" class=\"iframe-class\"><\/iframe>\n<\/p>\n<div class=\"wp-block-columns is-layout-flex wp-container-10\">\n<div class=\"wp-block-column is-layout-flow\">\n<blockquote>\n<ul>\n<li class=\"wp-block-preformatted has-small-font-size\"><span style=\"font-size: 14px;color: #008080\">Ilustraciones <a style=\"color: #008080\" href=\"https:\/\/www.danielpiquerasfisk.com\/\">Daniel Piquera Fisk<\/a> Editorial Diego Punn Ediciones, mayo, 2023<\/span><\/li>\n<li class=\"wp-block-preformatted has-small-font-size\"><span style=\"font-size: 14px;color: #008080\"><strong>Premiu na categor\u00eda dexuvenil de los Meyores del Banco de Llibru de Venezuela 2023<\/strong><\/span><\/li>\n<li><span style=\"font-size: 14px;color: #008080\">Recomend\u00e1u Fundaci\u00f3n Cuatrogatos 2024<\/span><\/li>\n<li><span style=\"font-size: 14px;color: #008080\"><strong>Novelaxuvenil ilustrada<\/strong> \/P\u00e1xines 296 \/ Dimensiones 24,0 x 17,0 cm \/ Idioma: Espa\u00f1ol <\/span><\/li>\n<li><span style=\"font-size: 14px;color: #008080\">ISBN 9788412606454 ISBN-10 8412606450 <\/span><\/li>\n<li><span style=\"font-size: 14px;color: #008080\">Encuadernaci\u00f3n: Tapa dura <\/span><\/li>\n<\/ul>\n<\/blockquote>\n<\/div>\n<\/div>\n","protected":false},"excerpt":{"rendered":"<p>L&#8217;autora public\u00f3 60 llibros, polos que recibi\u00f3 numberosos premios. L&#8217;asturiana M\u00f3nica Rodr\u00edguez ye la nuevu Premiu Nacional de Lliteratura Infantil y Xuvenil 2024. Galard\u00f3n que&#8217;l Ministeriu de Cultura otorgar por la so obra &#8216;Umiko&#8217; de la que&#8217;l xur\u00e1u resalt\u00f3 la so \u00absonorid\u00e1, dominiu de los rexistros y pola guapura del relatu\u00bb. Tami\u00e9n porque sabe \u00abconectar [&hellip;]<\/p>\n","protected":false},"author":117,"featured_media":0,"comment_status":"open","ping_status":"open","sticky":false,"template":"","format":"standard","meta":{"footnotes":""},"categories":[10,58],"tags":[],"class_list":["post-31725","post","type-post","status-publish","format-standard","hentry","category-llibros-reciella","category-premios"],"_links":{"self":[{"href":"https:\/\/edublog.educastur.es\/ixuxu\/wp-json\/wp\/v2\/posts\/31725","targetHints":{"allow":["GET"]}}],"collection":[{"href":"https:\/\/edublog.educastur.es\/ixuxu\/wp-json\/wp\/v2\/posts"}],"about":[{"href":"https:\/\/edublog.educastur.es\/ixuxu\/wp-json\/wp\/v2\/types\/post"}],"author":[{"embeddable":true,"href":"https:\/\/edublog.educastur.es\/ixuxu\/wp-json\/wp\/v2\/users\/117"}],"replies":[{"embeddable":true,"href":"https:\/\/edublog.educastur.es\/ixuxu\/wp-json\/wp\/v2\/comments?post=31725"}],"version-history":[{"count":6,"href":"https:\/\/edublog.educastur.es\/ixuxu\/wp-json\/wp\/v2\/posts\/31725\/revisions"}],"predecessor-version":[{"id":31731,"href":"https:\/\/edublog.educastur.es\/ixuxu\/wp-json\/wp\/v2\/posts\/31725\/revisions\/31731"}],"wp:attachment":[{"href":"https:\/\/edublog.educastur.es\/ixuxu\/wp-json\/wp\/v2\/media?parent=31725"}],"wp:term":[{"taxonomy":"category","embeddable":true,"href":"https:\/\/edublog.educastur.es\/ixuxu\/wp-json\/wp\/v2\/categories?post=31725"},{"taxonomy":"post_tag","embeddable":true,"href":"https:\/\/edublog.educastur.es\/ixuxu\/wp-json\/wp\/v2\/tags?post=31725"}],"curies":[{"name":"wp","href":"https:\/\/api.w.org\/{rel}","templated":true}]}}