{"id":31732,"date":"2024-09-26T09:00:50","date_gmt":"2024-09-26T07:00:50","guid":{"rendered":"https:\/\/edublog.educastur.es\/ixuxu\/?p=31732"},"modified":"2024-09-26T19:03:13","modified_gmt":"2024-09-26T17:03:13","slug":"el-conseyu-deuropa-pide-que-se-declare-la-oficialida-del-asturianu","status":"publish","type":"post","link":"https:\/\/edublog.educastur.es\/ixuxu\/2024\/09\/el-conseyu-deuropa-pide-que-se-declare-la-oficialida-del-asturianu\/","title":{"rendered":"El Conseyu d&#8217;Europa pide que se declare la oficialid\u00e1 del asturianu\u00a0"},"content":{"rendered":"<p style=\"text-align: center\"><a href=\"https:\/\/img.lavdg.com\/sc\/TJptdWSAix2QSCYHzVBbQnjcoeM=\/768x\/2024\/09\/25\/00121727264314609424105\/Foto\/t3.jpg\"><img loading=\"lazy\" decoding=\"async\" class=\"aligncenter size-full\" src=\"https:\/\/img.lavdg.com\/sc\/TJptdWSAix2QSCYHzVBbQnjcoeM=\/768x\/2024\/09\/25\/00121727264314609424105\/Foto\/t3.jpg\" width=\"768\" height=\"432\" \/><\/a><\/p>\n<p>L&#8217;informe del comit\u00e9 d&#8217;espertos reconoz meyores na promoci\u00f3n de la llingua pero llapada a estendela a los ciclos preescolares d&#8217;Educaci\u00f3n<\/p>\n<ul>\n<li>Fonte:<a href=\"https:\/\/www.lavozdeasturias.es\/noticia\/asturias\/2024\/09\/25\/consejo-europa-pide-declare-oficialidad-asturiano\/00031727264204769362449.htm\"> La Voz de Asturias<\/a> \/<a href=\"https:\/\/img.lavdg.com\/sc\/TJptdWSAix2QSCYHzVBbQnjcoeM=\/768x\/2024\/09\/25\/00121727264314609424105\/Foto\/t3.jpg\"> imaxe<\/a><\/li>\n<\/ul>\n<p><!--more--><br \/>\nEl Comit\u00e9 d&#8217;Espertos de la <strong>Carta Europea de les Lling\u00fces Rexonales o Minoritaries<\/strong>, que forma parte del Conseyu d&#8217;Europa (una instituci\u00f3n distinta del Conseyu Europ\u00e9u, que nun forma parte de la estructura de la UE) public\u00f3 esta selmana&#8217;l so informe d&#8217;evaluaci\u00f3n de la situaci\u00f3n de les distintes lling\u00fces minoritaries del continente col encamientu espl\u00edcitu de que se reconoza la oficialid\u00e1 del asturianu.<\/p>\n<p><span style=\"color: #008080\"><em>\u00abDean pasos para la reconocencia del asturianu como llingua oficial nel estatutu d&#8217;autonom\u00eda del Princip\u00e1u d&#8217;Asturies\u00bb<\/em><\/span>, ye&#8217;l puntu clave del apart\u00e1u del informe dedic\u00e1u a la comunid\u00e1.<\/p>\n<p>El cap\u00edtulu destaca tami\u00e9n que deben implentarse mid\u00edes para favorecer l&#8217;usu del asturianu na educaci\u00f3n preescolar, recuperar el programa piloto nel que se dexaba l&#8217;usu del asturianu como llingua vehicular d&#8217;ense\u00f1anza (una iniciativa voluntaria de los centros y les families); promovela nesti sent\u00edu nos niveles de secundaria, amontar les publicaciones impreses y les producciones audiovisuales n&#8217;asturianu y tami\u00e9n la puesta en marcha d&#8217;alcuerdu de collaboraci\u00f3n cola comunid\u00e1 de Castiella y Lli\u00f3n \u00abque dexe a los falantes d&#8217;asturianu intercambios culurales\u00bb.<\/p>\n<p>L&#8217;informe reconoz meyores y destaca que \u00aba pesar de la falta d&#8217;oficialid\u00e1, les autoridaes del Princip\u00e1u d&#8217;Asturies t\u00e1n faciendo constantes esfuerzos para facilitar l&#8217;usu del asturianu na esfera p\u00fablica\u00bb, tami\u00e9n destaca la promoci\u00f3n nos distintos ciclos educativos anque aprofia la necesid\u00e1 de promovela nos de preescolar. Ye daqu\u00e9 que, ello ye que l&#8217;Executivu auton\u00f3micu planteg\u00f3 para&#8217;l nuevu cursu coincidiendo col primera esplegue de la rede de 0 a 3 a\u00f1os, Les Escuelines.<\/p>\n<p>L&#8217;informe considera complet\u00e1u los oxetivos enantes marcaos para promover la ense\u00f1anza de llingua asturiana n&#8217;adultos, citando&#8217;l programa Falamos implement\u00e1u al travi\u00e9s de la <strong>Federaci\u00f3n Asturiana de Conceyos (FACC)<\/strong> y tami\u00e9n la promoci\u00f3n del asturianu en medios de comunicaci\u00f3n.<\/p>\n<p>El plan piloto<\/p>\n<p>El Plan Piloto Esperimental de Fomentu del Usu del Asturianu realiz\u00e1u ente 2017 y 2019, mientres el mandatu de Javier Fern\u00e1ndez. Yera un proyectu voluntariu tantu pal alumn\u00e1u como pa los centros implicaos, que busca fomentar l&#8217;usu del asturianu como llingua vehicular en delles materies de 4\u00ba y 5\u00ba de primaria como Ciencies Sociales, Ciencies Naturales, Educaci\u00f3n F\u00edsica o Pl\u00e1stica.<\/p>\n<p>Llevose a cabu en seis centros d&#8217;educaci\u00f3n primaria mientres los cursos 2017-18 y 2018-19 en clases. Seg\u00fan les autoridaes auton\u00f3miques, la evaluaci\u00f3n d&#8217;esti plan concluy\u00f3 que la mayor parte de los alumnos ameyoraren la so nota y que la valoraci\u00f3n global de la comunid\u00e1 educativa yera bien positiva. Sicas\u00ed, en payares del 2022, la conseyera Lydia Escayu refug\u00f3 na Xunta Xeneral recuperar esti plan y\u00e1 que \u00abxur\u00eddicamente non puede dise m\u00e1s all\u00e1 al nun ser oficial l&#8217;asturianu\u00bb; seg\u00fan recoy\u00f3 Europa Press.<\/p>\n","protected":false},"excerpt":{"rendered":"<p>L&#8217;informe del comit\u00e9 d&#8217;espertos reconoz meyores na promoci\u00f3n de la llingua pero llapada a estendela a los ciclos preescolares d&#8217;Educaci\u00f3n Fonte: La Voz de Asturias \/ imaxe<\/p>\n","protected":false},"author":117,"featured_media":0,"comment_status":"open","ping_status":"open","sticky":false,"template":"","format":"standard","meta":{"footnotes":""},"categories":[51],"tags":[],"class_list":["post-31732","post","type-post","status-publish","format-standard","hentry","category-oficialida"],"_links":{"self":[{"href":"https:\/\/edublog.educastur.es\/ixuxu\/wp-json\/wp\/v2\/posts\/31732","targetHints":{"allow":["GET"]}}],"collection":[{"href":"https:\/\/edublog.educastur.es\/ixuxu\/wp-json\/wp\/v2\/posts"}],"about":[{"href":"https:\/\/edublog.educastur.es\/ixuxu\/wp-json\/wp\/v2\/types\/post"}],"author":[{"embeddable":true,"href":"https:\/\/edublog.educastur.es\/ixuxu\/wp-json\/wp\/v2\/users\/117"}],"replies":[{"embeddable":true,"href":"https:\/\/edublog.educastur.es\/ixuxu\/wp-json\/wp\/v2\/comments?post=31732"}],"version-history":[{"count":1,"href":"https:\/\/edublog.educastur.es\/ixuxu\/wp-json\/wp\/v2\/posts\/31732\/revisions"}],"predecessor-version":[{"id":31733,"href":"https:\/\/edublog.educastur.es\/ixuxu\/wp-json\/wp\/v2\/posts\/31732\/revisions\/31733"}],"wp:attachment":[{"href":"https:\/\/edublog.educastur.es\/ixuxu\/wp-json\/wp\/v2\/media?parent=31732"}],"wp:term":[{"taxonomy":"category","embeddable":true,"href":"https:\/\/edublog.educastur.es\/ixuxu\/wp-json\/wp\/v2\/categories?post=31732"},{"taxonomy":"post_tag","embeddable":true,"href":"https:\/\/edublog.educastur.es\/ixuxu\/wp-json\/wp\/v2\/tags?post=31732"}],"curies":[{"name":"wp","href":"https:\/\/api.w.org\/{rel}","templated":true}]}}