{"id":31739,"date":"2024-09-26T09:00:20","date_gmt":"2024-09-26T07:00:20","guid":{"rendered":"https:\/\/edublog.educastur.es\/ixuxu\/?p=31739"},"modified":"2024-09-26T23:32:47","modified_gmt":"2024-09-26T21:32:47","slug":"dia-internacional-de-la-salu-ambiental","status":"publish","type":"post","link":"https:\/\/edublog.educastur.es\/ixuxu\/2024\/09\/dia-internacional-de-la-salu-ambiental\/","title":{"rendered":"D\u00eda Internacional de la Sal\u00fa Ambiental"},"content":{"rendered":"<p><span style=\"color: #008080;font-size: 24px\"><strong><em>\u00abProduz una inmensa murnia\/tristeza<\/em><\/strong><\/span><br \/>\n<span style=\"color: #008080;font-size: 24px\"><strong><em> pensar que la naturaleza fala<\/em><\/strong><\/span><br \/>\n<span style=\"color: #008080;font-size: 24px\"><strong><em> mientres el x\u00e9neru humanu non la escucha\u00bb.<\/em> <\/strong><\/span><br \/>\nVictor Hugo. ?<\/p>\n<blockquote>\n<p style=\"text-align: center\"><a href=\"https:\/\/www.gomezroig.com\/wp-content\/uploads\/2019\/03\/El-medio-ambiente-en-las-embarazadas.jpg\"><img loading=\"lazy\" decoding=\"async\" class=\"aligncenter size-full\" src=\"https:\/\/www.gomezroig.com\/wp-content\/uploads\/2019\/03\/El-medio-ambiente-en-las-embarazadas.jpg\" width=\"1000\" height=\"500\" \/><\/a><span style=\"font-size: 16px;color: #008080\"><em><strong>Sal\u00fa Ambiental = Curiar de la nuesa Tierra y de n\u00f3s mesmos<\/strong><\/em><\/span><\/p>\n<\/blockquote>\n<p>El 26 de setiembre celebramos el <span style=\"color: #008080\"><strong>D\u00eda Internacional de la Sal\u00fa Ambiental<\/strong><\/span>, una xornada de vital importancia empobinada a garantizar la sostenibilid\u00e1 de los ecosistemes, en pro de la sal\u00fa de les xeneraciones actuales y futures.\u00a0 Nun podemos recular nel tiempu, pero <strong>formamos parte de la xeneraci\u00f3n que puede faer crecer los montes, curiar de l&#8217;agua y restaurar los suelos<\/strong>. Esta fecha s\u00edrvenos para movilizar mid\u00edes ambientales tresformadores en tolos rincones del mundu.<\/p>\n<p><!--more--><\/p>\n<p>Coles mesmes, pretende concenciase a la poblaci\u00f3n mundial sobro la importancia de curiar el nuesu planeta, los sos recursos naturales y les especies qu&#8217;habiten n\u00e9l. La creaci\u00f3n d&#8217;esta efem\u00e9ride, nel a\u00f1u 2011, foi por iniciativa de la Federaci\u00f3n Internacional de Sal\u00fa Ambiental (International Federation on Environmental Health (IFEH).<\/p>\n<p>Esta organizaci\u00f3n tien la so see principal en Londres y arrexunta a m\u00e1s de 44 estaos miembros. El so llabor empob\u00ednase a la investigaci\u00f3n cient\u00edfica y t\u00e9cnica en materia de sal\u00fa ambiental. El lema pal 2024 ye Sal\u00fa ambiental: <span style=\"font-size: 20px\"><em><span style=\"color: #008080\"><strong>Creaci\u00f3n de comunidaes resilientes al travi\u00e9s del amenorgamientu del riesgu de desastres y Mitigaci\u00f3n y adaptaci\u00f3n al camb\u00e9u clim\u00e1ticu.<\/strong><\/span><\/em><\/span><\/p>\n<p>\u00bfEn qu\u00e9 consiste la sal\u00fa ambiental? Acordies con la Organizaci\u00f3n Mundial de la Sal\u00fa (OMS),<span style=\"color: #008080\"><strong> la sal\u00fa ambiental ye aquella disciplina que s&#8217;encarga d&#8217;estudiar, prevenir y controlar factores ambientales y de la redolada que puedan influyir nos seres vivos.<\/strong><\/span><\/p>\n<p style=\"text-align: left\"><span style=\"color: #008080\"><a style=\"color: #008080\" href=\"https:\/\/microservices.es\/storage\/AnRTwAM76lqgSCylxGywueHtuwuULpn113iLC6zI.jpg\"><img loading=\"lazy\" decoding=\"async\" class=\"aligncenter \" src=\"https:\/\/microservices.es\/storage\/AnRTwAM76lqgSCylxGywueHtuwuULpn113iLC6zI.jpg\" width=\"355\" height=\"386\" \/><\/a><span style=\"font-size: 20px\"><em><strong>Estos factores son:<\/strong><\/em><\/span><\/span><\/p>\n<p><span style=\"font-size: 20px\"><em><span style=\"color: #008080\">&#8211; Brotes d&#8217;enfermedaes infeicioses <\/span><\/em><\/span><br \/>\n<span style=\"font-size: 20px\"><em><span style=\"color: #008080\">&#8211; Enfermedaes tresmit\u00edes pel agua <\/span><\/em><\/span><br \/>\n<span style=\"font-size: 20px\"><em><span style=\"color: #008080\">&#8211; Segurid\u00e1 alimentaria <\/span><\/em><\/span><br \/>\n<span style=\"font-size: 20px\"><em><span style=\"color: #008080\">&#8211; Contaminaci\u00f3n del enagua <\/span><\/em><\/span><br \/>\n<span style=\"font-size: 20px\"><em><span style=\"color: #008080\">&#8211; Suministru d&#8217;agua potable <\/span><\/em><\/span><br \/>\n<span style=\"font-size: 20px\"><em><span style=\"color: #008080\">&#8211;\u00a0 Xesti\u00f3n de les ag\u00fces residuales<\/span><\/em><\/span><br \/>\n<span style=\"font-size: 20px\"><em><span style=\"color: #008080\">&#8211; Control d&#8217;enfermedaes tresmit\u00edes por vectores y plagues<\/span><\/em><\/span><\/p>\n<p><span style=\"font-size: 20px\"><em><span style=\"color: #008080\"><strong>Y tami\u00e9n:<\/strong><\/span><\/em><\/span><\/p>\n<p><span style=\"font-size: 20px\"><em><span style=\"color: #008080\">&#8211; Eliminaci\u00f3n de los cadabres\/cadaveres<\/span><\/em><\/span><br \/>\n<span style=\"font-size: 20px\"><em><span style=\"color: #008080\">&#8211; Abelugos d&#8217;emerxencia <\/span><\/em><\/span><br \/>\n<span style=\"font-size: 20px\"><em><span style=\"color: #008080\">&#8211; Contaminaci\u00f3n atmosf\u00e9rica<\/span><\/em><\/span><br \/>\n<span style=\"font-size: 20px\"><em><span style=\"color: #008080\">&#8211; Puertos y control de fronteres <\/span><\/em><\/span><br \/>\n<span style=\"font-size: 20px\"><em><span style=\"color: #008080\">&#8211; Residuos peligrosos <\/span><\/em><\/span><br \/>\n<span style=\"font-size: 20px\"><em><span style=\"color: #008080\">&#8211; Participaci\u00f3n nel dise\u00f1u de planes d&#8217;emerxencia <\/span><\/em><\/span><br \/>\n<span style=\"font-size: 20px\"><em><span style=\"color: #008080\">&#8211; Participar na informaci\u00f3n sobro los riesgos sanitarios y c\u00f3mo evitalos. <\/span><\/em><\/span><br \/>\n<span style=\"font-size: 20px\"><em><span style=\"color: #008080\">&#8211; Vivienda y sal\u00fa<\/span> <\/em><\/span><\/p>\n<p>Per otra parte,<strong> la sal\u00fa ambiental ye considerada xuna pol\u00edtica p\u00fablica esencial<\/strong>, empobinada a prevenir y menguar l&#8217;apaici\u00f3n d&#8217;aquelles enfermedaes que son xeneraes por condiciones ambientales desaparentes.<\/p>\n<p style=\"text-align: center\"><a href=\"https:\/\/microservices.es\/storage\/bNFCI6Hc42N55BA0V8CqYDf65l6IlLDgDr4LzDqJ.jpg\"><img loading=\"lazy\" decoding=\"async\" class=\"aligncenter size-full\" src=\"https:\/\/microservices.es\/storage\/bNFCI6Hc42N55BA0V8CqYDf65l6IlLDgDr4LzDqJ.jpg\" width=\"720\" height=\"540\" \/><\/a><\/p>\n","protected":false},"excerpt":{"rendered":"<p>\u00abProduz una inmensa murnia\/tristeza pensar que la naturaleza fala mientres el x\u00e9neru humanu non la escucha\u00bb. Victor Hugo. ? Sal\u00fa Ambiental = Curiar de la nuesa Tierra y de n\u00f3s mesmos El 26 de setiembre celebramos el D\u00eda Internacional de la Sal\u00fa Ambiental, una xornada de vital importancia empobinada a garantizar la sostenibilid\u00e1 de los [&hellip;]<\/p>\n","protected":false},"author":117,"featured_media":0,"comment_status":"open","ping_status":"open","sticky":false,"template":"","format":"standard","meta":{"footnotes":""},"categories":[6],"tags":[],"class_list":["post-31739","post","type-post","status-publish","format-standard","hentry","category-dia-de"],"_links":{"self":[{"href":"https:\/\/edublog.educastur.es\/ixuxu\/wp-json\/wp\/v2\/posts\/31739","targetHints":{"allow":["GET"]}}],"collection":[{"href":"https:\/\/edublog.educastur.es\/ixuxu\/wp-json\/wp\/v2\/posts"}],"about":[{"href":"https:\/\/edublog.educastur.es\/ixuxu\/wp-json\/wp\/v2\/types\/post"}],"author":[{"embeddable":true,"href":"https:\/\/edublog.educastur.es\/ixuxu\/wp-json\/wp\/v2\/users\/117"}],"replies":[{"embeddable":true,"href":"https:\/\/edublog.educastur.es\/ixuxu\/wp-json\/wp\/v2\/comments?post=31739"}],"version-history":[{"count":4,"href":"https:\/\/edublog.educastur.es\/ixuxu\/wp-json\/wp\/v2\/posts\/31739\/revisions"}],"predecessor-version":[{"id":31807,"href":"https:\/\/edublog.educastur.es\/ixuxu\/wp-json\/wp\/v2\/posts\/31739\/revisions\/31807"}],"wp:attachment":[{"href":"https:\/\/edublog.educastur.es\/ixuxu\/wp-json\/wp\/v2\/media?parent=31739"}],"wp:term":[{"taxonomy":"category","embeddable":true,"href":"https:\/\/edublog.educastur.es\/ixuxu\/wp-json\/wp\/v2\/categories?post=31739"},{"taxonomy":"post_tag","embeddable":true,"href":"https:\/\/edublog.educastur.es\/ixuxu\/wp-json\/wp\/v2\/tags?post=31739"}],"curies":[{"name":"wp","href":"https:\/\/api.w.org\/{rel}","templated":true}]}}