{"id":31742,"date":"2024-09-26T09:20:53","date_gmt":"2024-09-26T07:20:53","guid":{"rendered":"https:\/\/edublog.educastur.es\/ixuxu\/?p=31742"},"modified":"2024-09-26T19:30:15","modified_gmt":"2024-09-26T17:30:15","slug":"feliz-dia-europeu-de-les-llingues","status":"publish","type":"post","link":"https:\/\/edublog.educastur.es\/ixuxu\/2024\/09\/feliz-dia-europeu-de-les-llingues\/","title":{"rendered":"D\u00eda Europ\u00e9u de les Lling\u00fces"},"content":{"rendered":"<div class=\"html-div xdj266r xexx8yu x4uap5 x18d9i69 xkhd6sd x1n2onr6 x1mh8g0r x11i5rnm xod5an3\">\n<div class=\"html-div xdj266r x11i5rnm xat24cr x1mh8g0r xexx8yu x4uap5 x18d9i69 xkhd6sd x1n2onr6\">\n<p style=\"text-align: center\"><a href=\"https:\/\/edl.ecml.at\/portals\/33\/basic\/banner\/top-banner-2140-es-ES.jpg\"><img loading=\"lazy\" decoding=\"async\" class=\"aligncenter size-full\" src=\"https:\/\/edl.ecml.at\/portals\/33\/basic\/banner\/top-banner-2140-es-ES.jpg\" width=\"1140\" height=\"261\" \/><\/a><\/p>\n<p>La diversid\u00e1 lling\u00fc\u00edstica ye una ferramienta clave para llograr una mayor comprensi\u00f3n intercultural. <strong>El Conseyu d&#8217;Europa promueve el plurilling\u00fcismu en toa Europa. <\/strong>Por iniciativa del Conseyu d&#8217;Europa n&#8217;Estrasburgo, el<strong> D\u00eda Europ\u00e9u de les Lling\u00fces<\/strong> vien celebr\u00e1ndose, dende 2001, el 26 de setiembre de cada a\u00f1u.<\/p>\n<\/div>\n<\/div>\n<div class=\"x78zum5 xdt5ytf xz62fqu x16ldp7u\">\n<div class=\"xu06os2 x1ok221b\">\n<ul>\n<li class=\"html-h3 x11i5rnm xat24cr x1mh8g0r xexx8yu x4uap5 x18d9i69 xkhd6sd x1vvkbs x1heor9g x1qlqyl8 x1pd3egz x1a2a7pz x1gslohp x1yc453h\"><span class=\"x1lliihq x6ikm8r x10wlt62 x1n2onr6\"><span class=\"xt0psk2\"><a class=\"x1i10hfl xjbqb8w x1ejq31n xd10rxx x1sy0etr x17r0tee x972fbf xcfux6l x1qhh985 xm0m39n x9f619 x1ypdohk xt0psk2 xe8uvvx xdj266r x11i5rnm xat24cr x1mh8g0r xexx8yu x4uap5 x18d9i69 xkhd6sd x16tdsg8 x1hl2dhg xggy1nq x1a2a7pz x1sur9pj xkrqix3 xzsf02u x1s688f\" role=\"link\" href=\"https:\/\/www.facebook.com\/ErasmusPlusSEPIE?__cft__[0]=AZVnpvkFIYvztuLGN4Hq_Dgn6_HQvYP4NZ55kFTnZ-MKai6jj0mck0gJT0BzVfB5lNJOzarrpN9Svept2ppa1oJV-aVcj26OxCo49ZDcSXcW3koK43WtWQRxgm-R3gzghO6MLBTMQZJyfSqYBWXd2sgR-5FWxBaSFdqWbBfJBel5pg9rDCW5lDefdDfxiLi3RB6HBSkUgQK8trJGjcPpnT-sIdcihXXKG97pegc5ks-Nfg&amp;__tn__=-UC%2CP-y-R\"><strong class=\"html-strong xdj266r x11i5rnm xat24cr x1mh8g0r xexx8yu x4uap5 x18d9i69 xkhd6sd x1hl2dhg x16tdsg8 x1vvkbs x1s688f\"><span class=\"html-span xdj266r x11i5rnm xat24cr x1mh8g0r xexx8yu x4uap5 x18d9i69 xkhd6sd x1hl2dhg x16tdsg8 x1vvkbs\">Servicio Espa\u00f1ol para la Internacionalizaci\u00f3n de la Educaci\u00f3n<\/span><\/strong><\/a><\/span><\/span><\/li>\n<li class=\"html-h3 x11i5rnm xat24cr x1mh8g0r xexx8yu x4uap5 x18d9i69 xkhd6sd x1vvkbs x1heor9g x1qlqyl8 x1pd3egz x1a2a7pz x1gslohp x1yc453h\">\u00a0<span class=\"html-span xdj266r x11i5rnm xat24cr x1mh8g0r xexx8yu x4uap5 x18d9i69 xkhd6sd x1hl2dhg x16tdsg8 x1vvkbs\"><a class=\"x1i10hfl xjbqb8w x1ejq31n xd10rxx x1sy0etr x17r0tee x972fbf xcfux6l x1qhh985 xm0m39n x9f619 x1ypdohk xt0psk2 xe8uvvx xdj266r x11i5rnm xat24cr x1mh8g0r xexx8yu x4uap5 x18d9i69 xkhd6sd x16tdsg8 x1hl2dhg xggy1nq x1a2a7pz x1sur9pj xkrqix3 x1fey0fg x1s688f\" role=\"link\" href=\"https:\/\/www.facebook.com\/hashtag\/del?__eep__=6&amp;__cft__[0]=AZVnpvkFIYvztuLGN4Hq_Dgn6_HQvYP4NZ55kFTnZ-MKai6jj0mck0gJT0BzVfB5lNJOzarrpN9Svept2ppa1oJV-aVcj26OxCo49ZDcSXcW3koK43WtWQRxgm-R3gzghO6MLBTMQZJyfSqYBWXd2sgR-5FWxBaSFdqWbBfJBel5pg9rDCW5lDefdDfxiLi3RB6HBSkUgQK8trJGjcPpnT-sIdcihXXKG97pegc5ks-Nfg&amp;__tn__=*NK-y-R\">#DEL<\/a><\/span><span class=\"html-span xexx8yu x4uap5 x18d9i69 xkhd6sd x1hl2dhg x16tdsg8 x1vvkbs x3nfvp2 x1j61x8r x1fcty0u xdj266r xat24cr xgzva0m xhhsvwb xxymvpz xlup9mm x1kky2od\">\/ <img loading=\"lazy\" decoding=\"async\" class=\"xz74otr\" src=\"https:\/\/static.xx.fbcdn.net\/images\/emoji.php\/v9\/t51\/1\/16\/1f449.png\" alt=\"?\" width=\"16\" height=\"16\" \/><\/span> <span class=\"html-span xdj266r x11i5rnm xat24cr x1mh8g0r xexx8yu x4uap5 x18d9i69 xkhd6sd x1hl2dhg x16tdsg8 x1vvkbs\"><a class=\"x1i10hfl xjbqb8w x1ejq31n xd10rxx x1sy0etr x17r0tee x972fbf xcfux6l x1qhh985 xm0m39n x9f619 x1ypdohk xt0psk2 xe8uvvx xdj266r x11i5rnm xat24cr x1mh8g0r xexx8yu x4uap5 x18d9i69 xkhd6sd x16tdsg8 x1hl2dhg xggy1nq x1a2a7pz x1sur9pj xkrqix3 x1fey0fg x1s688f\" role=\"link\" href=\"https:\/\/edl.ecml.at\/Home\/tabid\/1455\/language\/es-ES\/Default.aspx?fbclid=IwZXh0bgNhZW0CMTAAAR1efe8TtPgpn5_ycI_u2BFh1bHLwcped9F4u9HV06J7MIBS1td4XmImF0U_aem_9Nv25yTnzmM8cb66neyDog\" target=\"_blank\" rel=\"nofollow noopener noreferrer\">https:\/\/edl.ecml.at\/&#8230;\/1455\/language\/es-ES\/Default.aspx<\/a><\/span>\/<span class=\"html-span xdj266r x11i5rnm xat24cr x1mh8g0r xexx8yu x4uap5 x18d9i69 xkhd6sd x1hl2dhg x16tdsg8 x1vvkbs\"><a class=\"x1i10hfl xjbqb8w x1ejq31n xd10rxx x1sy0etr x17r0tee x972fbf xcfux6l x1qhh985 xm0m39n x9f619 x1ypdohk xt0psk2 xe8uvvx xdj266r x11i5rnm xat24cr x1mh8g0r xexx8yu x4uap5 x18d9i69 xkhd6sd x16tdsg8 x1hl2dhg xggy1nq x1a2a7pz x1sur9pj xkrqix3 x1fey0fg x1s688f\" role=\"link\" href=\"https:\/\/www.facebook.com\/hashtag\/coeedl?__eep__=6&amp;__cft__[0]=AZVnpvkFIYvztuLGN4Hq_Dgn6_HQvYP4NZ55kFTnZ-MKai6jj0mck0gJT0BzVfB5lNJOzarrpN9Svept2ppa1oJV-aVcj26OxCo49ZDcSXcW3koK43WtWQRxgm-R3gzghO6MLBTMQZJyfSqYBWXd2sgR-5FWxBaSFdqWbBfJBel5pg9rDCW5lDefdDfxiLi3RB6HBSkUgQK8trJGjcPpnT-sIdcihXXKG97pegc5ks-Nfg&amp;__tn__=*NK-y-R\">#coeEDL<\/a><\/span><\/li>\n<li><a href=\"https:\/\/cdn.ecml.at\/EDL\/language-journey\/language-tree\/language-tree-ES.pdf\">P\u00f3ster de l&#8217;\u00e1rbol de les lling\u00fces<\/a> \/ <a href=\"https:\/\/edl.ecml.at\/Facts\/Wordoftheyear\/tabid\/3278\/Default.aspx\">Pallabra de l&#8217;a\u00f1u<\/a> \/ Espa\u00f1a 2023: Polarizaci\u00f3n \/<\/li>\n<li><\/li>\n<\/ul>\n<p><!--more--><\/p>\n<\/div>\n<p><a href=\"https:\/\/edl.ecml.at\/Portals\/33\/images\/front2024.jpg\"><img loading=\"lazy\" decoding=\"async\" class=\"aligncenter size-full\" src=\"https:\/\/edl.ecml.at\/Portals\/33\/images\/front2024.jpg\" width=\"800\" height=\"300\" \/><\/a><\/p>\n<p>Los 46 Estaos miembros del Conseyu d&#8217;Europa animen a m\u00e1s de 700 millones d&#8217;europeos a aprender otres lling\u00fces a cualquier ed\u00e1, dientro y fora de la escuela. Convenc\u00edu de que la diversid\u00e1 lling\u00fc\u00edstica ye una ferramienta clave para llograr una mayor comprensi\u00f3n intercultural y un elementu clave nel ricu heriedu cultural del nuesu continente, <strong>el Conseyu d&#8217;Europa promueve el plurilling\u00fcismu en toa Europa.<\/strong><br \/>\nPor iniciativa del Conseyu d&#8217;Europa n&#8217;Estrasburgo, el<strong> D\u00eda Europ\u00e9u de les Lling\u00fces<\/strong> vien celebr\u00e1ndose, dende 2001, el 26 de setiembre de cada a\u00f1u.<\/p>\n<\/div>\n<p><strong>Pallabra de l&#8217;a\u00f1u 2023 n&#8217;Espa\u00f1a: Polarizaci\u00f3n<\/strong><\/p>\n<p style=\"text-align: center\">\n<!-- iframe plugin v.6.0 wordpress.org\/plugins\/iframe\/ -->\n<iframe loading=\"lazy\" width=\"800\" height=\"450\" src=\"https:\/\/www.youtube.com\/embed\/RzkqXNw6YXQ\" title=\"\u00abPolarizaci\u00f3n\u00bb, palabra del a\u00f1o 2023 de la Fund\u00e9uRAE\" frameborder=\"0\" allow=\"accelerometer; autoplay; clipboard-write; encrypted-media; gyroscope; picture-in-picture; web-share\" referrerpolicy=\"strict-origin-when-cross-origin\" 0=\"allowfullscreen\" 1=\"\/iframe\" scrolling=\"yes\" class=\"iframe-class\"><\/iframe>\n<\/p>\n<ul>\n<li><a href=\"https:\/\/www.fundeu.es\/recomendacion\/polarizacion-palabra-del-ano-2023-para-la-fundeurae\/\"><strong>La palabra del a\u00f1o 2023 en los medios de comunicaci\u00f3n<\/strong><\/a><br \/>\nMedios<\/li>\n<li><a href=\"https:\/\/www.fundeu.es\/recomendacion\/polarizacion-palabra-del-ano-2023-para-la-fundeurae\/\"><strong><em>Polarizaci\u00f3n<\/em>, palabra del a\u00f1o 2023 para la Fund\u00e9uRAE<\/strong><\/a><br \/>\nRecomendaci\u00f3n<\/li>\n<li><a href=\"https:\/\/www.fundeu.es\/recomendacion\/candidatas-a-palabra-del-ano-2023-de-la-fundeurae\/\"><strong>Candidatas a palabra del a\u00f1o 2023 de la Fund\u00e9uRAE<\/strong><\/a><br \/>\nRecomendaci\u00f3n<\/li>\n<li><a href=\"https:\/\/www.fundeu.es\/blog\/grafico-interactivo-con-las-candidatas-a-palabra-del-ano-2023-de-la-fundeurae\/\"><strong>Las 12 seleccionadas en un gr\u00e1fico interactivo<\/strong><\/a><br \/>\nGr\u00e1fico interactivo<\/li>\n<\/ul>\n","protected":false},"excerpt":{"rendered":"<p>La diversid\u00e1 lling\u00fc\u00edstica ye una ferramienta clave para llograr una mayor comprensi\u00f3n intercultural. El Conseyu d&#8217;Europa promueve el plurilling\u00fcismu en toa Europa. Por iniciativa del Conseyu d&#8217;Europa n&#8217;Estrasburgo, el D\u00eda Europ\u00e9u de les Lling\u00fces vien celebr\u00e1ndose, dende 2001, el 26 de setiembre de cada a\u00f1u. Servicio Espa\u00f1ol para la Internacionalizaci\u00f3n de la Educaci\u00f3n \u00a0#DEL\/ https:\/\/edl.ecml.at\/&#8230;\/1455\/language\/es-ES\/Default.aspx\/#coeEDL [&hellip;]<\/p>\n","protected":false},"author":117,"featured_media":0,"comment_status":"open","ping_status":"open","sticky":false,"template":"","format":"standard","meta":{"footnotes":""},"categories":[6],"tags":[],"class_list":["post-31742","post","type-post","status-publish","format-standard","hentry","category-dia-de"],"_links":{"self":[{"href":"https:\/\/edublog.educastur.es\/ixuxu\/wp-json\/wp\/v2\/posts\/31742","targetHints":{"allow":["GET"]}}],"collection":[{"href":"https:\/\/edublog.educastur.es\/ixuxu\/wp-json\/wp\/v2\/posts"}],"about":[{"href":"https:\/\/edublog.educastur.es\/ixuxu\/wp-json\/wp\/v2\/types\/post"}],"author":[{"embeddable":true,"href":"https:\/\/edublog.educastur.es\/ixuxu\/wp-json\/wp\/v2\/users\/117"}],"replies":[{"embeddable":true,"href":"https:\/\/edublog.educastur.es\/ixuxu\/wp-json\/wp\/v2\/comments?post=31742"}],"version-history":[{"count":6,"href":"https:\/\/edublog.educastur.es\/ixuxu\/wp-json\/wp\/v2\/posts\/31742\/revisions"}],"predecessor-version":[{"id":31752,"href":"https:\/\/edublog.educastur.es\/ixuxu\/wp-json\/wp\/v2\/posts\/31742\/revisions\/31752"}],"wp:attachment":[{"href":"https:\/\/edublog.educastur.es\/ixuxu\/wp-json\/wp\/v2\/media?parent=31742"}],"wp:term":[{"taxonomy":"category","embeddable":true,"href":"https:\/\/edublog.educastur.es\/ixuxu\/wp-json\/wp\/v2\/categories?post=31742"},{"taxonomy":"post_tag","embeddable":true,"href":"https:\/\/edublog.educastur.es\/ixuxu\/wp-json\/wp\/v2\/tags?post=31742"}],"curies":[{"name":"wp","href":"https:\/\/api.w.org\/{rel}","templated":true}]}}