{"id":3176,"date":"2021-01-21T00:20:27","date_gmt":"2021-01-20T22:20:27","guid":{"rendered":"https:\/\/edublog.educastur.es\/ixuxu\/?p=3176"},"modified":"2021-01-25T00:23:00","modified_gmt":"2021-01-24T22:23:00","slug":"juan-lozano-ye-unu-de-los-postreros-madreneros-que-queden-en-casu","status":"publish","type":"post","link":"https:\/\/edublog.educastur.es\/ixuxu\/2021\/01\/juan-lozano-ye-unu-de-los-postreros-madreneros-que-queden-en-casu\/","title":{"rendered":"Juan Lozano ye unu de los postreros madre\u00f1eros que queden en Casu"},"content":{"rendered":"<ul>\n<li class=\"font-size-xxl margin-b-5 font-weight-b color-b-050 letter-spacing--1\"><a href=\"https:\/\/www.rtpa.es\/noticias-asturias-ast:Juan-Lozano-es-uno-de-los-ultimos-madre%C3%83%C2%B1eros-que-quedan-en-Caso_111611222250.html?fbclid=IwAR0fdGYcFqtJP51Lh8nfaioDMxXuhwf4ou6Ja0I5xhu_OhTk9Z9gx2Vt6YM\">Art\u00edculu RTPA: Juan Lozano ye unu de los postreros madre\u00f1eros que queden en Casu <strong>VER VIDEU<\/strong><\/a><\/li>\n<\/ul>\n<h4 class=\"font-size-l padding-b-20\" style=\"text-align: center\"><span style=\"color: #008080\">El so oficiu nun tien relevu xeneracional nel conceyu\u00a0<\/span><\/h4>\n<p style=\"text-align: center\"><img loading=\"lazy\" decoding=\"async\" class=\"alignnone size-full\" src=\"https:\/\/www.rtpa.es\/fotos\/\/21\/01\/20210121105308_RTPA357873.jpg\" width=\"853\" height=\"480\" \/><\/p>\n<p>Sobren deos d&#8217;una mano pa numberar los madre\u00f1eros que queden en Casu y falten manes pa cuntar les madre\u00f1es que lleva feches Juan Lozano dempu\u00e9s de 57 a\u00f1os nel oficiu. Empez\u00f3 siendo un guah.e en Bezanes y sigui\u00f3 en Veneros, onde se cas\u00f3.<\/p>\n<p><!--more--><\/p>\n<p>Aguanta exerciendo dende&#8217;l so taller, con vistes privilexaes al Parque de Redes. La facilid\u00e1 cola qu&#8217;esplica&#8217;l procesu al empar que remana l&#8217;hachu y va ellaborando pares y pares de madre\u00f1es, faen que paeza una xera cenciella.<\/p>\n<p>Mientres foi presidente de l&#8217;Asociaci\u00f3n d&#8217;Artesanos de la Madera y Madre\u00f1a de Casu, Lozano intent\u00f3 da-y a la madre\u00f1a&#8217;l valor que-y merez con feries o talleres. Sicas\u00ed, ve-y un futuru poco esperanzador.<\/p>\n<p>Hasta agora Juan nun tien pensao abandonar, pa qu&#8217;asina, les sos madre\u00f1es, nun dexen de sonar pelos caminos de Casu.<\/p>\n","protected":false},"excerpt":{"rendered":"<p>Art\u00edculu RTPA: Juan Lozano ye unu de los postreros madre\u00f1eros que queden en Casu VER VIDEU El so oficiu nun tien relevu xeneracional nel conceyu\u00a0 Sobren deos d&#8217;una mano pa numberar los madre\u00f1eros que queden en Casu y falten manes pa cuntar les madre\u00f1es que lleva feches Juan Lozano dempu\u00e9s de 57 a\u00f1os nel oficiu. [&hellip;]<\/p>\n","protected":false},"author":117,"featured_media":0,"comment_status":"open","ping_status":"open","sticky":false,"template":"","format":"standard","meta":{"footnotes":""},"categories":[85,59,1],"tags":[],"class_list":["post-3176","post","type-post","status-publish","format-standard","hentry","category-oficios","category-rtpa","category-sin-categoria"],"_links":{"self":[{"href":"https:\/\/edublog.educastur.es\/ixuxu\/wp-json\/wp\/v2\/posts\/3176","targetHints":{"allow":["GET"]}}],"collection":[{"href":"https:\/\/edublog.educastur.es\/ixuxu\/wp-json\/wp\/v2\/posts"}],"about":[{"href":"https:\/\/edublog.educastur.es\/ixuxu\/wp-json\/wp\/v2\/types\/post"}],"author":[{"embeddable":true,"href":"https:\/\/edublog.educastur.es\/ixuxu\/wp-json\/wp\/v2\/users\/117"}],"replies":[{"embeddable":true,"href":"https:\/\/edublog.educastur.es\/ixuxu\/wp-json\/wp\/v2\/comments?post=3176"}],"version-history":[{"count":2,"href":"https:\/\/edublog.educastur.es\/ixuxu\/wp-json\/wp\/v2\/posts\/3176\/revisions"}],"predecessor-version":[{"id":3178,"href":"https:\/\/edublog.educastur.es\/ixuxu\/wp-json\/wp\/v2\/posts\/3176\/revisions\/3178"}],"wp:attachment":[{"href":"https:\/\/edublog.educastur.es\/ixuxu\/wp-json\/wp\/v2\/media?parent=3176"}],"wp:term":[{"taxonomy":"category","embeddable":true,"href":"https:\/\/edublog.educastur.es\/ixuxu\/wp-json\/wp\/v2\/categories?post=3176"},{"taxonomy":"post_tag","embeddable":true,"href":"https:\/\/edublog.educastur.es\/ixuxu\/wp-json\/wp\/v2\/tags?post=3176"}],"curies":[{"name":"wp","href":"https:\/\/api.w.org\/{rel}","templated":true}]}}