{"id":31774,"date":"2024-09-26T16:55:32","date_gmt":"2024-09-26T14:55:32","guid":{"rendered":"https:\/\/edublog.educastur.es\/ixuxu\/?p=31774"},"modified":"2024-09-26T23:01:13","modified_gmt":"2024-09-26T21:01:13","slug":"los-fuertes-vientos-podrien-algamar-los-90-kilometru-per-hora-hasta-les-15-hores","status":"publish","type":"post","link":"https:\/\/edublog.educastur.es\/ixuxu\/2024\/09\/los-fuertes-vientos-podrien-algamar-los-90-kilometru-per-hora-hasta-les-15-hores\/","title":{"rendered":"Los fuertes vientos podr\u00eden algamar los 90 kil\u00f3metru per hora hasta les 15 hores"},"content":{"rendered":"<p style=\"text-align: center\"><a href=\"https:\/\/img.lavdg.com\/sc\/Buza0vyBYPk8MzFfn9NwJg0SI6M=\/768x\/2023\/11\/02\/00121698925021739458352\/Foto\/efe_20231102_101456470.jpg\"><img loading=\"lazy\" decoding=\"async\" class=\"aligncenter size-full\" src=\"https:\/\/img.lavdg.com\/sc\/Buza0vyBYPk8MzFfn9NwJg0SI6M=\/768x\/2023\/11\/02\/00121698925021739458352\/Foto\/efe_20231102_101456470.jpg\" width=\"768\" height=\"432\" \/><\/a><\/p>\n<p>Asturies atopa esti xueves n&#8217;avisu mariellu por intenses ag\u00fces, fuertes vientos y fen\u00f3menos costeros por causa de la umbada Aitor, que caltien a un total de dolce comunidaes aut\u00f3nomes n&#8217;alerta, informa l&#8217;<strong>Axencia Estatal de Meteorolox\u00eda (Aemet).<\/strong><\/p>\n<ul>\n<li>Fonte: <a href=\"https:\/\/www.lavozdeasturias.es\/noticia\/asturias\/2024\/09\/26\/asturias-alerta-amarilla-lluvias-vientos-fenomenos-costeros\/00031727335028603107582.htm\">La Voz<\/a> \/<\/li>\n<\/ul>\n<p><strong>L&#8217;alerta mariello por ag\u00fces<\/strong>, que podr\u00eden dexar hasta 40 llitros per metru cuadr\u00e1u en dolce hores, va afectar hasta mediud\u00eda a la mari\u00f1a oriental asturianu, a la Suroccidental, al Cordal y a los Picos d&#8217;Europa. La Suroccidental, el Cordal y los Picos d&#8217;Europa tami\u00e9n van permanecer n&#8217;avisu mariellu por <strong>raches d&#8217;hasta 90 kil\u00f3metru per hora<\/strong> hasta les 15:00 hores. Am\u00e1s, tola mari\u00f1a asturiana va tar g\u00fcei y ma\u00f1ana n&#8217;alerta mariello por fen\u00f3menos costeros por cuenta de los fuertes vientos.<\/p>\n","protected":false},"excerpt":{"rendered":"<p>Asturies atopa esti xueves n&#8217;avisu mariellu por intenses ag\u00fces, fuertes vientos y fen\u00f3menos costeros por causa de la umbada Aitor, que caltien a un total de dolce comunidaes aut\u00f3nomes n&#8217;alerta, informa l&#8217;Axencia Estatal de Meteorolox\u00eda (Aemet). Fonte: La Voz \/ L&#8217;alerta mariello por ag\u00fces, que podr\u00eden dexar hasta 40 llitros per metru cuadr\u00e1u en dolce [&hellip;]<\/p>\n","protected":false},"author":117,"featured_media":0,"comment_status":"open","ping_status":"open","sticky":false,"template":"","format":"standard","meta":{"footnotes":""},"categories":[5],"tags":[],"class_list":["post-31774","post","type-post","status-publish","format-standard","hentry","category-tiempu"],"_links":{"self":[{"href":"https:\/\/edublog.educastur.es\/ixuxu\/wp-json\/wp\/v2\/posts\/31774","targetHints":{"allow":["GET"]}}],"collection":[{"href":"https:\/\/edublog.educastur.es\/ixuxu\/wp-json\/wp\/v2\/posts"}],"about":[{"href":"https:\/\/edublog.educastur.es\/ixuxu\/wp-json\/wp\/v2\/types\/post"}],"author":[{"embeddable":true,"href":"https:\/\/edublog.educastur.es\/ixuxu\/wp-json\/wp\/v2\/users\/117"}],"replies":[{"embeddable":true,"href":"https:\/\/edublog.educastur.es\/ixuxu\/wp-json\/wp\/v2\/comments?post=31774"}],"version-history":[{"count":3,"href":"https:\/\/edublog.educastur.es\/ixuxu\/wp-json\/wp\/v2\/posts\/31774\/revisions"}],"predecessor-version":[{"id":31777,"href":"https:\/\/edublog.educastur.es\/ixuxu\/wp-json\/wp\/v2\/posts\/31774\/revisions\/31777"}],"wp:attachment":[{"href":"https:\/\/edublog.educastur.es\/ixuxu\/wp-json\/wp\/v2\/media?parent=31774"}],"wp:term":[{"taxonomy":"category","embeddable":true,"href":"https:\/\/edublog.educastur.es\/ixuxu\/wp-json\/wp\/v2\/categories?post=31774"},{"taxonomy":"post_tag","embeddable":true,"href":"https:\/\/edublog.educastur.es\/ixuxu\/wp-json\/wp\/v2\/tags?post=31774"}],"curies":[{"name":"wp","href":"https:\/\/api.w.org\/{rel}","templated":true}]}}