{"id":31792,"date":"2024-09-26T23:09:12","date_gmt":"2024-09-26T21:09:12","guid":{"rendered":"https:\/\/edublog.educastur.es\/ixuxu\/?p=31792"},"modified":"2024-09-26T23:13:55","modified_gmt":"2024-09-26T21:13:55","slug":"viii-festival-nel-amaro","status":"publish","type":"post","link":"https:\/\/edublog.educastur.es\/ixuxu\/2024\/09\/viii-festival-nel-amaro\/","title":{"rendered":"\u00abAmanda y les casta\u00f1es m\u00e1xiques\u00bb, finalista del VIII festival Nel Amaro"},"content":{"rendered":"<div class=\"html-div xdj266r x11i5rnm xat24cr x1mh8g0r xexx8yu x4uap5 x18d9i69 xkhd6sd\">\n<div class=\"x78zum5 xdt5ytf xz62fqu x16ldp7u\">\n<div class=\"xu06os2 x1ok221b\">\n<ul>\n<li class=\"html-h3 x11i5rnm xat24cr x1mh8g0r xexx8yu x4uap5 x18d9i69 xkhd6sd x1vvkbs x1heor9g x1qlqyl8 x1pd3egz x1a2a7pz x1gslohp x1yc453h\"><span class=\"x1lliihq x6ikm8r x10wlt62 x1n2onr6\"><span class=\"xt0psk2\"><a class=\"x1i10hfl xjbqb8w x1ejq31n xd10rxx x1sy0etr x17r0tee x972fbf xcfux6l x1qhh985 xm0m39n x9f619 x1ypdohk xt0psk2 xe8uvvx xdj266r x11i5rnm xat24cr x1mh8g0r xexx8yu x4uap5 x18d9i69 xkhd6sd x16tdsg8 x1hl2dhg xggy1nq x1a2a7pz x1sur9pj xkrqix3 xzsf02u x1s688f\" role=\"link\" href=\"https:\/\/www.facebook.com\/selmana.lletresasturianes?__cft__[0]=AZWJegZXyD9j8n4XmoZv1L2_YINQbsqTkhU8zr-wJRq3qQlRkCs7Y354TSFJBpfeHNDgZGaLi07BAzlgIh4ITJoXLdwuU7LDfxkb6DYacPvQ_64Ej1__JCAY0F8DWUuECy2Ev8lVmvK9RmhOW4s3BvxggJcqqfSTOg84EN855xwlVxHg8z9pCN5t2XdblBQlxkjDYt8h3eXluePEoNIwjmWTNoFukF2gzRL9Pu6z1RQNcw&amp;__tn__=-UC%2CP-y-R\"><strong class=\"html-strong xdj266r x11i5rnm xat24cr x1mh8g0r xexx8yu x4uap5 x18d9i69 xkhd6sd x1hl2dhg x16tdsg8 x1vvkbs x1s688f\"><span class=\"html-span xdj266r x11i5rnm xat24cr x1mh8g0r xexx8yu x4uap5 x18d9i69 xkhd6sd x1hl2dhg x16tdsg8 x1vvkbs\">Normalizacion Llinguistica<\/span><\/strong><\/a><\/span><\/span> \/<\/li>\n<li>Informaci\u00f3n<strong>: <span class=\"html-span xdj266r x11i5rnm xat24cr x1mh8g0r xexx8yu x4uap5 x18d9i69 xkhd6sd x1hl2dhg x16tdsg8 x1vvkbs\"><a class=\"x1i10hfl xjbqb8w x1ejq31n xd10rxx x1sy0etr x17r0tee x972fbf xcfux6l x1qhh985 xm0m39n x9f619 x1ypdohk xt0psk2 xe8uvvx xdj266r x11i5rnm xat24cr x1mh8g0r xexx8yu x4uap5 x18d9i69 xkhd6sd x16tdsg8 x1hl2dhg xggy1nq x1a2a7pz x1sur9pj xkrqix3 x1fey0fg x1s688f\" role=\"link\" href=\"https:\/\/politicallinguistica.asturias.es\/amanda-y-les-castanes-maxiques?fbclid=IwZXh0bgNhZW0CMTAAAR3zH5ql-DslbxjFwU6EbWR02IvA7X58Gj-5GF0KHR_nn823DJ1tzd3GWhw_aem_7bUzto_I5yrtXm2N0BqHfg\" target=\"_blank\" rel=\"nofollow noopener noreferrer\">https:\/\/politicallinguistica.asturias.es\/amanda-y-les&#8230;<\/a><\/span><\/strong><\/li>\n<\/ul>\n<\/div>\n<div style=\"text-align: center\"><a href=\"https:\/\/politicallinguistica.asturias.es\/documents\/35940\/0\/AMANDA+Y+LES+CASTA%C3%91ES+M%C3%81XIQUES.jpg\/a630b601-dbe2-d7bf-b106-172906887417?t=1724759749765\"><img loading=\"lazy\" decoding=\"async\" class=\"aligncenter \" src=\"https:\/\/politicallinguistica.asturias.es\/documents\/35940\/0\/AMANDA+Y+LES+CASTA%C3%91ES+M%C3%81XIQUES.jpg\/a630b601-dbe2-d7bf-b106-172906887417?t=1724759749765\" width=\"429\" height=\"607\" \/><\/a><\/div>\n<\/div>\n<\/div>\n<div class=\"html-div xdj266r x11i5rnm xat24cr x1mh8g0r xexx8yu x4uap5 x18d9i69 xkhd6sd\" dir=\"auto\">\n<div class=\"html-div xdj266r x11i5rnm xat24cr x1mh8g0r xexx8yu x4uap5 x18d9i69 xkhd6sd\" dir=\"auto\">\n<div class=\"x1l90r2v x1pi30zi x1swvt13 x1iorvi4\" data-ad-comet-preview=\"message\" data-ad-preview=\"message\">\n<div class=\"x78zum5 xdt5ytf xz62fqu x16ldp7u\">\n<div class=\"xu06os2 x1ok221b\">\n<div class=\"xdj266r x11i5rnm xat24cr x1mh8g0r x1vvkbs x126k92a\">\n<div dir=\"auto\">Ma\u00f1ana vienres 27 nel Teatru Filarm\u00f3nica, arranca a les 18:30 el <strong><span style=\"color: #008080\">VIII festival Nel Amaro<\/span><\/strong> cola obra <span style=\"color: #800080\"><strong>Amanda y les casta\u00f1es m\u00e1xiques<\/strong><\/span>, de <span class=\"html-span xdj266r x11i5rnm xat24cr x1mh8g0r xexx8yu x4uap5 x18d9i69 xkhd6sd x1hl2dhg x16tdsg8 x1vvkbs\"><a class=\"x1i10hfl xjbqb8w x1ejq31n xd10rxx x1sy0etr x17r0tee x972fbf xcfux6l x1qhh985 xm0m39n x9f619 x1ypdohk xt0psk2 xe8uvvx xdj266r x11i5rnm xat24cr x1mh8g0r xexx8yu x4uap5 x18d9i69 xkhd6sd x16tdsg8 x1hl2dhg xggy1nq x1a2a7pz x1sur9pj xkrqix3 x1fey0fg x1s688f\" role=\"link\" href=\"https:\/\/www.facebook.com\/ambteatro?__cft__[0]=AZWJegZXyD9j8n4XmoZv1L2_YINQbsqTkhU8zr-wJRq3qQlRkCs7Y354TSFJBpfeHNDgZGaLi07BAzlgIh4ITJoXLdwuU7LDfxkb6DYacPvQ_64Ej1__JCAY0F8DWUuECy2Ev8lVmvK9RmhOW4s3BvxggJcqqfSTOg84EN855xwlVxHg8z9pCN5t2XdblBQlxkjDYt8h3eXluePEoNIwjmWTNoFukF2gzRL9Pu6z1RQNcw&amp;__tn__=-]K-y-R\"><span class=\"xt0psk2\">AMBIG\u00da MEDIA BROADCAST<\/span><\/a><\/span>, escrita y dirixida por<span class=\"html-span xdj266r x11i5rnm xat24cr x1mh8g0r xexx8yu x4uap5 x18d9i69 xkhd6sd x1hl2dhg x16tdsg8 x1vvkbs\"><a class=\"x1i10hfl xjbqb8w x1ejq31n xd10rxx x1sy0etr x17r0tee x972fbf xcfux6l x1qhh985 xm0m39n x9f619 x1ypdohk xt0psk2 xe8uvvx xdj266r x11i5rnm xat24cr x1mh8g0r xexx8yu x4uap5 x18d9i69 xkhd6sd x16tdsg8 x1hl2dhg xggy1nq x1a2a7pz x1sur9pj xkrqix3 x1fey0fg x1s688f\" role=\"link\" href=\"https:\/\/www.facebook.com\/peruxu?__cft__[0]=AZWJegZXyD9j8n4XmoZv1L2_YINQbsqTkhU8zr-wJRq3qQlRkCs7Y354TSFJBpfeHNDgZGaLi07BAzlgIh4ITJoXLdwuU7LDfxkb6DYacPvQ_64Ej1__JCAY0F8DWUuECy2Ev8lVmvK9RmhOW4s3BvxggJcqqfSTOg84EN855xwlVxHg8z9pCN5t2XdblBQlxkjDYt8h3eXluePEoNIwjmWTNoFukF2gzRL9Pu6z1RQNcw&amp;__tn__=-]K-y-R\"><span class=\"xt0psk2\"> Pedro Dur\u00e1<\/span><\/a><\/span>n sobre&#8217;l cuentu tradicional ingl\u00e9s Jack and the Beanstalk, que seguro que-y va prestar a la xente peque\u00f1o y mayor. \u00a1Entrada llibre!<\/div>\n<div dir=\"auto\"><\/div>\n<\/div>\n<div dir=\"auto\"><!--more--><\/div>\n<\/div>\n<blockquote>\n<div dir=\"auto\"><span style=\"color: #008080;font-size: 20px\"><em>Amanda ye una ne\u00f1a que vive con so madre embaxo un horru; so padre morri\u00f3 y t\u00e1n pasando munches necesidaes, polo que la \u00fanica soluci\u00f3n que tienen pa poder siguir ye vender la \u00fanica pita que-yos queda.<\/em><\/span><\/div>\n<div dir=\"auto\"><\/div>\n<div dir=\"auto\"><span style=\"color: #008080;font-size: 20px\"><em>Con esti fin Amanda marcha cola pita pal pueblu, pero pel cam\u00edn atopa un vieyu misteriosu que-y ufierta camuda-y la pita por unes casta\u00f1es m\u00e1xiques. <\/em><\/span><\/div>\n<div dir=\"auto\"><\/div>\n<div dir=\"auto\"><span style=\"color: #008080;font-size: 20px\"><em>A Amanda paeci\u00f3-y una bona idea y contenta, dio la vuelta pa casa. A so ma nun-y paeci\u00f3 bien el cambiu, enfad\u00f3se cola f\u00eda y llanz\u00f3 les casta\u00f1es pela ventana pa fuera de la casa. Al otru d\u00eda, les casta\u00f1es medraren, hasta&#8217;l cielu creci\u00f3 una casta\u00f1ar xigante; \u00a1yeren m\u00e1xiques de verd\u00e1! Amanda esguil\u00f3 pel \u00e1rbol y\u2026 \u00bfqu\u00e9 aventures-y esperen no alto?<\/em><\/span><\/div>\n<\/blockquote>\n<div dir=\"auto\"><strong>Autor\u00eda y direcci\u00f3n:<\/strong> Pedro Dur\u00e1n<br \/>\n<strong>Repartu: <\/strong>Arantxa Fern\u00e1ndez Ramos, Gemma de Luis y Pedro Dur\u00e1n<br \/>\n<strong>T\u00e9cnicu: <\/strong>Carlos D\u00e1vila<br \/>\n<strong>Escenograf\u00eda: <\/strong>HO Estudio<br \/>\n<strong>Vestuariu: <\/strong>Azucena Rico<br \/>\n<strong>Selecci\u00f3n musical: <\/strong>Katia Aboli<\/div>\n<\/div>\n<\/div>\n<\/div>\n<\/div>\n<p>&nbsp;<\/p>\n","protected":false},"excerpt":{"rendered":"<p>Normalizacion Llinguistica \/ Informaci\u00f3n: https:\/\/politicallinguistica.asturias.es\/amanda-y-les&#8230; Ma\u00f1ana vienres 27 nel Teatru Filarm\u00f3nica, arranca a les 18:30 el VIII festival Nel Amaro cola obra Amanda y les casta\u00f1es m\u00e1xiques, de AMBIG\u00da MEDIA BROADCAST, escrita y dirixida por Pedro Dur\u00e1n sobre&#8217;l cuentu tradicional ingl\u00e9s Jack and the Beanstalk, que seguro que-y va prestar a la xente peque\u00f1o y [&hellip;]<\/p>\n","protected":false},"author":117,"featured_media":0,"comment_status":"open","ping_status":"open","sticky":false,"template":"","format":"standard","meta":{"footnotes":""},"categories":[82],"tags":[],"class_list":["post-31792","post","type-post","status-publish","format-standard","hentry","category-teatru"],"_links":{"self":[{"href":"https:\/\/edublog.educastur.es\/ixuxu\/wp-json\/wp\/v2\/posts\/31792","targetHints":{"allow":["GET"]}}],"collection":[{"href":"https:\/\/edublog.educastur.es\/ixuxu\/wp-json\/wp\/v2\/posts"}],"about":[{"href":"https:\/\/edublog.educastur.es\/ixuxu\/wp-json\/wp\/v2\/types\/post"}],"author":[{"embeddable":true,"href":"https:\/\/edublog.educastur.es\/ixuxu\/wp-json\/wp\/v2\/users\/117"}],"replies":[{"embeddable":true,"href":"https:\/\/edublog.educastur.es\/ixuxu\/wp-json\/wp\/v2\/comments?post=31792"}],"version-history":[{"count":5,"href":"https:\/\/edublog.educastur.es\/ixuxu\/wp-json\/wp\/v2\/posts\/31792\/revisions"}],"predecessor-version":[{"id":31799,"href":"https:\/\/edublog.educastur.es\/ixuxu\/wp-json\/wp\/v2\/posts\/31792\/revisions\/31799"}],"wp:attachment":[{"href":"https:\/\/edublog.educastur.es\/ixuxu\/wp-json\/wp\/v2\/media?parent=31792"}],"wp:term":[{"taxonomy":"category","embeddable":true,"href":"https:\/\/edublog.educastur.es\/ixuxu\/wp-json\/wp\/v2\/categories?post=31792"},{"taxonomy":"post_tag","embeddable":true,"href":"https:\/\/edublog.educastur.es\/ixuxu\/wp-json\/wp\/v2\/tags?post=31792"}],"curies":[{"name":"wp","href":"https:\/\/api.w.org\/{rel}","templated":true}]}}