{"id":31797,"date":"2024-09-25T23:00:58","date_gmt":"2024-09-25T21:00:58","guid":{"rendered":"https:\/\/edublog.educastur.es\/ixuxu\/?p=31797"},"modified":"2024-09-27T20:26:10","modified_gmt":"2024-09-27T18:26:10","slug":"viii-premiu-y-festival-de-teatru-en-llingua-asturiana","status":"publish","type":"post","link":"https:\/\/edublog.educastur.es\/ixuxu\/2024\/09\/viii-premiu-y-festival-de-teatru-en-llingua-asturiana\/","title":{"rendered":"VIII Premiu y festival de teatru en llingua asturiana"},"content":{"rendered":"<ul>\n<li><a href=\"https:\/\/politicallinguistica.asturias.es\/documents\/35940\/0\/FESTIVAL-NEL-AMARO_Cartel-A3.jpg\/9ee99ea0-acf5-a3c3-a08f-9082eee9360d?t=1727074525872\">Cartelu<\/a> \/<\/li>\n<\/ul>\n<p style=\"text-align: center\"><a href=\"https:\/\/politicallinguistica.asturias.es\/documents\/35940\/0\/FESTIVAL-NEL-AMARO_Cartel-A3.jpg\/9ee99ea0-acf5-a3c3-a08f-9082eee9360d?t=1727074525872\"><img loading=\"lazy\" decoding=\"async\" class=\"aligncenter \" src=\"https:\/\/politicallinguistica.asturias.es\/documents\/35940\/0\/FESTIVAL-NEL-AMARO_Cartel-A3.jpg\/9ee99ea0-acf5-a3c3-a08f-9082eee9360d?t=1727074525872\" width=\"484\" height=\"686\" \/><\/a><\/p>\n<p><strong>Vuelve\u2019l Festival Nel Amaro de Teatru Profesional en Llingua Asturiana, y esti a\u00f1u lleguen a la final cuatro obres bien variaes pa p\u00fablicu familiar y adulto. <\/strong>\u00a1Ven a disfrutar esta seronda del meyor teatru n\u2019asturianu! Esper\u00e1mosvos nel<strong> Teatru Filarm\u00f3nica<\/strong> d\u2019Uvi\u00e9u! La entrada ye <strong>llibre<\/strong> y <strong>gratuita<\/strong>. Descarga&#8217;l programa completu <a href=\"https:\/\/politicallinguistica.asturias.es\/documents\/35940\/0\/FESTIVAL-NEL-AMARO_Programa-Web.pdf\/0e5ce823-9d7c-13f9-fc97-f4e0db541094?t=1727089516606\" target=\"_blank\" rel=\"noopener\"><strong>equ\u00ed.\u00a0<\/strong><\/a><\/p>\n<p><strong><br \/>\n<\/strong><!--more--><\/p>\n<p><strong>Vienres 27\/9<\/strong>. 18:30 h. <a href=\"https:\/\/politicallinguistica.asturias.es\/amanda-y-les-castanes-maxiques\" target=\"\" rel=\"noopener\"><em>Amanda y les casta\u00f1es m\u00e1xiques<\/em>, d\u2019Ambig\u00fa Media<\/a>. (tolos p\u00fablicos).<br \/>\n<strong>Vienres 4\/10<\/strong>. 20:00 h. <a href=\"https:\/\/politicallinguistica.asturias.es\/perendi\" target=\"\" rel=\"noopener\"><em>Perendi<\/em>, de La Compa\u00f1\u00eda del Alba<\/a> (p\u00fablicu adulto).<br \/>\n<strong>Vienres 11\/10<\/strong>. 20:00 h.<em> <a href=\"https:\/\/politicallinguistica.asturias.es\/gasolina-con-capullos\" target=\"\" rel=\"noopener\">Gasolina con capullos<\/a><\/em><a href=\"https:\/\/politicallinguistica.asturias.es\/gasolina-con-capullos\" target=\"\" rel=\"noopener\">, de d\u2019Higi\u00e9nico Papel Teatro<\/a> (p\u00fablicu adulto).<br \/>\n<strong>Vienres 18\/10<\/strong>: 18:30 h. <a href=\"https:\/\/politicallinguistica.asturias.es\/formigues\" target=\"\" rel=\"noopener\"><em>Formigues,<\/em> d\u2019Elektra Fiktion<\/a> (tolos p\u00fablicos).<\/p>\n<p>Am\u00e1s, pa despidir el festival, vamos tener ocasi\u00f3n de volver a ver la obra ganadora de la VII edici\u00f3n:<\/p>\n<p><strong>Vienres 25\/10: <\/strong>18:30 h. <a href=\"https:\/\/politicallinguistica.asturias.es\/el-gorrumbu\" target=\"\" rel=\"noopener\"><em>El gorrumbu<\/em>, de Saltantes Teatro<\/a>. Obra ganadora del Premiu Nel Amaro 2023 (tolos p\u00fablicos).<\/p>\n<p>&nbsp;<\/p>\n","protected":false},"excerpt":{"rendered":"<p>Cartelu \/ Vuelve\u2019l Festival Nel Amaro de Teatru Profesional en Llingua Asturiana, y esti a\u00f1u lleguen a la final cuatro obres bien variaes pa p\u00fablicu familiar y adulto. \u00a1Ven a disfrutar esta seronda del meyor teatru n\u2019asturianu! Esper\u00e1mosvos nel Teatru Filarm\u00f3nica d\u2019Uvi\u00e9u! La entrada ye llibre y gratuita. Descarga&#8217;l programa completu equ\u00ed.\u00a0<\/p>\n","protected":false},"author":117,"featured_media":0,"comment_status":"open","ping_status":"open","sticky":false,"template":"","format":"standard","meta":{"footnotes":""},"categories":[82],"tags":[],"class_list":["post-31797","post","type-post","status-publish","format-standard","hentry","category-teatru"],"_links":{"self":[{"href":"https:\/\/edublog.educastur.es\/ixuxu\/wp-json\/wp\/v2\/posts\/31797","targetHints":{"allow":["GET"]}}],"collection":[{"href":"https:\/\/edublog.educastur.es\/ixuxu\/wp-json\/wp\/v2\/posts"}],"about":[{"href":"https:\/\/edublog.educastur.es\/ixuxu\/wp-json\/wp\/v2\/types\/post"}],"author":[{"embeddable":true,"href":"https:\/\/edublog.educastur.es\/ixuxu\/wp-json\/wp\/v2\/users\/117"}],"replies":[{"embeddable":true,"href":"https:\/\/edublog.educastur.es\/ixuxu\/wp-json\/wp\/v2\/comments?post=31797"}],"version-history":[{"count":1,"href":"https:\/\/edublog.educastur.es\/ixuxu\/wp-json\/wp\/v2\/posts\/31797\/revisions"}],"predecessor-version":[{"id":31798,"href":"https:\/\/edublog.educastur.es\/ixuxu\/wp-json\/wp\/v2\/posts\/31797\/revisions\/31798"}],"wp:attachment":[{"href":"https:\/\/edublog.educastur.es\/ixuxu\/wp-json\/wp\/v2\/media?parent=31797"}],"wp:term":[{"taxonomy":"category","embeddable":true,"href":"https:\/\/edublog.educastur.es\/ixuxu\/wp-json\/wp\/v2\/categories?post=31797"},{"taxonomy":"post_tag","embeddable":true,"href":"https:\/\/edublog.educastur.es\/ixuxu\/wp-json\/wp\/v2\/tags?post=31797"}],"curies":[{"name":"wp","href":"https:\/\/api.w.org\/{rel}","templated":true}]}}