{"id":31841,"date":"2024-09-27T09:00:22","date_gmt":"2024-09-27T07:00:22","guid":{"rendered":"https:\/\/edublog.educastur.es\/ixuxu\/?p=31841"},"modified":"2024-10-02T11:56:28","modified_gmt":"2024-10-02T09:56:28","slug":"dia-mundial-del-turismu","status":"publish","type":"post","link":"https:\/\/edublog.educastur.es\/ixuxu\/2024\/09\/dia-mundial-del-turismu\/","title":{"rendered":"D\u00eda Mundial del Turismu"},"content":{"rendered":"<div class=\"html-div xdj266r x11i5rnm xat24cr x1mh8g0r xexx8yu x4uap5 x18d9i69 xkhd6sd\" dir=\"auto\">\n<div class=\"html-div xdj266r x11i5rnm xat24cr x1mh8g0r xexx8yu x4uap5 x18d9i69 xkhd6sd\" dir=\"auto\">\n<div class=\"x1l90r2v x1pi30zi x1swvt13 x1iorvi4\" data-ad-comet-preview=\"message\" data-ad-preview=\"message\">\n<div class=\"x78zum5 xdt5ytf xz62fqu x16ldp7u\">\n<div class=\"xu06os2 x1ok221b\">\n<div class=\"x11i5rnm xat24cr x1mh8g0r x1vvkbs xtlvy1s x126k92a\">\n<div dir=\"auto\"><\/div>\n<blockquote>\n<div dir=\"auto\" style=\"text-align: center\"><em>El turismu ye muncho m\u00e1s que viaxar: tr\u00e1tase d&#8217;establecer conexones significatives y abrazar diverses cultures en tol mundu.<\/em><br \/>\n<em> Mientres esquizamos nuevos llugares, dexamos un impactu duraderu nel mundu que nos arrodia, al igual que cada viaxe dexa la so buelga en n\u00f3s.<\/em><a href=\"http:\/\/pre-webunwto.s3.eu-west-1.amazonaws.com\/s3fs-public\/WTD24\/dia-mundial-del-turismo-2024-turismo-paz-H.jpg?VersionId=ynvnu9ger2GNbYwGA7Cs09WPHj4hF438\"><img loading=\"lazy\" decoding=\"async\" class=\"aligncenter \" src=\"http:\/\/pre-webunwto.s3.eu-west-1.amazonaws.com\/s3fs-public\/WTD24\/dia-mundial-del-turismo-2024-turismo-paz-H.jpg?VersionId=ynvnu9ger2GNbYwGA7Cs09WPHj4hF438\" width=\"624\" height=\"199\" \/><\/a><a href=\"https:\/\/diainternacional.org\/img\/galeria\/2024\/01\/dall%C2%B7e-2024-01-10-14.34.35---an-illustration-showcasing-the-concept-of-sustainable-tourism-featuring-tourists-engaging-in-eco-friendly-activities-like-biking-in-nature-staying-i.png\"><img loading=\"lazy\" decoding=\"async\" class=\"aligncenter size-full\" src=\"https:\/\/diainternacional.org\/img\/galeria\/2024\/01\/dall%C2%B7e-2024-01-10-14.34.35---an-illustration-showcasing-the-concept-of-sustainable-tourism-featuring-tourists-engaging-in-eco-friendly-activities-like-biking-in-nature-staying-i.png\" width=\"1792\" height=\"1024\" \/><\/a><\/div>\n<\/blockquote>\n<div dir=\"auto\"><strong>\u00abEl turismu y la paz\u00bb<\/strong>. El turismu xune a les persones. Nesti D\u00eda Mundial del Turismu cavilgamos sobro la fonda conex\u00f3n ente&#8217;l turismu y la paz. El turismu sostenible puede tresformar les comunidaes, al xenerar puestos de trabayu, fomentar la inclusi\u00f3n y fortalecer les econom\u00edes locales. El <strong>D\u00eda Mundial del Turismu<\/strong> ye una celebraci\u00f3n a\u00f1al que tien llugar el 27 de setiembre dende 1980, instaurada pola Organizaci\u00f3n Mundial del Turismu de les Naciones Xun\u00edes n&#8217;ese mesmu a\u00f1u.<\/div>\n<ul>\n<li dir=\"auto\"><a href=\"https:\/\/www.unwto.org\/es\/world-tourism-day-2024\">Tourism Day<\/a> \/<strong>2024 #WTD24 \/ <a href=\"https:\/\/diainternacional.org\/img\/galeria\/2024\/01\/dall%C2%B7e-2024-01-10-14.34.35---an-illustration-showcasing-the-concept-of-sustainable-tourism-featuring-tourists-engaging-in-eco-friendly-activities-like-biking-in-nature-staying-i.png\">Imaxe<\/a> \/<br \/>\n<\/strong><\/li>\n<\/ul>\n<\/div>\n<div class=\"x11i5rnm xat24cr x1mh8g0r x1vvkbs xtlvy1s x126k92a\">\n<div dir=\"auto\"><span class=\"html-span xdj266r x11i5rnm xat24cr x1mh8g0r xexx8yu x4uap5 x18d9i69 xkhd6sd x1hl2dhg x16tdsg8 x1vvkbs\"><a class=\"x1i10hfl xjbqb8w x1ejq31n xd10rxx x1sy0etr x17r0tee x972fbf xcfux6l x1qhh985 xm0m39n x9f619 x1ypdohk xt0psk2 xe8uvvx xdj266r x11i5rnm xat24cr x1mh8g0r xexx8yu x4uap5 x18d9i69 xkhd6sd x16tdsg8 x1hl2dhg xggy1nq x1a2a7pz x1sur9pj xkrqix3 x1fey0fg x1s688f\" role=\"link\" href=\"https:\/\/www.facebook.com\/hashtag\/d%C3%ADadelturismo?__eep__=6&amp;__cft__[0]=AZUSebtRJNTVbeiMmA59jxc_-R9BDyPMAmGyfmOaf5e-4Iyd2zPp_EcMt62Lh6vcdhpR9bp5sa-k6rk4RQgVmPeGmnBNjXT4IJU4hFF59EH2phrBz7ItIiMeNbK5rwwWAH8fgyzW6ZAk59aqX2DwyVN3NsfpxJkgxYIjUrICkwkHgvKYEODFxnmIlpUC6oB8vH9NW0jEaYzbCPtTdOFEzNvj2qvJU5MXCRHdM6l2uVBqiw&amp;__tn__=*NK-y-R\">#D\u00edadelTurismo<\/a><\/span> <span class=\"html-span xdj266r x11i5rnm xat24cr x1mh8g0r xexx8yu x4uap5 x18d9i69 xkhd6sd x1hl2dhg x16tdsg8 x1vvkbs\"><a class=\"x1i10hfl xjbqb8w x1ejq31n xd10rxx x1sy0etr x17r0tee x972fbf xcfux6l x1qhh985 xm0m39n x9f619 x1ypdohk xt0psk2 xe8uvvx xdj266r x11i5rnm xat24cr x1mh8g0r xexx8yu x4uap5 x18d9i69 xkhd6sd x16tdsg8 x1hl2dhg xggy1nq x1a2a7pz x1sur9pj xkrqix3 x1fey0fg x1s688f\" role=\"link\" href=\"https:\/\/www.facebook.com\/hashtag\/d%C3%ADamundialdelturismo?__eep__=6&amp;__cft__[0]=AZUSebtRJNTVbeiMmA59jxc_-R9BDyPMAmGyfmOaf5e-4Iyd2zPp_EcMt62Lh6vcdhpR9bp5sa-k6rk4RQgVmPeGmnBNjXT4IJU4hFF59EH2phrBz7ItIiMeNbK5rwwWAH8fgyzW6ZAk59aqX2DwyVN3NsfpxJkgxYIjUrICkwkHgvKYEODFxnmIlpUC6oB8vH9NW0jEaYzbCPtTdOFEzNvj2qvJU5MXCRHdM6l2uVBqiw&amp;__tn__=*NK-y-R\">#D\u00edaMundialDelTurismo<\/a><\/span> <span class=\"html-span xdj266r x11i5rnm xat24cr x1mh8g0r xexx8yu x4uap5 x18d9i69 xkhd6sd x1hl2dhg x16tdsg8 x1vvkbs\"><a class=\"x1i10hfl xjbqb8w x1ejq31n xd10rxx x1sy0etr x17r0tee x972fbf xcfux6l x1qhh985 xm0m39n x9f619 x1ypdohk xt0psk2 xe8uvvx xdj266r x11i5rnm xat24cr x1mh8g0r xexx8yu x4uap5 x18d9i69 xkhd6sd x16tdsg8 x1hl2dhg xggy1nq x1a2a7pz x1sur9pj xkrqix3 x1fey0fg x1s688f\" role=\"link\" href=\"https:\/\/www.facebook.com\/hashtag\/worldtourismday?__eep__=6&amp;__cft__[0]=AZUSebtRJNTVbeiMmA59jxc_-R9BDyPMAmGyfmOaf5e-4Iyd2zPp_EcMt62Lh6vcdhpR9bp5sa-k6rk4RQgVmPeGmnBNjXT4IJU4hFF59EH2phrBz7ItIiMeNbK5rwwWAH8fgyzW6ZAk59aqX2DwyVN3NsfpxJkgxYIjUrICkwkHgvKYEODFxnmIlpUC6oB8vH9NW0jEaYzbCPtTdOFEzNvj2qvJU5MXCRHdM6l2uVBqiw&amp;__tn__=*NK-y-R\">#WorldTourismDay<\/a><\/span> <span class=\"html-span xdj266r x11i5rnm xat24cr x1mh8g0r xexx8yu x4uap5 x18d9i69 xkhd6sd x1hl2dhg x16tdsg8 x1vvkbs\"><a class=\"x1i10hfl xjbqb8w x1ejq31n xd10rxx x1sy0etr x17r0tee x972fbf xcfux6l x1qhh985 xm0m39n x9f619 x1ypdohk xt0psk2 xe8uvvx xdj266r x11i5rnm xat24cr x1mh8g0r xexx8yu x4uap5 x18d9i69 xkhd6sd x16tdsg8 x1hl2dhg xggy1nq x1a2a7pz x1sur9pj xkrqix3 x1fey0fg x1s688f\" role=\"link\" href=\"https:\/\/www.facebook.com\/hashtag\/wtd2023?__eep__=6&amp;__cft__[0]=AZUSebtRJNTVbeiMmA59jxc_-R9BDyPMAmGyfmOaf5e-4Iyd2zPp_EcMt62Lh6vcdhpR9bp5sa-k6rk4RQgVmPeGmnBNjXT4IJU4hFF59EH2phrBz7ItIiMeNbK5rwwWAH8fgyzW6ZAk59aqX2DwyVN3NsfpxJkgxYIjUrICkwkHgvKYEODFxnmIlpUC6oB8vH9NW0jEaYzbCPtTdOFEzNvj2qvJU5MXCRHdM6l2uVBqiw&amp;__tn__=*NK-y-R\">#WTD2023<\/a><\/span><\/div>\n<\/div>\n<div dir=\"auto\">\n<p><!--more--><br \/>\nComo valora y caltien el patrimoniu cultural y natural, puede ayudar a amenorgar les tensiones y alimentar la convivencia pac\u00edfica. El turismu tami\u00e9n puede promover la interdependencia econ\u00f3mica ente vecinos, y afalar la cooperaci\u00f3n y el desenvolvimientu pac\u00edficu.<\/p>\n<p>Coles mesmes, el turismu ampl\u00eda horizontes. Cada persona que viaxa puede oficiar d&#8217;embaxadora, ya interactuar respetuosamente cola poblaci\u00f3n local reconociendo la nuesa diversid\u00e1 y la nuesa humanid\u00e1 com\u00fan y los valores que nos xunen a toos.<\/p>\n<p>Celebrando&#8217;l turismu, viaxemos con sent\u00edu de la responsabilid\u00e1, tendamos pontes y promovamos el respetu mutuu ente cultures y naciones.<\/p>\n<p>Xuntos podemos aprovechar el potencial que tien el turismu pa promover la paz y la prosperid\u00e1 en beneficiu de toos.<\/p>\n<p style=\"text-align: center\"><a href=\"https:\/\/www.entornoturistico.com\/wp-content\/uploads\/2024\/01\/Turismo-y-Paz-lema-del-Dia-Mundial-del-Turismo-2024-1280x720.jpg\"><img loading=\"lazy\" decoding=\"async\" class=\"aligncenter \" src=\"https:\/\/www.entornoturistico.com\/wp-content\/uploads\/2024\/01\/Turismo-y-Paz-lema-del-Dia-Mundial-del-Turismo-2024-1280x720.jpg\" width=\"521\" height=\"293\" \/><\/a><\/p>\n<p>Angua\u00f1o&#8217;l lema de \u201cTurismu y Paz\u201d pel D\u00eda Mundial del Turismu<strong> tien por oxetivu fomentar el di\u00e1logu y resolver les diferencies ente les naciones por aciu la comprensi\u00f3n y el respetu mutuu.<\/strong> Esti lema\u201d Turismu y Paz\u201d surde del contestu b\u00e9licu actual en distintos pa\u00edses y la necesid\u00e1 d&#8217;algamar los Oxetivos del Desenvolvimientu Sostenible (ODS) de l&#8217;Axenda 2030, particularmente l&#8217;oxetivu 16 que se titula <strong>\u201cPaz, xusticia ya instituciones s\u00f3lides\u201d<\/strong> que&#8217;l so prop\u00f3situ ye fomentar sociedaes pac\u00edfiques, inclusives y xustes onde se garanticen los derechos humanos pa toos, una y bones los conflictos b\u00e9licos obliguen a millones de persones a abandonar los sos llares, dexando tras el so patrimoniu, empl\u00e9u, idioma, cultura, tradiciones ya inclusive a los sos seres quer\u00edos.<\/p>\n<p style=\"text-align: center\"><a href=\"https:\/\/cuentamedelunicel.com\/wp-content\/uploads\/2023\/10\/sdg-16-grande-es.jpg?w=1440\"><img loading=\"lazy\" decoding=\"async\" class=\"aligncenter \" src=\"https:\/\/cuentamedelunicel.com\/wp-content\/uploads\/2023\/10\/sdg-16-grande-es.jpg?w=1440\" width=\"710\" height=\"335\" \/><\/a><\/p>\n<p>#Cada a\u00f1u, el 27 de setiembre celebramos el D\u00eda Mundial del Turismu como un esfuerzu por reconocer el potencial d&#8217;esti sector pal desenvolvimientu de los pa\u00edses y les sos comunidaes. \u201cTurismu y Paz\u201d ye un llam\u00e1u a resolver los conflictos b\u00e9licos, recordando que&#8217;l <strong>sector tur\u00edsticu, al travi\u00e9s del C\u00f3digu \u00c9ticu Mundial pal Turismu, busca ameyorar les condiciones de vida, caltener la cooperaci\u00f3n y fortalecer les econom\u00edes, ensin escaecer la protecci\u00f3n de los derechos humanos.<\/strong><\/p>\n<p style=\"text-align: center\"><a href=\"https:\/\/diainternacional.org\/img\/galeria\/2024\/01\/dall%C2%B7e-2024-01-10-14.28.45---a-creative-illustration-depicting-the-challenges-and-solutions-in-tourism-such-as-overcrowding-in-popular-destinations-environmental-impact-and-the.png\"><img loading=\"lazy\" decoding=\"async\" class=\"aligncenter size-full\" src=\"https:\/\/diainternacional.org\/img\/galeria\/2024\/01\/dall%C2%B7e-2024-01-10-14.28.45---a-creative-illustration-depicting-the-challenges-and-solutions-in-tourism-such-as-overcrowding-in-popular-destinations-environmental-impact-and-the.png\" width=\"1792\" height=\"1024\" \/><\/a><\/p>\n<p style=\"text-align: center\"><a href=\"https:\/\/img.freepik.com\/fotos-premium\/explorando-mundo-celebrando-dia-mundial-turismo-2024_1302133-8657.jpg\"><img loading=\"lazy\" decoding=\"async\" class=\"aligncenter size-full\" src=\"https:\/\/img.freepik.com\/fotos-premium\/explorando-mundo-celebrando-dia-mundial-turismo-2024_1302133-8657.jpg\" width=\"626\" height=\"470\" \/><\/a><\/p>\n<\/div>\n<\/div>\n<\/div>\n<\/div>\n<\/div>\n<\/div>\n","protected":false},"excerpt":{"rendered":"<p>El turismu ye muncho m\u00e1s que viaxar: tr\u00e1tase d&#8217;establecer conexones significatives y abrazar diverses cultures en tol mundu. Mientres esquizamos nuevos llugares, dexamos un impactu duraderu nel mundu que nos arrodia, al igual que cada viaxe dexa la so buelga en n\u00f3s. \u00abEl turismu y la paz\u00bb. El turismu xune a les persones. Nesti D\u00eda [&hellip;]<\/p>\n","protected":false},"author":117,"featured_media":0,"comment_status":"open","ping_status":"open","sticky":false,"template":"","format":"standard","meta":{"footnotes":""},"categories":[6],"tags":[],"class_list":["post-31841","post","type-post","status-publish","format-standard","hentry","category-dia-de"],"_links":{"self":[{"href":"https:\/\/edublog.educastur.es\/ixuxu\/wp-json\/wp\/v2\/posts\/31841","targetHints":{"allow":["GET"]}}],"collection":[{"href":"https:\/\/edublog.educastur.es\/ixuxu\/wp-json\/wp\/v2\/posts"}],"about":[{"href":"https:\/\/edublog.educastur.es\/ixuxu\/wp-json\/wp\/v2\/types\/post"}],"author":[{"embeddable":true,"href":"https:\/\/edublog.educastur.es\/ixuxu\/wp-json\/wp\/v2\/users\/117"}],"replies":[{"embeddable":true,"href":"https:\/\/edublog.educastur.es\/ixuxu\/wp-json\/wp\/v2\/comments?post=31841"}],"version-history":[{"count":9,"href":"https:\/\/edublog.educastur.es\/ixuxu\/wp-json\/wp\/v2\/posts\/31841\/revisions"}],"predecessor-version":[{"id":31843,"href":"https:\/\/edublog.educastur.es\/ixuxu\/wp-json\/wp\/v2\/posts\/31841\/revisions\/31843"}],"wp:attachment":[{"href":"https:\/\/edublog.educastur.es\/ixuxu\/wp-json\/wp\/v2\/media?parent=31841"}],"wp:term":[{"taxonomy":"category","embeddable":true,"href":"https:\/\/edublog.educastur.es\/ixuxu\/wp-json\/wp\/v2\/categories?post=31841"},{"taxonomy":"post_tag","embeddable":true,"href":"https:\/\/edublog.educastur.es\/ixuxu\/wp-json\/wp\/v2\/tags?post=31841"}],"curies":[{"name":"wp","href":"https:\/\/api.w.org\/{rel}","templated":true}]}}