{"id":31860,"date":"2024-09-26T13:00:54","date_gmt":"2024-09-26T11:00:54","guid":{"rendered":"https:\/\/edublog.educastur.es\/ixuxu\/?p=31860"},"modified":"2024-09-27T20:38:16","modified_gmt":"2024-09-27T18:38:16","slug":"31860","status":"publish","type":"post","link":"https:\/\/edublog.educastur.es\/ixuxu\/2024\/09\/31860\/","title":{"rendered":"D\u00eda Europ\u00e9u de les Lling\u00fces nel Congresu de los Diputaos (Madrid)"},"content":{"rendered":"<div class=\"html-div xdj266r x11i5rnm xat24cr x1mh8g0r xexx8yu x4uap5 x18d9i69 xkhd6sd\">\n<div class=\"x78zum5 xdt5ytf xz62fqu x16ldp7u\">\n<div class=\"xu06os2 x1ok221b\">\n<ul>\n<li class=\"html-h3 x11i5rnm xat24cr x1mh8g0r xexx8yu x4uap5 x18d9i69 xkhd6sd x1vvkbs x1heor9g x1qlqyl8 x1pd3egz x1a2a7pz x1gslohp x1yc453h\"><span class=\"x1lliihq x6ikm8r x10wlt62 x1n2onr6\"><span class=\"xt0psk2\"><a class=\"x1i10hfl xjbqb8w x1ejq31n xd10rxx x1sy0etr x17r0tee x972fbf xcfux6l x1qhh985 xm0m39n x9f619 x1ypdohk xt0psk2 xe8uvvx xdj266r x11i5rnm xat24cr x1mh8g0r xexx8yu x4uap5 x18d9i69 xkhd6sd x16tdsg8 x1hl2dhg xggy1nq x1a2a7pz x1sur9pj xkrqix3 xzsf02u x1s688f\" role=\"link\" href=\"https:\/\/www.facebook.com\/AcademiadelaLlinguaAsturiana?__cft__[0]=AZWS7sibg3wmaK2ITR1825yGjnakhxKpTXxP2Tk0_ZrDFNCdmsGqnblzzLJ-JGw5vBXzVC6rK4oY_qcbHd8q_tFywdsYhY9xSqhuM3z8muVFzZ4U7xuILO_Hzl9H8gUI5feg4d5-QN0UECK8fo-4d-PyC4uwA4E5VYkw6ogMsddZosbN0lcBNTyxVlC3eSejgXE0erpDPY3SRHC-9Xc8FNBYGBj8lEGOVAxZj6jKCAZmnA&amp;__tn__=-UC%2CP-y-R\"><strong class=\"html-strong xdj266r x11i5rnm xat24cr x1mh8g0r xexx8yu x4uap5 x18d9i69 xkhd6sd x1hl2dhg x16tdsg8 x1vvkbs x1s688f\"><span class=\"html-span xdj266r x11i5rnm xat24cr x1mh8g0r xexx8yu x4uap5 x18d9i69 xkhd6sd x1hl2dhg x16tdsg8 x1vvkbs\">Academia de la Llingua Asturiana<\/span><\/strong><\/a><\/span><\/span><\/li>\n<\/ul>\n<\/div>\n<\/div>\n<\/div>\n<div class=\"html-div xdj266r x11i5rnm xat24cr x1mh8g0r xexx8yu x4uap5 x18d9i69 xkhd6sd\" dir=\"auto\">\n<div class=\"html-div xdj266r x11i5rnm xat24cr x1mh8g0r xexx8yu x4uap5 x18d9i69 xkhd6sd\" dir=\"auto\">\n<div class=\"x1l90r2v x1pi30zi x1swvt13 x1iorvi4\" data-ad-comet-preview=\"message\" data-ad-preview=\"message\">\n<div class=\"x78zum5 xdt5ytf xz62fqu x16ldp7u\">\n<div class=\"xu06os2 x1ok221b\">\n<div class=\"xdj266r x11i5rnm xat24cr x1mh8g0r x1vvkbs x126k92a\">\n<div dir=\"auto\">El Secretariu de l&#8217;Academia, Xos\u00e9 Ram\u00f3n Iglesias Cueva, participa esta tarde nos actos de conmemoraci\u00f3n del<strong> D\u00eda Europ\u00e9u de les Lling\u00fces nel Congresu.<\/strong> \u00a1S\u00edguilo too nesti enllaz! <span class=\"html-span xdj266r x11i5rnm xat24cr x1mh8g0r xexx8yu x4uap5 x18d9i69 xkhd6sd x1hl2dhg x16tdsg8 x1vvkbs\"><a class=\"x1i10hfl xjbqb8w x1ejq31n xd10rxx x1sy0etr x17r0tee x972fbf xcfux6l x1qhh985 xm0m39n x9f619 x1ypdohk xt0psk2 xe8uvvx xdj266r x11i5rnm xat24cr x1mh8g0r xexx8yu x4uap5 x18d9i69 xkhd6sd x16tdsg8 x1hl2dhg xggy1nq x1a2a7pz x1sur9pj xkrqix3 x1fey0fg x1s688f\" role=\"link\" href=\"https:\/\/l.facebook.com\/l.php?u=https%3A%2F%2Fwww.youtube.com%2Flive%2FqeUkHCTufS0%3Ffbclid%3DIwZXh0bgNhZW0CMTAAAR3GIievigNgCyq7tfPqeRUbeFsM5YgkpyfYKqVmiSQLcpL9oqYJwzv2sCQ_aem_U3BmeN0drdD9nf4iTD6UqQ&amp;h=AT2sKc_ODnd0pDK9dMKjgPHOWK7SRPCky9qS7MnJXthYO4uAf5_qHtomsOwJnlFVq5O1HOI83mQ7a1KzydlJxQnS7tM3T-PssEcsDD7F42h05D9rUtB28acDTMFOVGXM7D6CC1oUNNLi8FhYbg&amp;__tn__=-UK-y-R&amp;c[0]=AT2rykMIrFEx9SqLUn6nVk4ntAGxF8Wd0h2_d4Ym1kXAerh9SF6aeZMIoaDL3fK2elWEgU5Kgv3SN99FhB56lYMGwdNZqT4DN-2-UMqS4DQNYQ0sgP3vuqaM_SaoRdHE7NEUotUUV2Vok0wkE1QQWfss6sRveP6-QrjVNgPs4eEGbOZsWsod-P8wWNNWlSr6l1vjxp7exde0URT9Dr5sdA1C-HMWxwrsHtt14eLeqI8qvFQV2a0\" target=\"_blank\" rel=\"nofollow noopener noreferrer\">https:\/\/www.youtube.com\/live\/qeUkHCTufS0<\/a><\/span><\/div>\n<\/div>\n<div dir=\"auto\"><\/div>\n<div dir=\"auto\" style=\"text-align: center\">\n<!-- iframe plugin v.6.0 wordpress.org\/plugins\/iframe\/ -->\n<iframe loading=\"lazy\" width=\"100%\" height=\"395\" src=\"https:\/\/www.youtube.com\/embed\/qeUkHCTufS0\" title=\"Acto de conmemoraci\u00f3n del D\u00eda Europeo de las Lenguas\" frameborder=\"0\" allow=\"accelerometer; autoplay; clipboard-write; encrypted-media; gyroscope; picture-in-picture; web-share\" referrerpolicy=\"strict-origin-when-cross-origin\" 0=\"allowfullscreen\" 1=\"\/iframe\" scrolling=\"yes\" class=\"iframe-class\"><\/iframe>\n<\/div>\n<ul>\n<li dir=\"auto\"><strong>Minutu 24<\/strong> Rozal\u00e9n canta, tami\u00e9n, n&#8217;asturianu <em>\u00abTe quiero porque te quiero\u00bb<\/em><\/li>\n<li dir=\"auto\"><strong>Minutu 1:22:20<\/strong> Xos\u00e9 Ram\u00f3n Iglesias, Secretariu de la DALLA<\/li>\n<\/ul>\n<p><!--more--><\/p>\n<\/div>\n<div class=\"xu06os2 x1ok221b\">\n<ul>\n<li class=\"html-h3 x11i5rnm xat24cr x1mh8g0r xexx8yu x4uap5 x18d9i69 xkhd6sd x1vvkbs x1heor9g x1qlqyl8 x1pd3egz x1a2a7pz x1gslohp x1yc453h\"><span class=\"x1lliihq x6ikm8r x10wlt62 x1n2onr6\"><span class=\"xt0psk2\"><a class=\"x1i10hfl xjbqb8w x1ejq31n xd10rxx x1sy0etr x17r0tee x972fbf xcfux6l x1qhh985 xm0m39n x9f619 x1ypdohk xt0psk2 xe8uvvx xdj266r x11i5rnm xat24cr x1mh8g0r xexx8yu x4uap5 x18d9i69 xkhd6sd x16tdsg8 x1hl2dhg xggy1nq x1a2a7pz x1sur9pj xkrqix3 xzsf02u x1s688f\" role=\"link\" href=\"https:\/\/www.facebook.com\/culturaAST?__cft__[0]=AZW6BEKO969ErladFvG1czI5R0dbQRMm37ia1aQs0rjwAEPiCYW20gSKzWyX9erxki-ZC9guoa4C-HXCyP_AL2gGJoFEyVpVMgPL0TvxwG97crGzcyour81J0CdHgR5ugVnzcZYCRPbsrdFISkgAL_KezS6PkNuzP8axwrOQcCvZmMhi5SMTk5L9bR8QgU03EOwz1d0-5gOk4Bj2qkRL2xHzmS3brDRyQqX6PW3lZXSXCg&amp;__tn__=-UC%2CP-y-R\"><strong class=\"html-strong xdj266r x11i5rnm xat24cr x1mh8g0r xexx8yu x4uap5 x18d9i69 xkhd6sd x1hl2dhg x16tdsg8 x1vvkbs x1s688f\"><span class=\"html-span xdj266r x11i5rnm xat24cr x1mh8g0r xexx8yu x4uap5 x18d9i69 xkhd6sd x1hl2dhg x16tdsg8 x1vvkbs\">Conseyer\u00eda de Cultura, Pol\u00edtica Lling\u00fc\u00edstica y Deporte<\/span><\/strong><\/a><\/span><\/span><\/li>\n<\/ul>\n<\/div>\n<div class=\"html-div xdj266r x11i5rnm xat24cr x1mh8g0r xexx8yu x4uap5 x18d9i69 xkhd6sd\" dir=\"auto\">\n<div class=\"html-div xdj266r x11i5rnm xat24cr x1mh8g0r xexx8yu x4uap5 x18d9i69 xkhd6sd\" dir=\"auto\">\n<div class=\"x1l90r2v x1pi30zi x1swvt13 x1iorvi4\" data-ad-comet-preview=\"message\" data-ad-preview=\"message\">\n<div class=\"x78zum5 xdt5ytf xz62fqu x16ldp7u\">\n<div class=\"xu06os2 x1ok221b\">\n<div class=\"xdj266r x11i5rnm xat24cr x1mh8g0r x1vvkbs x126k92a\">\n<ul>\n<li dir=\"auto\"><span class=\"html-span xexx8yu x4uap5 x18d9i69 xkhd6sd x1hl2dhg x16tdsg8 x1vvkbs x3nfvp2 x1j61x8r x1fcty0u xdj266r xat24cr xgzva0m xhhsvwb xxymvpz xlup9mm x1kky2od\"><img loading=\"lazy\" decoding=\"async\" class=\"xz74otr\" src=\"https:\/\/static.xx.fbcdn.net\/images\/emoji.php\/v9\/t89\/1\/16\/1f3db.png\" alt=\"?\ufe0f\" width=\"16\" height=\"16\" \/><\/span> El <span class=\"html-span xdj266r x11i5rnm xat24cr x1mh8g0r xexx8yu x4uap5 x18d9i69 xkhd6sd x1hl2dhg x16tdsg8 x1vvkbs\"><a class=\"x1i10hfl xjbqb8w x1ejq31n xd10rxx x1sy0etr x17r0tee x972fbf xcfux6l x1qhh985 xm0m39n x9f619 x1ypdohk xt0psk2 xe8uvvx xdj266r x11i5rnm xat24cr x1mh8g0r xexx8yu x4uap5 x18d9i69 xkhd6sd x16tdsg8 x1hl2dhg xggy1nq x1a2a7pz x1sur9pj xkrqix3 x1fey0fg x1s688f\" role=\"link\" href=\"https:\/\/www.facebook.com\/CongresodelosDiputados?__cft__[0]=AZW6BEKO969ErladFvG1czI5R0dbQRMm37ia1aQs0rjwAEPiCYW20gSKzWyX9erxki-ZC9guoa4C-HXCyP_AL2gGJoFEyVpVMgPL0TvxwG97crGzcyour81J0CdHgR5ugVnzcZYCRPbsrdFISkgAL_KezS6PkNuzP8axwrOQcCvZmMhi5SMTk5L9bR8QgU03EOwz1d0-5gOk4Bj2qkRL2xHzmS3brDRyQqX6PW3lZXSXCg&amp;__tn__=-]K-y-R\"><span class=\"xt0psk2\">Congreso de los Diputados<\/span><\/a><\/span> acoy\u00f3 esta tarde la celebraci\u00f3n del actu de conmemoraci\u00f3n del <span class=\"html-span xexx8yu x4uap5 x18d9i69 xkhd6sd x1hl2dhg x16tdsg8 x1vvkbs x3nfvp2 x1j61x8r x1fcty0u xdj266r xat24cr xgzva0m xhhsvwb xxymvpz xlup9mm x1kky2od\"><img loading=\"lazy\" decoding=\"async\" class=\"xz74otr\" src=\"https:\/\/static.xx.fbcdn.net\/images\/emoji.php\/v9\/tdd\/1\/16\/1f1ea_1f1fa.png\" alt=\"??\" width=\"16\" height=\"16\" \/><\/span>D\u00eda Europ\u00e9u de les Lling\u00fces, onde tuvo presencia l&#8217;asturianu <span class=\"html-span xexx8yu x4uap5 x18d9i69 xkhd6sd x1hl2dhg x16tdsg8 x1vvkbs x3nfvp2 x1j61x8r x1fcty0u xdj266r xat24cr xgzva0m xhhsvwb xxymvpz xlup9mm x1kky2od\"><img loading=\"lazy\" decoding=\"async\" class=\"xz74otr\" src=\"https:\/\/static.xx.fbcdn.net\/images\/emoji.php\/v9\/t6c\/1\/16\/1f499.png\" alt=\"?\" width=\"16\" height=\"16\" \/><\/span><span class=\"html-span xexx8yu x4uap5 x18d9i69 xkhd6sd x1hl2dhg x16tdsg8 x1vvkbs x3nfvp2 x1j61x8r x1fcty0u xdj266r xat24cr xgzva0m xhhsvwb xxymvpz xlup9mm x1kky2od\"><img loading=\"lazy\" decoding=\"async\" class=\"xz74otr\" src=\"https:\/\/static.xx.fbcdn.net\/images\/emoji.php\/v9\/t15\/1\/16\/1f49b.png\" alt=\"?\" width=\"16\" height=\"16\" \/><\/span><\/li>\n<\/ul>\n<\/div>\n<div class=\"x11i5rnm xat24cr x1mh8g0r x1vvkbs xtlvy1s x126k92a\">\n<ul>\n<li dir=\"auto\"><span class=\"html-span xexx8yu x4uap5 x18d9i69 xkhd6sd x1hl2dhg x16tdsg8 x1vvkbs x3nfvp2 x1j61x8r x1fcty0u xdj266r xat24cr xgzva0m xhhsvwb xxymvpz xlup9mm x1kky2od\"><img loading=\"lazy\" decoding=\"async\" class=\"xz74otr\" src=\"https:\/\/static.xx.fbcdn.net\/images\/emoji.php\/v9\/t8d\/1\/16\/1f449_1f3fc.png\" alt=\"??\" width=\"16\" height=\"16\" \/><\/span> La conseyera de Cultura, Pol\u00edtica Lling\u00fc\u00edstica y Deporte, <span class=\"html-span xdj266r x11i5rnm xat24cr x1mh8g0r xexx8yu x4uap5 x18d9i69 xkhd6sd x1hl2dhg x16tdsg8 x1vvkbs\"><a class=\"x1i10hfl xjbqb8w x1ejq31n xd10rxx x1sy0etr x17r0tee x972fbf xcfux6l x1qhh985 xm0m39n x9f619 x1ypdohk xt0psk2 xe8uvvx xdj266r x11i5rnm xat24cr x1mh8g0r xexx8yu x4uap5 x18d9i69 xkhd6sd x16tdsg8 x1hl2dhg xggy1nq x1a2a7pz x1sur9pj xkrqix3 x1fey0fg x1s688f\" role=\"link\" href=\"https:\/\/www.facebook.com\/anavanessagutierrez?__cft__[0]=AZW6BEKO969ErladFvG1czI5R0dbQRMm37ia1aQs0rjwAEPiCYW20gSKzWyX9erxki-ZC9guoa4C-HXCyP_AL2gGJoFEyVpVMgPL0TvxwG97crGzcyour81J0CdHgR5ugVnzcZYCRPbsrdFISkgAL_KezS6PkNuzP8axwrOQcCvZmMhi5SMTk5L9bR8QgU03EOwz1d0-5gOk4Bj2qkRL2xHzmS3brDRyQqX6PW3lZXSXCg&amp;__tn__=-]K-y-R\"><span class=\"xt0psk2\">Vanessa Guti\u00e9rrez<\/span><\/a><\/span>, particip\u00f3 nel actu en representaci\u00f3n del Gobiernu d&#8217;Asturies, onde convers\u00f3 col ministru de <span class=\"html-span xdj266r x11i5rnm xat24cr x1mh8g0r xexx8yu x4uap5 x18d9i69 xkhd6sd x1hl2dhg x16tdsg8 x1vvkbs\"><a class=\"x1i10hfl xjbqb8w x1ejq31n xd10rxx x1sy0etr x17r0tee x972fbf xcfux6l x1qhh985 xm0m39n x9f619 x1ypdohk xt0psk2 xe8uvvx xdj266r x11i5rnm xat24cr x1mh8g0r xexx8yu x4uap5 x18d9i69 xkhd6sd x16tdsg8 x1hl2dhg xggy1nq x1a2a7pz x1sur9pj xkrqix3 x1fey0fg x1s688f\" role=\"link\" href=\"https:\/\/www.facebook.com\/MinisteriodeCultura?__cft__[0]=AZW6BEKO969ErladFvG1czI5R0dbQRMm37ia1aQs0rjwAEPiCYW20gSKzWyX9erxki-ZC9guoa4C-HXCyP_AL2gGJoFEyVpVMgPL0TvxwG97crGzcyour81J0CdHgR5ugVnzcZYCRPbsrdFISkgAL_KezS6PkNuzP8axwrOQcCvZmMhi5SMTk5L9bR8QgU03EOwz1d0-5gOk4Bj2qkRL2xHzmS3brDRyQqX6PW3lZXSXCg&amp;__tn__=-]K-y-R\"><span class=\"xt0psk2\">Cultura<\/span><\/a><\/span>, <span class=\"html-span xdj266r x11i5rnm xat24cr x1mh8g0r xexx8yu x4uap5 x18d9i69 xkhd6sd x1hl2dhg x16tdsg8 x1vvkbs\"><a class=\"x1i10hfl xjbqb8w x1ejq31n xd10rxx x1sy0etr x17r0tee x972fbf xcfux6l x1qhh985 xm0m39n x9f619 x1ypdohk xt0psk2 xe8uvvx xdj266r x11i5rnm xat24cr x1mh8g0r xexx8yu x4uap5 x18d9i69 xkhd6sd x16tdsg8 x1hl2dhg xggy1nq x1a2a7pz x1sur9pj xkrqix3 x1fey0fg x1s688f\" role=\"link\" href=\"https:\/\/www.facebook.com\/eurtasun?__cft__[0]=AZW6BEKO969ErladFvG1czI5R0dbQRMm37ia1aQs0rjwAEPiCYW20gSKzWyX9erxki-ZC9guoa4C-HXCyP_AL2gGJoFEyVpVMgPL0TvxwG97crGzcyour81J0CdHgR5ugVnzcZYCRPbsrdFISkgAL_KezS6PkNuzP8axwrOQcCvZmMhi5SMTk5L9bR8QgU03EOwz1d0-5gOk4Bj2qkRL2xHzmS3brDRyQqX6PW3lZXSXCg&amp;__tn__=-]K-y-R\"><span class=\"xt0psk2\">Ernest Urtasun<\/span><\/a><\/span>, y la presidenta del Congresu, <span class=\"html-span xdj266r x11i5rnm xat24cr x1mh8g0r xexx8yu x4uap5 x18d9i69 xkhd6sd x1hl2dhg x16tdsg8 x1vvkbs\"><a class=\"x1i10hfl xjbqb8w x1ejq31n xd10rxx x1sy0etr x17r0tee x972fbf xcfux6l x1qhh985 xm0m39n x9f619 x1ypdohk xt0psk2 xe8uvvx xdj266r x11i5rnm xat24cr x1mh8g0r xexx8yu x4uap5 x18d9i69 xkhd6sd x16tdsg8 x1hl2dhg xggy1nq x1a2a7pz x1sur9pj xkrqix3 x1fey0fg x1s688f\" role=\"link\" href=\"https:\/\/www.facebook.com\/farmengolsocias?__cft__[0]=AZW6BEKO969ErladFvG1czI5R0dbQRMm37ia1aQs0rjwAEPiCYW20gSKzWyX9erxki-ZC9guoa4C-HXCyP_AL2gGJoFEyVpVMgPL0TvxwG97crGzcyour81J0CdHgR5ugVnzcZYCRPbsrdFISkgAL_KezS6PkNuzP8axwrOQcCvZmMhi5SMTk5L9bR8QgU03EOwz1d0-5gOk4Bj2qkRL2xHzmS3brDRyQqX6PW3lZXSXCg&amp;__tn__=-]K-y-R\"><span class=\"xt0psk2\">Francina Armengol<\/span><\/a><\/span>, ente otres persones.<\/li>\n<\/ul>\n<\/div>\n<div class=\"x11i5rnm xat24cr x1mh8g0r x1vvkbs xtlvy1s x126k92a\">\n<ul>\n<li dir=\"auto\"><span class=\"html-span xexx8yu x4uap5 x18d9i69 xkhd6sd x1hl2dhg x16tdsg8 x1vvkbs x3nfvp2 x1j61x8r x1fcty0u xdj266r xat24cr xgzva0m xhhsvwb xxymvpz xlup9mm x1kky2od\"><img loading=\"lazy\" decoding=\"async\" class=\"xz74otr\" src=\"https:\/\/static.xx.fbcdn.net\/images\/emoji.php\/v9\/t1f\/1\/16\/1f3b6.png\" alt=\"?\" width=\"16\" height=\"16\" \/><\/span> Mientres l&#8217;actu, am\u00e1s d&#8217;una mesa redonda na que particip\u00f3 l&#8217;<span class=\"html-span xdj266r x11i5rnm xat24cr x1mh8g0r xexx8yu x4uap5 x18d9i69 xkhd6sd x1hl2dhg x16tdsg8 x1vvkbs\"><a class=\"x1i10hfl xjbqb8w x1ejq31n xd10rxx x1sy0etr x17r0tee x972fbf xcfux6l x1qhh985 xm0m39n x9f619 x1ypdohk xt0psk2 xe8uvvx xdj266r x11i5rnm xat24cr x1mh8g0r xexx8yu x4uap5 x18d9i69 xkhd6sd x16tdsg8 x1hl2dhg xggy1nq x1a2a7pz x1sur9pj xkrqix3 x1fey0fg x1s688f\" role=\"link\" href=\"https:\/\/www.facebook.com\/AcademiadelaLlinguaAsturiana?__cft__[0]=AZW6BEKO969ErladFvG1czI5R0dbQRMm37ia1aQs0rjwAEPiCYW20gSKzWyX9erxki-ZC9guoa4C-HXCyP_AL2gGJoFEyVpVMgPL0TvxwG97crGzcyour81J0CdHgR5ugVnzcZYCRPbsrdFISkgAL_KezS6PkNuzP8axwrOQcCvZmMhi5SMTk5L9bR8QgU03EOwz1d0-5gOk4Bj2qkRL2xHzmS3brDRyQqX6PW3lZXSXCg&amp;__tn__=-]K-y-R\"><span class=\"xt0psk2\">Academia de la Llingua Asturiana<\/span><\/a><\/span>, l&#8217;artista <span class=\"html-span xdj266r x11i5rnm xat24cr x1mh8g0r xexx8yu x4uap5 x18d9i69 xkhd6sd x1hl2dhg x16tdsg8 x1vvkbs\"><a class=\"x1i10hfl xjbqb8w x1ejq31n xd10rxx x1sy0etr x17r0tee x972fbf xcfux6l x1qhh985 xm0m39n x9f619 x1ypdohk xt0psk2 xe8uvvx xdj266r x11i5rnm xat24cr x1mh8g0r xexx8yu x4uap5 x18d9i69 xkhd6sd x16tdsg8 x1hl2dhg xggy1nq x1a2a7pz x1sur9pj xkrqix3 x1fey0fg x1s688f\" role=\"link\" href=\"https:\/\/www.facebook.com\/Rozalen.Oficial?__cft__[0]=AZW6BEKO969ErladFvG1czI5R0dbQRMm37ia1aQs0rjwAEPiCYW20gSKzWyX9erxki-ZC9guoa4C-HXCyP_AL2gGJoFEyVpVMgPL0TvxwG97crGzcyour81J0CdHgR5ugVnzcZYCRPbsrdFISkgAL_KezS6PkNuzP8axwrOQcCvZmMhi5SMTk5L9bR8QgU03EOwz1d0-5gOk4Bj2qkRL2xHzmS3brDRyQqX6PW3lZXSXCg&amp;__tn__=-]K-y-R\"><span class=\"xt0psk2\">Rozal\u00e9n<\/span><\/a><\/span> interpret\u00f3 una parte del so cantar n&#8217;asturianu <span class=\"html-span xexx8yu x4uap5 x18d9i69 xkhd6sd x1hl2dhg x16tdsg8 x1vvkbs x3nfvp2 x1j61x8r x1fcty0u xdj266r xat24cr xgzva0m xhhsvwb xxymvpz xlup9mm x1kky2od\"><img loading=\"lazy\" decoding=\"async\" class=\"xz74otr\" src=\"https:\/\/static.xx.fbcdn.net\/images\/emoji.php\/v9\/tfb\/1\/16\/1f5e3.png\" alt=\"?\ufe0f\" width=\"16\" height=\"16\" \/> <img loading=\"lazy\" decoding=\"async\" class=\"xz74otr\" src=\"https:\/\/static.xx.fbcdn.net\/images\/emoji.php\/v9\/t15\/1\/16\/1f49b.png\" alt=\"?\" width=\"16\" height=\"16\" \/><\/span><span class=\"html-span xexx8yu x4uap5 x18d9i69 xkhd6sd x1hl2dhg x16tdsg8 x1vvkbs x3nfvp2 x1j61x8r x1fcty0u xdj266r xat24cr xgzva0m xhhsvwb xxymvpz xlup9mm x1kky2od\"><img loading=\"lazy\" decoding=\"async\" class=\"xz74otr\" src=\"https:\/\/static.xx.fbcdn.net\/images\/emoji.php\/v9\/t6c\/1\/16\/1f499.png\" alt=\"?\" width=\"16\" height=\"16\" \/><\/span> \u00a1Feliz D\u00eda Europ\u00e9u de les Lling\u00fces! <span class=\"html-span xexx8yu x4uap5 x18d9i69 xkhd6sd x1hl2dhg x16tdsg8 x1vvkbs x3nfvp2 x1j61x8r x1fcty0u xdj266r xat24cr xgzva0m xhhsvwb xxymvpz xlup9mm x1kky2od\"><img loading=\"lazy\" decoding=\"async\" class=\"xz74otr\" src=\"https:\/\/static.xx.fbcdn.net\/images\/emoji.php\/v9\/t15\/1\/16\/1f49b.png\" alt=\"?\" width=\"16\" height=\"16\" \/><\/span><span class=\"html-span xexx8yu x4uap5 x18d9i69 xkhd6sd x1hl2dhg x16tdsg8 x1vvkbs x3nfvp2 x1j61x8r x1fcty0u xdj266r xat24cr xgzva0m xhhsvwb xxymvpz xlup9mm x1kky2od\"><img loading=\"lazy\" decoding=\"async\" class=\"xz74otr\" src=\"https:\/\/static.xx.fbcdn.net\/images\/emoji.php\/v9\/t6c\/1\/16\/1f499.png\" alt=\"?\" width=\"16\" height=\"16\" \/><\/span><\/li>\n<\/ul>\n<p style=\"text-align: center\">\n<!-- iframe plugin v.6.0 wordpress.org\/plugins\/iframe\/ -->\n<iframe loading=\"lazy\" src=\"https:\/\/www.facebook.com\/plugins\/post.php?href=https%3A%2F%2Fwww.facebook.com%2Fphoto.php%3Ffbid%3D122141177192297870%26set%3Da.122095499432297870%26type%3D3&#038;show_text=false&#038;width=500\" width=\"500\" height=\"792\" style=\"border:none;overflow:hidden\" scrolling=\"no\" frameborder=\"0\" allowfullscreen=\"true\" allow=\"autoplay; clipboard-write; encrypted-media; picture-in-picture; web-share\" 0=\"\/iframe\" class=\"iframe-class\"><\/iframe>\n<\/p>\n<\/div>\n<\/div>\n<\/div>\n<\/div>\n<\/div>\n<\/div>\n<div class=\"xu06os2 x1ok221b\">\n<p style=\"text-align: center\">\n<!-- iframe plugin v.6.0 wordpress.org\/plugins\/iframe\/ -->\n<iframe loading=\"lazy\" src=\"https:\/\/www.facebook.com\/plugins\/post.php?href=https%3A%2F%2Fwww.facebook.com%2FAcademiadelaLlinguaAsturiana%2Fposts%2Fpfbid0eWMRJkkpR153Z5KFuit2rup6vkyXtRvpSDU2zhNFNbaBmZ8GDEf6ckfiFrhPDygGl&#038;show_text=false&#038;width=500\" width=\"500\" height=\"311\" style=\"border:none;overflow:hidden\" scrolling=\"no\" frameborder=\"0\" allowfullscreen=\"true\" allow=\"autoplay; clipboard-write; encrypted-media; picture-in-picture; web-share\" 0=\"\/iframe\" class=\"iframe-class\"><\/iframe>\n<\/p>\n<\/div>\n<\/div>\n<\/div>\n<\/div>\n<\/div>\n<p>&nbsp;<\/p>\n","protected":false},"excerpt":{"rendered":"<p>Academia de la Llingua Asturiana El Secretariu de l&#8217;Academia, Xos\u00e9 Ram\u00f3n Iglesias Cueva, participa esta tarde nos actos de conmemoraci\u00f3n del D\u00eda Europ\u00e9u de les Lling\u00fces nel Congresu. \u00a1S\u00edguilo too nesti enllaz! https:\/\/www.youtube.com\/live\/qeUkHCTufS0 Minutu 24 Rozal\u00e9n canta, tami\u00e9n, n&#8217;asturianu \u00abTe quiero porque te quiero\u00bb Minutu 1:22:20 Xos\u00e9 Ram\u00f3n Iglesias, Secretariu de la DALLA<\/p>\n","protected":false},"author":117,"featured_media":0,"comment_status":"open","ping_status":"open","sticky":false,"template":"","format":"standard","meta":{"footnotes":""},"categories":[6],"tags":[],"class_list":["post-31860","post","type-post","status-publish","format-standard","hentry","category-dia-de"],"_links":{"self":[{"href":"https:\/\/edublog.educastur.es\/ixuxu\/wp-json\/wp\/v2\/posts\/31860","targetHints":{"allow":["GET"]}}],"collection":[{"href":"https:\/\/edublog.educastur.es\/ixuxu\/wp-json\/wp\/v2\/posts"}],"about":[{"href":"https:\/\/edublog.educastur.es\/ixuxu\/wp-json\/wp\/v2\/types\/post"}],"author":[{"embeddable":true,"href":"https:\/\/edublog.educastur.es\/ixuxu\/wp-json\/wp\/v2\/users\/117"}],"replies":[{"embeddable":true,"href":"https:\/\/edublog.educastur.es\/ixuxu\/wp-json\/wp\/v2\/comments?post=31860"}],"version-history":[{"count":11,"href":"https:\/\/edublog.educastur.es\/ixuxu\/wp-json\/wp\/v2\/posts\/31860\/revisions"}],"predecessor-version":[{"id":31871,"href":"https:\/\/edublog.educastur.es\/ixuxu\/wp-json\/wp\/v2\/posts\/31860\/revisions\/31871"}],"wp:attachment":[{"href":"https:\/\/edublog.educastur.es\/ixuxu\/wp-json\/wp\/v2\/media?parent=31860"}],"wp:term":[{"taxonomy":"category","embeddable":true,"href":"https:\/\/edublog.educastur.es\/ixuxu\/wp-json\/wp\/v2\/categories?post=31860"},{"taxonomy":"post_tag","embeddable":true,"href":"https:\/\/edublog.educastur.es\/ixuxu\/wp-json\/wp\/v2\/tags?post=31860"}],"curies":[{"name":"wp","href":"https:\/\/api.w.org\/{rel}","templated":true}]}}