{"id":31906,"date":"2024-09-28T09:47:12","date_gmt":"2024-09-28T07:47:12","guid":{"rendered":"https:\/\/edublog.educastur.es\/ixuxu\/?p=31906"},"modified":"2024-09-28T09:51:59","modified_gmt":"2024-09-28T07:51:59","slug":"ix-feria-los-figos","status":"publish","type":"post","link":"https:\/\/edublog.educastur.es\/ixuxu\/2024\/09\/ix-feria-los-figos\/","title":{"rendered":"IX Feria Los Figos en Villaviciosa"},"content":{"rendered":"<ul>\n<li><a href=\"https:\/\/www.facebook.com\/photo\/?fbid=8443173009130675&amp;set=a.326009754180415\">Cartelu<\/a> \/<span class=\"x193iq5w xeuugli x13faqbe x1vvkbs x1xmvt09 x1f6kntn xvq8zen xo1l8bm xi81zsa\"><span class=\"xt0psk2\"><a class=\"x1i10hfl xjbqb8w x1ejq31n xd10rxx x1sy0etr x17r0tee x972fbf xcfux6l x1qhh985 xm0m39n x9f619 x1ypdohk xt0psk2 xe8uvvx xdj266r x11i5rnm xat24cr x1mh8g0r xexx8yu x4uap5 x18d9i69 xkhd6sd x16tdsg8 x1hl2dhg xggy1nq x1a2a7pz x1sur9pj xkrqix3 xzsf02u x1s688f\" role=\"link\" href=\"https:\/\/www.facebook.com\/fundacionbelenos?__cft__[0]=AZVUVHRVgNxNzBUAKoix6iOu9XAxSpeXg1jGs56krIKknp1EMWX2ieao296DPFy3_yeIxlMNxYHJYDOI5LMcVLnfVlu4G2m8jJFR3-IXswDKLqZJX39uwZkjfB0QzCPp30iESz80ccKKk5HzbCvWtgzy_N9iEDTjl6TDak2j7yi53g&amp;__tn__=-UC*F\">Daniel Cueli Canto<\/a><\/span><\/span><\/li>\n<li>Figu: <a href=\"https:\/\/es.wikipedia.org\/wiki\/Higo\">wiki<\/a> \/<a href=\"https:\/\/www.google.com\/search?client=firefox-b-d&amp;sca_esv=ba1ab53890a5550c&amp;sca_upv=1&amp;q=figos&amp;udm=2&amp;fbs=AEQNm0CbCVgAZ5mWEJDg6aoPVcBgWizR0-0aFOH11Sb5tlNhdzTfxpAVBoexMFZnKJBpl_MmNp6ZDxgDPl6t2hVOzXMPRpBwkP9IY-13MTKHtUfMndUp-9U0YiMRcTf6ha0_e7i3oahCI9g8YNm9iXj4SeKEtGR8R3838esijNftuqyafY2KJ7R-8Cdp4Z32jG_0zbAUQsi5&amp;sa=X&amp;ved=2ahUKEwiW--KFk-WIAxXPgf0HHUdDFfcQtKgLegQIDxAB&amp;biw=1536&amp;bih=739&amp;dpr=1.25\"> semeyes<\/a> \/<\/li>\n<\/ul>\n<p style=\"text-align: center\">\n<!-- iframe plugin v.6.0 wordpress.org\/plugins\/iframe\/ -->\n<iframe loading=\"lazy\" src=\"https:\/\/www.facebook.com\/plugins\/post.php?href=https%3A%2F%2Fwww.facebook.com%2Ffundacionbelenos%2Fposts%2Fpfbid02cLYNr4QHVzbJg4qTbCE5fS3eStn68KeK99tMSQJum9AJkS6ckGFJf3CqeSTZvQanl&#038;show_text=false&#038;width=500\" width=\"500\" height=\"498\" style=\"border:none;overflow:hidden\" scrolling=\"no\" frameborder=\"0\" allowfullscreen=\"true\" allow=\"autoplay; clipboard-write; encrypted-media; picture-in-picture; web-share\" 0=\"\/iframe\" class=\"iframe-class\"><\/iframe>\n<\/p>\n<p><span style=\"color: #008080\"><strong>El figu \u200b ye&#8217;l frutu produc\u00edu pola figal.<\/strong> Dende&#8217;l puntu de vista bot\u00e1nicu, el figu ye una infrutescencia (un conxuntu de frutos), polo tanto <strong>nun ye un solu frutu.<\/strong> Esisten m\u00e1s de 750 especies de figos distintos ente les comestibles y les non comestibles.<\/span><\/p>\n<p><!--more--><\/p>\n<p style=\"text-align: center\"><a href=\"https:\/\/upload.wikimedia.org\/wikipedia\/commons\/a\/af\/Owoce_Figa.jpg\"><img loading=\"lazy\" decoding=\"async\" class=\"aligncenter \" src=\"https:\/\/upload.wikimedia.org\/wikipedia\/commons\/a\/af\/Owoce_Figa.jpg\" width=\"774\" height=\"774\" \/><\/a><\/p>\n<p style=\"text-align: center\"><a href=\"https:\/\/upload.wikimedia.org\/wikipedia\/commons\/thumb\/4\/41\/Breva_ficus_carica.jpg\/1200px-Breva_ficus_carica.jpg\"><img loading=\"lazy\" decoding=\"async\" class=\"aligncenter size-full\" src=\"https:\/\/upload.wikimedia.org\/wikipedia\/commons\/thumb\/4\/41\/Breva_ficus_carica.jpg\/1200px-Breva_ficus_carica.jpg\" width=\"1200\" height=\"900\" \/><\/a><\/p>\n","protected":false},"excerpt":{"rendered":"<p>Cartelu \/Daniel Cueli Canto Figu: wiki \/ semeyes \/ El figu \u200b ye&#8217;l frutu produc\u00edu pola figal. Dende&#8217;l puntu de vista bot\u00e1nicu, el figu ye una infrutescencia (un conxuntu de frutos), polo tanto nun ye un solu frutu. Esisten m\u00e1s de 750 especies de figos distintos ente les comestibles y les non comestibles.<\/p>\n","protected":false},"author":117,"featured_media":0,"comment_status":"open","ping_status":"open","sticky":false,"template":"","format":"standard","meta":{"footnotes":""},"categories":[138,167],"tags":[],"class_list":["post-31906","post","type-post","status-publish","format-standard","hentry","category-alimentos","category-feries"],"_links":{"self":[{"href":"https:\/\/edublog.educastur.es\/ixuxu\/wp-json\/wp\/v2\/posts\/31906","targetHints":{"allow":["GET"]}}],"collection":[{"href":"https:\/\/edublog.educastur.es\/ixuxu\/wp-json\/wp\/v2\/posts"}],"about":[{"href":"https:\/\/edublog.educastur.es\/ixuxu\/wp-json\/wp\/v2\/types\/post"}],"author":[{"embeddable":true,"href":"https:\/\/edublog.educastur.es\/ixuxu\/wp-json\/wp\/v2\/users\/117"}],"replies":[{"embeddable":true,"href":"https:\/\/edublog.educastur.es\/ixuxu\/wp-json\/wp\/v2\/comments?post=31906"}],"version-history":[{"count":9,"href":"https:\/\/edublog.educastur.es\/ixuxu\/wp-json\/wp\/v2\/posts\/31906\/revisions"}],"predecessor-version":[{"id":31915,"href":"https:\/\/edublog.educastur.es\/ixuxu\/wp-json\/wp\/v2\/posts\/31906\/revisions\/31915"}],"wp:attachment":[{"href":"https:\/\/edublog.educastur.es\/ixuxu\/wp-json\/wp\/v2\/media?parent=31906"}],"wp:term":[{"taxonomy":"category","embeddable":true,"href":"https:\/\/edublog.educastur.es\/ixuxu\/wp-json\/wp\/v2\/categories?post=31906"},{"taxonomy":"post_tag","embeddable":true,"href":"https:\/\/edublog.educastur.es\/ixuxu\/wp-json\/wp\/v2\/tags?post=31906"}],"curies":[{"name":"wp","href":"https:\/\/api.w.org\/{rel}","templated":true}]}}