{"id":3203,"date":"2021-01-22T01:02:29","date_gmt":"2021-01-21T23:02:29","guid":{"rendered":"https:\/\/edublog.educastur.es\/ixuxu\/?p=3203"},"modified":"2021-01-25T01:26:17","modified_gmt":"2021-01-24T23:26:17","slug":"santiago-el-pediatra-uviein-que-se-convierte-en-spider-man","status":"publish","type":"post","link":"https:\/\/edublog.educastur.es\/ixuxu\/2021\/01\/santiago-el-pediatra-uviein-que-se-convierte-en-spider-man\/","title":{"rendered":"Santiago, el pediatra uvie\u00edn que se convierte en Spider-Man"},"content":{"rendered":"<p>Santiago, el pediatra uvie\u00edn que se convierte en Spider-Man: <strong><em>\u201cPara un ne\u00f1u, l&#8217;hospital ye un sitiu inh\u00f3spito y agresivu; daqu\u00e9 de fantas\u00eda beneficia-y\u00bb.<br \/>\n<\/em><\/strong><\/p>\n<p style=\"text-align: center\"><img loading=\"lazy\" decoding=\"async\" class=\"alignnone size-full\" src=\"https:\/\/external.fmad7-1.fna.fbcdn.net\/safe_image.php?d=AQHGJ4VbL9W7BErR&amp;w=500&amp;h=261&amp;url=https%3A%2F%2Festaticos-cdn.prensaiberica.es%2Fclip%2F986e5fd6-61d7-467e-9ae5-fd8627e5e415_16-9-aspect-ratio_default_0.jpg&amp;cfs=1&amp;ext=jpg&amp;_nc_cb=1&amp;_nc_hash=AQEGUPR4XLN16M6i\" width=\"500\" height=\"260\" \/><\/p>\n<ul>\n<li><a href=\"https:\/\/www.lne.es\/vida-y-estilo\/salud\/2021\/01\/22\/santiago-pediatra-ovetense-convierte-spider-29910771.html?fbclid=IwAR3bJ1gkQq7u_k2WP1dy79jl9OAM7RewtYIygHDtTOOYdeqTMjWa3T-MP7I\">Noticia LNE (Francu Torre)<\/a><\/li>\n<li><a href=\"https:\/\/www.lne.es\/vida-y-estilo\/salud\/2021\/01\/22\/santiago-pediatra-ovetense-convierte-spider-29910771.html?fbclid=IwAR3bJ1gkQq7u_k2WP1dy79jl9OAM7RewtYIygHDtTOOYdeqTMjWa3T-MP7I&amp;jwsource=cl\">Ver videu<\/a><\/li>\n<\/ul>\n<p><em>\u00abQu&#8217;un superh\u00e9roe visite a un guah.e nun va faer que camude&#8217;l pron\u00f3sticu de la so enfermed\u00e1, pero s\u00ed va faer que siquier tea a gustu mientres el tiempu que permaneza ingres\u00e1u\u201d<\/em><\/p>\n<p><!--more--><\/p>\n<p><a href=\"https:\/\/www.facebook.com\/santiago.jimeneztrevino\"><strong>Santiago Jim\u00e9nez Trevi\u00f1o<\/strong><\/a> (Uvi\u00e9u, 1976) tien una identid\u00e1 secreta. Mientres la so xornada llaboral ye pediatra nel Hospital Universitariu Central d&#8217;Asturies (HUCA). Pero, al acabar la vez, <strong>camuda la so bata blanca pol traxe azul y collor\u00e1u de Spider-Man<\/strong>, un paxellu col que se dedica a animar a los ne\u00f1os enfermos qu&#8217;alleguen al centru hospitalariu.<\/p>\n<p>Apasion\u00e1u de los c\u00f3mics y del cosplay, Jim\u00e9nez Trevi\u00f1o empez\u00f3 va ocho a\u00f1os a vistise de Spider-Man para animar a los ne\u00f1os hospitalizaos. El pasu del tiempu nun hai minorado la so pasi\u00f3n nin la so poder d&#8217;atracci\u00f3n: mientres la entrevista, frente al HUCA, un pasiante averase\u00b4l pediatra-superh\u00e9roe y conect\u00f3 por aciu videollamada col so f\u00edu, por que pudiera conocer al home gatu\u00f1a.<\/p>\n<p style=\"text-align: center\"><img loading=\"lazy\" decoding=\"async\" class=\"alignnone size-full\" src=\"https:\/\/scontent.fmad7-1.fna.fbcdn.net\/v\/t1.0-9\/124088017_10223055820480620_7753912188169259599_o.jpg?_nc_cat=108&amp;ccb=2&amp;_nc_sid=84a396&amp;_nc_ohc=Rn3VtAfSA9EAX-RZaTX&amp;_nc_ht=scontent.fmad7-1.fna&amp;oh=f4f011f2eea5f78f010e1ca62f3bb6ad&amp;oe=60332AD7\" width=\"1368\" height=\"1368\" \/><\/p>\n<p><strong>-\u00bfC\u00f3mo empez\u00f3 a vistise de Spider-Man?<\/strong><\/p>\n<p>-El mio hermanu, Luis, entr\u00f3 na Lex\u00f3n 501\u201d, una asociaci\u00f3n de xente que se caracteriza como personaxes de \u201cStar Wars\u201d y que tami\u00e9n vien al hospital a visitar a los ne\u00f1os. Al ve-y, entr\u00e1ronme ganes a mi tami\u00e9n, y de fechu acab\u00e9 ingresando na Lex\u00f3n 501\u201d, onde faigo de \u201cStormtrooper\u201d. Pero pasaba am\u00e1s que yo merco c\u00f3mics de Spider-Man dende fai m\u00e1s de trenta a\u00f1os, y dixi: \u201cYo quiero ser Spider-Man\u201d. Asina que busqu\u00e9 un traxe chulu por que los ne\u00f1os creyeren, y empec\u00e9 coles visites. Ye ciertu que colectivos como la Lex\u00f3n 501\u201d tami\u00e9n faen visites hospitalaries, pero yo toi equ\u00ed tolos d\u00edes, llevo&#8217;l traxe na mochila y ye bono de poner y quitar. Asina que, cuando tengo guardia, lo normal ye qu&#8217;a otru d\u00eda llibre, y ye cuando aprovecho un poco pa faer de Spider-Man.<\/p>\n<p><strong>-\u00bfC\u00f3mo reaccionen los ne\u00f1os cuando-y ven entrar pela puerta, afati\u00e1u como un superh\u00e9roe?<\/strong><\/p>\n<p>-Esa ye la hestoria. De primeres, tomelo un poco como un xuegu. Pero cuando ves que los ne\u00f1os creen y que realmente piensen que t\u00e1n falando con Spider-Man, ye cuando das cuenta de que-yos tas apurriendo daqu\u00e9 distinta. Eso ye lo que tratu de faer. Y ye daqu\u00e9 que me sigue sosprendiendo. Por casu, la ed\u00e1 ideal pa mi ser\u00eda ente los 3 y los 8 a\u00f1os, que ye la ed\u00e1 de m\u00e1s maxa y m\u00e1s fantas\u00eda. Pero pas\u00f3me con una ne\u00f1a oncol\u00f3xica, con 13 a\u00f1os, que me dixo que yera superfan de Marvel, y cuando fui a vela emocion\u00f3se bien&#8230;<\/p>\n<p><img loading=\"lazy\" decoding=\"async\" class=\"alignnone size-full\" src=\"https:\/\/scontent.fmad7-1.fna.fbcdn.net\/v\/t1.0-9\/38392431_10215891272851407_5100660589013762048_o.jpg?_nc_cat=100&amp;ccb=2&amp;_nc_sid=19026a&amp;_nc_ohc=3Dvtk3YD3gYAX8qhIUy&amp;_nc_ht=scontent.fmad7-1.fna&amp;oh=7ed8a6076d5c27f04f1f76ecbac5eafc&amp;oe=6032D04E\" width=\"1440\" height=\"1080\" \/><\/p>\n<p><strong>-Esti refuerzu positivu \u00bfhasta qu\u00e9 puntu puede beneficiar a los ne\u00f1os?<\/strong><\/p>\n<p>-No fondero, l&#8217;hospital ye un sitiu inh\u00f3spito, agresivu, nel qu&#8217;hai pinchaes, pruebes m\u00e9diques, melecines que nos sientan mal&#8230; El fechu de qu&#8217;haya daqu\u00e9 positivu, daqu\u00e9 que los lleve anque s\u00eda un minutu a un mundu d&#8217;ilusi\u00f3n y fantas\u00eda, yo creo que-yos apurre abondo. Y, g\u00fceyu, que yo soi bien cient\u00edficu: nun quiero dicir qu&#8217;esto vaiga faer que los ne\u00f1os c\u00farense nin que vaiga camudar el pron\u00f3sticu de la enfermed\u00e1, pero sigo piensu, y llevo casi venti a\u00f1os trabayando de pediatra, que l&#8217;ambiente positivo fai que&#8217;l ne\u00f1u, siquier, tea a gustu nel hospital.<\/p>\n<p style=\"text-align: center\">\n<!-- iframe plugin v.6.0 wordpress.org\/plugins\/iframe\/ -->\n<iframe loading=\"lazy\" src=\"https:\/\/www.facebook.com\/plugins\/video.php?height=308&#038;href=https%3A%2F%2Fwww.facebook.com%2Fsantiago.jimeneztrevino%2Fvideos%2F10216352309577037%2F&#038;show_text=true&#038;width=560\" width=\"560\" height=\"423\" style=\"border:none;overflow:hidden\" scrolling=\"no\" frameborder=\"0\" allowfullscreen=\"true\" allow=\"autoplay; clipboard-write; encrypted-media; picture-in-picture; web-share\" 0=\"\/iframe\" class=\"iframe-class\"><\/iframe>\n<\/p>\n<p><strong>-\u00bfY los compa\u00f1eros qu\u00e9-y dicen?<\/strong><\/p>\n<p>\u2013Hai de too (rises.) A la fin, y\u00e1 llevo en redol a ocho faci\u00e9ndolo, y la mayor\u00eda de los compa\u00f1eros y\u00e1 t\u00e1n acostumaos a que de xemes en cuando pase pell\u00ed Spider-Man. Los nuevos s\u00ed qu&#8217;alucinen cuando m&#8217;atopen. Polo xeneral, tol\u00e9renme y collaboren cola hestoria. Pero, sobremanera, les que m\u00e1s ayuden son les enfermeres y auxiliares: elles son les que me \u201cchivan\u201d_si hai un ne\u00f1u con c\u00f3mics o mo\u00f1ecos de Spider-Man, por que pase a visita-y.<\/p>\n<p><strong>-\u00bfCaltien la relaci\u00f3n coles families una vegada que termina&#8217;l tratamientu?<\/strong><\/p>\n<p>-S\u00ed, claro. Conoces a los ne\u00f1os y acabes implicando muncho con ellos y coles sos families. Ye lo guapo, cuando les coses van bien, pero tami\u00e9n lo malo cuando van mal. Porque lo lleves tou a casa, y dacuando ye duru. Pero creo que de verd\u00e1 ye positivu pa ellos: dixo esa moza de 13 a\u00f1os: <strong><em>\u201cFantas\u00eda, esto ye fantas\u00eda\u201d<\/em><\/strong>. Asina lo defini\u00f3.<\/p>\n<p><strong>-Da la sensaci\u00f3n de que nel mundu anglosax\u00f3n tienen m\u00e1s testaos esti tipu de refuerzos l\u00fadicos.<\/strong><\/p>\n<p>-S\u00ed. Yo tuvi unos meses rotando n&#8217;Inglaterra, cuando yera residente, y llam\u00f3me l&#8217;atenci\u00f3n que ten\u00eden un \u201cplay specialist\u201d, un especialista en xuegos. Yeren parte del sistema sanitariu, y equ\u00ed faenlo los voluntarios. Pero ye que n&#8217;Espa\u00f1a nun tenemos nin dietistas nel sistema hospitalariu. Con tou, hai que dicir que nos \u00faltimos a\u00f1os surdi\u00f3 un movimientu de humanizaci\u00f3n de los hospitales que creo que ye fundamental. Hai que pensar que va diez a\u00f1os nun se dexaba la presencia de los padres nes UCI pedi\u00e1triques, y agora s\u00ed. Esi ye&#8217;l cam\u00edn<\/p>\n<p><strong>-Toes estes iniciatives fren\u00e1ronse col covid, \u00bfnon?<\/strong><\/p>\n<p>-S\u00ed, y ye l\u00f3xicu. Nel HUCA, por casu, solo d\u00e9xase la presencia d&#8217;un familiar. \u00bfC\u00f3mo espliques que solo pueda venir el padre o la madre, y depu\u00e9s tean pell\u00ed los voluntarios? Ye daqu\u00e9 complic\u00e1u de remanar, anque yo he de dicir qu&#8217;echo de menos que vengan los voluntarios, sobremanera porque s\u00e9 qu&#8217;a los ne\u00f1os vien-yos perbi\u00e9n. S\u00eda que non, creo qu&#8217;adulces vamos aprendiendo del covid y ameyoren les coses, tami\u00e9n en relaci\u00f3n cola presencia de los familiares nel hospital.<\/p>\n<p><strong>-Dende la so esperiencia como *pediatra, \u00bfcree que ta ameyorando la situaci\u00f3n en relaci\u00f3n col *covid?<\/strong><\/p>\n<p>-En pediatr\u00eda tuvimos bien poco, porque los ne\u00f1os afectyos menos:_infecten menos, arimen menos y los que lo tienen pasen la enfermed\u00e1 con m\u00e1s lleved\u00e1. Nuna perspectiva m\u00e1s xeneral, n&#8217;Asturies creo que nun tuvimos primer fola, porque&#8217;l confinamientu fixo que nun tuvi\u00e9ramos apenes casos. La nuesa segunda fola, a partir d&#8217;ochobre, foi, en realid\u00e1, la primera, y foi dram\u00e1tica. Y dempu\u00e9s empecemos a tener daqu\u00e9 d&#8217;inmunid\u00e1 de grupu, colo que les andaes son menos brutales. Tengo compa\u00f1eros del Hospital de la Paz que me dic\u00eden que taben coles UCI al 70%, pero nun xub\u00eden nin baxaben d&#8217;esi porcentaxe, lo que dexa que&#8217;l sistema nun colapse. Que foi lo que pas\u00f3 en Madrid na primer fola o a n\u00f3s na segunda, que tuvimos a puntu del colapso total.<\/p>\n<p><strong>-\u00bfAquella teor\u00eda de que los ne\u00f1os son \u201csupercontagiadores\u201d ref\u00fagala?<\/strong><\/p>\n<p>-Yo fui, dende&#8217;l principiu, un gran defensor de que los ne\u00f1os nun son pa nada supercontagiadores. S\u00eda que non, va ser l&#8217;adolescente y l&#8217;adultu nuevu, como pasa con munchos otros virus: xente asintom\u00e1tica y con muncha vida social. Los ne\u00f1os infecten, pero muncho menos que los adultos. Nun hai m\u00e1s que mirar a los colexos, que, a \u00e9stes tan faciendolo perbi\u00e9n: yo pensaba qu&#8217;en dos o tr\u00e9s selmanes, n&#8217;empezando&#8217;l cursu, tar\u00edamos en \u201ctelecole\u201d, pero aguantemos el primer trimestre enteru ensin munchos confinamientos. Y hai otru beneficiu: en pediatr\u00eda sumi\u00e9ronnos el restu de virus. La selmana pasada ten\u00edamos na planta de pediatr\u00eda a unu o dos ne\u00f1os, cuando por estes mesmes feches, l&#8217;a\u00f1u pas\u00e1u, hab\u00eda trenta y picu, la mayor\u00eda por problemes respiratorios, como la bronquiolitis. Pasemos de ver a 150 guah.es n&#8217;urxencies a ente 30 y 40. Mid\u00edes como la llavadura de manos, el distanciamientu o&#8217;l m\u00e1zcaru faen que nun haya tresmisi\u00f3n de los otros virus.<\/p>\n<p style=\"text-align: center\">\n<!-- iframe plugin v.6.0 wordpress.org\/plugins\/iframe\/ -->\n<iframe loading=\"lazy\" src=\"https:\/\/www.facebook.com\/plugins\/video.php?height=476&#038;href=https%3A%2F%2Fwww.facebook.com%2Fsantiago.jimeneztrevino%2Fvideos%2F10222707087242507%2F&#038;show_text=true&#038;width=267\" width=\"267\" height=\"591\" style=\"border:none;overflow:hidden\" scrolling=\"no\" frameborder=\"0\" allowfullscreen=\"true\" allow=\"autoplay; clipboard-write; encrypted-media; picture-in-picture; web-share\" 0=\"\/iframe\" class=\"iframe-class\"><\/iframe>\n<\/p>\n<p style=\"text-align: center\"><a href=\"https:\/\/scontent.fmad7-1.fna.fbcdn.net\/v\/t1.0-9\/94345052_10221161771530580_7495488409998196736_n.jpg?_nc_cat=110&amp;ccb=2&amp;_nc_sid=8bfeb9&amp;_nc_ohc=Tys01vhtw3UAX_xf2bQ&amp;_nc_ht=scontent.fmad7-1.fna&amp;oh=7489e8f22cc2c9109a5d9787ff8bc9ec&amp;oe=6033D109\"><img loading=\"lazy\" decoding=\"async\" class=\"alignnone\" src=\"https:\/\/scontent.fmad7-1.fna.fbcdn.net\/v\/t1.0-9\/94345052_10221161771530580_7495488409998196736_n.jpg?_nc_cat=110&amp;ccb=2&amp;_nc_sid=8bfeb9&amp;_nc_ohc=Tys01vhtw3UAX_xf2bQ&amp;_nc_ht=scontent.fmad7-1.fna&amp;oh=7489e8f22cc2c9109a5d9787ff8bc9ec&amp;oe=6033D109\" alt=\"\" width=\"256\" height=\"256\" \/><\/a>\u00a0\/<a href=\"https:\/\/scontent.fmad7-1.fna.fbcdn.net\/v\/t31.0-8\/12239323_10207246452016289_2418050429426036428_o.jpg?_nc_cat=103&amp;ccb=2&amp;_nc_sid=174925&amp;_nc_ohc=pknTzUY4BDsAX_Agj5t&amp;_nc_ht=scontent.fmad7-1.fna&amp;oh=df0e3d1e9b1b50516532b7daa31bf147&amp;oe=603375D3\"><img loading=\"lazy\" decoding=\"async\" class=\"alignnone\" src=\"https:\/\/scontent.fmad7-1.fna.fbcdn.net\/v\/t31.0-8\/12239323_10207246452016289_2418050429426036428_o.jpg?_nc_cat=103&amp;ccb=2&amp;_nc_sid=174925&amp;_nc_ohc=pknTzUY4BDsAX_Agj5t&amp;_nc_ht=scontent.fmad7-1.fna&amp;oh=df0e3d1e9b1b50516532b7daa31bf147&amp;oe=603375D3\" alt=\"\" width=\"257\" height=\"257\" \/><\/a><\/p>\n<p><img loading=\"lazy\" decoding=\"async\" class=\"alignnone size-full\" src=\"https:\/\/scontent.fmad7-1.fna.fbcdn.net\/v\/t31.0-8\/13122826_10208598003084221_7024316678604256360_o.jpg?_nc_cat=103&amp;ccb=2&amp;_nc_sid=174925&amp;_nc_ohc=zmQWqXNmW3wAX9GxKs7&amp;_nc_ht=scontent.fmad7-1.fna&amp;oh=18d30d4bd4c7b318fa24136f6e5cda86&amp;oe=6032453C\" width=\"1207\" height=\"1199\" \/><\/p>\n","protected":false},"excerpt":{"rendered":"<p>Santiago, el pediatra uvie\u00edn que se convierte en Spider-Man: \u201cPara un ne\u00f1u, l&#8217;hospital ye un sitiu inh\u00f3spito y agresivu; daqu\u00e9 de fantas\u00eda beneficia-y\u00bb. Noticia LNE (Francu Torre) Ver videu \u00abQu&#8217;un superh\u00e9roe visite a un guah.e nun va faer que camude&#8217;l pron\u00f3sticu de la so enfermed\u00e1, pero s\u00ed va faer que siquier tea a gustu mientres [&hellip;]<\/p>\n","protected":false},"author":117,"featured_media":0,"comment_status":"open","ping_status":"open","sticky":false,"template":"","format":"standard","meta":{"footnotes":""},"categories":[1],"tags":[],"class_list":["post-3203","post","type-post","status-publish","format-standard","hentry","category-sin-categoria"],"_links":{"self":[{"href":"https:\/\/edublog.educastur.es\/ixuxu\/wp-json\/wp\/v2\/posts\/3203","targetHints":{"allow":["GET"]}}],"collection":[{"href":"https:\/\/edublog.educastur.es\/ixuxu\/wp-json\/wp\/v2\/posts"}],"about":[{"href":"https:\/\/edublog.educastur.es\/ixuxu\/wp-json\/wp\/v2\/types\/post"}],"author":[{"embeddable":true,"href":"https:\/\/edublog.educastur.es\/ixuxu\/wp-json\/wp\/v2\/users\/117"}],"replies":[{"embeddable":true,"href":"https:\/\/edublog.educastur.es\/ixuxu\/wp-json\/wp\/v2\/comments?post=3203"}],"version-history":[{"count":8,"href":"https:\/\/edublog.educastur.es\/ixuxu\/wp-json\/wp\/v2\/posts\/3203\/revisions"}],"predecessor-version":[{"id":3211,"href":"https:\/\/edublog.educastur.es\/ixuxu\/wp-json\/wp\/v2\/posts\/3203\/revisions\/3211"}],"wp:attachment":[{"href":"https:\/\/edublog.educastur.es\/ixuxu\/wp-json\/wp\/v2\/media?parent=3203"}],"wp:term":[{"taxonomy":"category","embeddable":true,"href":"https:\/\/edublog.educastur.es\/ixuxu\/wp-json\/wp\/v2\/categories?post=3203"},{"taxonomy":"post_tag","embeddable":true,"href":"https:\/\/edublog.educastur.es\/ixuxu\/wp-json\/wp\/v2\/tags?post=3203"}],"curies":[{"name":"wp","href":"https:\/\/api.w.org\/{rel}","templated":true}]}}