{"id":32076,"date":"2024-09-04T09:00:44","date_gmt":"2024-09-04T07:00:44","guid":{"rendered":"https:\/\/edublog.educastur.es\/ixuxu\/?p=32076"},"modified":"2024-09-30T21:55:37","modified_gmt":"2024-09-30T19:55:37","slug":"dia-mundial-de-los-animales-3","status":"publish","type":"post","link":"https:\/\/edublog.educastur.es\/ixuxu\/2024\/09\/dia-mundial-de-los-animales-3\/","title":{"rendered":"D\u00eda Mundial de los Animales"},"content":{"rendered":"<p style=\"text-align: center\"><a href=\"https:\/\/enfoquenoticias.com.mx\/wp-content\/uploads\/2023\/10\/ANIMALEEEEEEESSSSSSS.png\"><img loading=\"lazy\" decoding=\"async\" class=\"aligncenter \" src=\"https:\/\/enfoquenoticias.com.mx\/wp-content\/uploads\/2023\/10\/ANIMALEEEEEEESSSSSSS.png\" width=\"583\" height=\"514\" \/><\/a><\/p>\n<p>Una fecha promovida pola Organizaci\u00f3n Mundial de Protecci\u00f3n Animal, coles mires de frenar la estinci\u00f3n de munches especies. Celebrose por primer vegada en Berl\u00edn (Alema\u00f1a) en 1925. Escoy\u00f3se esti d\u00eda en particular por coincidir col santu de los animales <strong>San Francisco d&#8217;As\u00eds<\/strong>, qui\u00e9n en vida considero que tolos seres qu&#8217;habitamos la tierra somos criatures de Dios.<\/p>\n<p><!--more--><\/p>\n<p>Nel a\u00f1u 1980 el Papa Juan Pablo II, declar\u00f3 a San Francisco d&#8217;As\u00eds patronu de los animales, acci\u00f3n que populariz\u00f3 la celebraci\u00f3n d&#8217;esti d\u00eda, porque cada a\u00f1u, millones de cat\u00f3licos rex\u00fantense xuntu coles sos mascotes nes ilesies por que estes reciban la Bendici\u00f3n de les Mascotes.<\/p>\n<p style=\"text-align: center\"><a href=\"https:\/\/imgcom.masterd.es\/12\/blog\/2017\/10\/38330.jpg\"><img loading=\"lazy\" decoding=\"async\" class=\"aligncenter size-full\" src=\"https:\/\/imgcom.masterd.es\/12\/blog\/2017\/10\/38330.jpg\" width=\"800\" height=\"500\" \/><\/a><\/p>\n<p>All\u00e1 pel a\u00f1u 1200, cuando San Francisco d&#8217;As\u00eds yera malapenes un rapazu, \u00e9l dixo \u00abque tenemos d&#8217;entender cu\u00e1l ye&#8217;l nuesu llugar na Tierra, una y bones el nuesu bienestar ta conect\u00e1u al bienestar de tolos animales y el mediu ambiente\u00bb.<\/p>\n<p>Les sos palabres, nun fueron entend\u00edes pa nada naquella d\u00f3mina, pero angua\u00f1o tolos seres humanos sabemos a ciencia cierta, cuan sabia y premonitoria, foi aquella frase.<\/p>\n<p>San Francisco de Garr\u00e1is ye&#8217;l patr\u00f3n de los Animales<\/p>\n<p>La intenci\u00f3n de celebrar el D\u00eda Mundial de los Animales, ye <strong>recordanos que, anque somos la especie m\u00e1s evolucionada, eso nun-y quita los derechos y protecci\u00f3n al restu de los animales del planeta.<\/strong><\/p>\n<p>Porque toos formamos parte d&#8217;una cadena conocida como&#8217;l ciclu de la vida, y la destrucci\u00f3n de cualquier especie xenera grandes estragos na naturaleza.<\/p>\n<p style=\"text-align: center\">\n<!-- iframe plugin v.6.0 wordpress.org\/plugins\/iframe\/ -->\n<iframe loading=\"lazy\" width=\"665\" height=\"374\" src=\"https:\/\/www.youtube.com\/embed\/GorsAoXNrSo\" title=\"Dia mundial de los animales 2018 - 4 de octubre\" frameborder=\"0\" allow=\"accelerometer; autoplay; clipboard-write; encrypted-media; gyroscope; picture-in-picture; web-share\" referrerpolicy=\"strict-origin-when-cross-origin\" 0=\"allowfullscreen\" 1=\"\/iframe\" scrolling=\"yes\" class=\"iframe-class\"><\/iframe>\n<\/p>\n","protected":false},"excerpt":{"rendered":"<p>Una fecha promovida pola Organizaci\u00f3n Mundial de Protecci\u00f3n Animal, coles mires de frenar la estinci\u00f3n de munches especies. Celebrose por primer vegada en Berl\u00edn (Alema\u00f1a) en 1925. Escoy\u00f3se esti d\u00eda en particular por coincidir col santu de los animales San Francisco d&#8217;As\u00eds, qui\u00e9n en vida considero que tolos seres qu&#8217;habitamos la tierra somos criatures de [&hellip;]<\/p>\n","protected":false},"author":117,"featured_media":0,"comment_status":"open","ping_status":"open","sticky":false,"template":"","format":"standard","meta":{"footnotes":""},"categories":[6],"tags":[],"class_list":["post-32076","post","type-post","status-publish","format-standard","hentry","category-dia-de"],"_links":{"self":[{"href":"https:\/\/edublog.educastur.es\/ixuxu\/wp-json\/wp\/v2\/posts\/32076","targetHints":{"allow":["GET"]}}],"collection":[{"href":"https:\/\/edublog.educastur.es\/ixuxu\/wp-json\/wp\/v2\/posts"}],"about":[{"href":"https:\/\/edublog.educastur.es\/ixuxu\/wp-json\/wp\/v2\/types\/post"}],"author":[{"embeddable":true,"href":"https:\/\/edublog.educastur.es\/ixuxu\/wp-json\/wp\/v2\/users\/117"}],"replies":[{"embeddable":true,"href":"https:\/\/edublog.educastur.es\/ixuxu\/wp-json\/wp\/v2\/comments?post=32076"}],"version-history":[{"count":4,"href":"https:\/\/edublog.educastur.es\/ixuxu\/wp-json\/wp\/v2\/posts\/32076\/revisions"}],"predecessor-version":[{"id":32080,"href":"https:\/\/edublog.educastur.es\/ixuxu\/wp-json\/wp\/v2\/posts\/32076\/revisions\/32080"}],"wp:attachment":[{"href":"https:\/\/edublog.educastur.es\/ixuxu\/wp-json\/wp\/v2\/media?parent=32076"}],"wp:term":[{"taxonomy":"category","embeddable":true,"href":"https:\/\/edublog.educastur.es\/ixuxu\/wp-json\/wp\/v2\/categories?post=32076"},{"taxonomy":"post_tag","embeddable":true,"href":"https:\/\/edublog.educastur.es\/ixuxu\/wp-json\/wp\/v2\/tags?post=32076"}],"curies":[{"name":"wp","href":"https:\/\/api.w.org\/{rel}","templated":true}]}}