{"id":3212,"date":"2021-01-21T01:43:11","date_gmt":"2021-01-20T23:43:11","guid":{"rendered":"https:\/\/edublog.educastur.es\/ixuxu\/?p=3212"},"modified":"2021-01-29T20:41:11","modified_gmt":"2021-01-29T18:41:11","slug":"naz-una-cebra-con-puntos-nuna-reserva-dafrica","status":"publish","type":"post","link":"https:\/\/edublog.educastur.es\/ixuxu\/2021\/01\/naz-una-cebra-con-puntos-nuna-reserva-dafrica\/","title":{"rendered":"Naz una cebra con puntos n&#8217;una reserva d&#8217;\u00c1frica"},"content":{"rendered":"<p style=\"text-align: center\"><img loading=\"lazy\" decoding=\"async\" class=\"alignnone \" src=\"https:\/\/www.ngenespanol.com\/wp-content\/uploads\/2018\/08\/ng-logo-hor-a.png\" width=\"210\" height=\"70\" \/><\/p>\n<p><em>Un gu\u00eda afay\u00f3 una cr\u00eda de cebra con puntos, mutada xen\u00e9ticamente, \u00fanica na <a href=\"https:\/\/es.wikipedia.org\/wiki\/Mas%C3%A1i_Mara\"><strong>Reserva Nacional Mas\u00e1i Mara<\/strong> <\/a>y nomada de la mesma manera qu&#8217;el so apell\u00edu: <span style=\"color: #008080\"><strong>Tira.<\/strong><\/span><\/em><\/p>\n<p style=\"text-align: center\"><a href=\"https:\/\/scontent.fmad7-1.fna.fbcdn.net\/v\/t1.0-9\/70465304_2298978593750226_1240625179172798464_n.jpg?_nc_cat=102&amp;ccb=2&amp;_nc_sid=a26aad&amp;_nc_ohc=bXhpAvpVbp0AX_Fq5HC&amp;_nc_ht=scontent.fmad7-1.fna&amp;oh=ee2f40e77219c1a33f63d8aa660c7ba6&amp;oe=60344B9A\"><img loading=\"lazy\" decoding=\"async\" class=\"aligncenter\" src=\"https:\/\/scontent.fmad7-1.fna.fbcdn.net\/v\/t1.0-9\/70465304_2298978593750226_1240625179172798464_n.jpg?_nc_cat=102&amp;ccb=2&amp;_nc_sid=a26aad&amp;_nc_ohc=bXhpAvpVbp0AX_Fq5HC&amp;_nc_ht=scontent.fmad7-1.fna&amp;oh=ee2f40e77219c1a33f63d8aa660c7ba6&amp;oe=60344B9A\" alt=\"\" width=\"741\" height=\"732\" \/><\/a><\/p>\n<ul>\n<li><em><a href=\"https:\/\/www.ngenespanol.com\/animales\/nace-una-cebra-con-puntos-en-una-reserva-de-africa\/amp\/?fbclid=IwAR0am164iXUB5T-FrPkxlTnNow0XLROTUcy-Jna4vVwFmPDHyMNSijJXWR8\">Art\u00edculu National Geographic en Espa\u00f1ol<\/a><\/em><\/li>\n<li><a href=\"https:\/\/www.facebook.com\/thewildestafrica\/posts\/2298978870416865\">Facebook<\/a><\/li>\n<li><span class=\"text_exposed_show\"> Semeya: @frankliuphotography @ Maasai Mara National Reserve<\/span><\/li>\n<li><a href=\"https:\/\/www.ngenespanol.com\/animales\/esta-es-la-explicacion-cientifica-de-por-que-las-cebras-tienen-rayas\/?fbclid=IwAR3wZa4nHcR7xZZLSyvd6VCYtVjMJpi9pfa7wJ-xDS3kRBjBeAnoWFpiTgA\">Esplicaci\u00f3n cient\u00edfica de por qu\u00e9 les cebres tienen rayes<\/a><\/li>\n<\/ul>\n<p><!--more--><\/p>\n<p>\u00a1Esta ma\u00f1ana fuimos unu de los primeres en visitar Tira! Va unos a\u00f1os hubo un casu similar, sicas\u00ed, esa cebra inda calten\u00eda les rayes y la cola en forma de cepiyu.<strong> <em>\u00a1Tira, sicas\u00ed, tien patrones qu&#8217;apaecen como llunares!<\/em><\/strong> <em>\u00a1Espero que los espertos analicen esti casu y compartan dellos descubrimientos interesantes puestu!<\/em>\u201d, rellata na so cuenta oficial de Facebook <em><strong><span style=\"color: #008080\"><a style=\"color: #008080\" href=\"https:\/\/www.facebook.com\/thewildestafrica\/\">Wildest Africa<\/a><\/span><\/strong><\/em>.<\/p>\n<p>El curiosu exemplar foi repar\u00e1u per primer vegada&#8217;l s\u00e1badu 14 de setiembre. Am\u00e1s, ye marr\u00f3n con puntos blancos. La reserva ta allugada en Que\u00f1a, \u00c1frica.<\/p>\n<p style=\"text-align: center\"><a href=\"https:\/\/scontent.fmad7-1.fna.fbcdn.net\/v\/t1.0-9\/70260766_2298978800416872_3835341658581368832_n.jpg?_nc_cat=107&amp;ccb=2&amp;_nc_sid=a26aad&amp;_nc_ohc=fz9RAH9D5KgAX-mGs-9&amp;_nc_ht=scontent.fmad7-1.fna&amp;oh=544b5d3a052ddec9c2c546c91cdbd9d2&amp;oe=60354119\"><img loading=\"lazy\" decoding=\"async\" class=\"alignnone\" src=\"https:\/\/scontent.fmad7-1.fna.fbcdn.net\/v\/t1.0-9\/70260766_2298978800416872_3835341658581368832_n.jpg?_nc_cat=107&amp;ccb=2&amp;_nc_sid=a26aad&amp;_nc_ohc=fz9RAH9D5KgAX-mGs-9&amp;_nc_ht=scontent.fmad7-1.fna&amp;oh=544b5d3a052ddec9c2c546c91cdbd9d2&amp;oe=60354119\" alt=\"\" width=\"742\" height=\"734\" \/><\/a><\/p>\n<p>Tira , la cebra con puntos, integr\u00f3se abondo bien na menada.<\/p>\n<p>A pesar de la so peculiar apariencia, Tira nun foi refugada polos sos proxenitores, quien caltuvieron a la cr\u00eda dientro de la menada. Como apunta Emilie Poudroux, gu\u00eda de viaxes de Kananga, quien tuvo la oportunid\u00e1 de reparala en directu, <em>\u201cnun not\u00e9 neng\u00fan comportamientu distintu o estra\u00f1u. Nun repar\u00e9 tampoco neng\u00fan refugu per parte del grupu; paec\u00eda bien integrada, nun grupu grande de cebres y \u00f1os, yera como una m\u00e1s\u201d<\/em> esplic\u00f3 a National Geographic Espa\u00f1a al travi\u00e9s d&#8217;un corr\u00e9u electr\u00f3nicu.<\/p>\n<p><em>\u201c\u00a1Ye la primer vegada que veo daqu\u00e9 asina, ye bien emocionante!\u201d<\/em> concl\u00fai.<\/p>\n<p>Equ\u00ed amos\u00e9mos-yos un video d&#8217;esta cebra con puntos de piel marr\u00f3n:<\/p>\n<p>Loading video<br \/>\n<strong>\u00bfTienen dalguna funci\u00f3n les rayes de les cebres?<\/strong><\/p>\n<p>Nel estudiu, public\u00e1u en <a href=\"https:\/\/es.wikipedia.org\/wiki\/Journal_of_Natural_History\"><strong>Journal of Natural History<\/strong><\/a>, los autores esplicaron que<strong> les rayes s\u00edrven-yos a les cebres para sudar y faer que la so temperatura baxe<\/strong>. Y\u00e1 que, afayaron qu&#8217;hab\u00eda una diferencia de 12 a 15 \u00b0 C ente la temperatura de les rayes blanques y negres en dos cebres, a lo llargo de distintos d\u00edes soleyeros en Que\u00f1a. Polo que, la <strong>funci\u00f3n principal de les franxes puede ser la termorregulaci\u00f3n.<\/strong><\/p>\n<p>Per otru llau, otru estudiu, public\u00e1u na revista cient\u00edfica Journal of Esperimental Biology, revela qu&#8217;en realid\u00e1 se <strong>protexen de les mosques o tabanes.<\/strong> Y\u00e1 que, estos insectos si\u00e9ntense atra\u00edos pola lluz polarizada, cuidao que ye similar a la que se reflexa na agua, onde ponen los sos g\u00fcevos. Nos caballos, por casu, la pelame negra reflexa esta lluz meyor que los marrones o los blancos. Esto esplicalo Susanne Akesson, de la Universid\u00e1 de Lund y miembru del equipu internacional d&#8217;investigadores que realiz\u00f3 l&#8217;estudiu. Ye por esta raz\u00f3n que los cient\u00edficos concluyeron que<strong> les rayes fadr\u00eden a les cebres menos curioses pa los tabanes.<\/strong><\/p>\n<p>Semeya: Getty Images<\/p>\n<p>Con informaci\u00f3n de: National Geographic Espa\u00f1a, BBC, Journal of Natural History, Journal of Esperimental Biology y Wildest Africa.<\/p>\n","protected":false},"excerpt":{"rendered":"<p>Un gu\u00eda afay\u00f3 una cr\u00eda de cebra con puntos, mutada xen\u00e9ticamente, \u00fanica na Reserva Nacional Mas\u00e1i Mara y nomada de la mesma manera qu&#8217;el so apell\u00edu: Tira. Art\u00edculu National Geographic en Espa\u00f1ol Facebook Semeya: @frankliuphotography @ Maasai Mara National Reserve Esplicaci\u00f3n cient\u00edfica de por qu\u00e9 les cebres tienen rayes<\/p>\n","protected":false},"author":117,"featured_media":0,"comment_status":"open","ping_status":"open","sticky":false,"template":"","format":"standard","meta":{"footnotes":""},"categories":[4,1],"tags":[],"class_list":["post-3212","post","type-post","status-publish","format-standard","hentry","category-natura","category-sin-categoria"],"_links":{"self":[{"href":"https:\/\/edublog.educastur.es\/ixuxu\/wp-json\/wp\/v2\/posts\/3212","targetHints":{"allow":["GET"]}}],"collection":[{"href":"https:\/\/edublog.educastur.es\/ixuxu\/wp-json\/wp\/v2\/posts"}],"about":[{"href":"https:\/\/edublog.educastur.es\/ixuxu\/wp-json\/wp\/v2\/types\/post"}],"author":[{"embeddable":true,"href":"https:\/\/edublog.educastur.es\/ixuxu\/wp-json\/wp\/v2\/users\/117"}],"replies":[{"embeddable":true,"href":"https:\/\/edublog.educastur.es\/ixuxu\/wp-json\/wp\/v2\/comments?post=3212"}],"version-history":[{"count":8,"href":"https:\/\/edublog.educastur.es\/ixuxu\/wp-json\/wp\/v2\/posts\/3212\/revisions"}],"predecessor-version":[{"id":3364,"href":"https:\/\/edublog.educastur.es\/ixuxu\/wp-json\/wp\/v2\/posts\/3212\/revisions\/3364"}],"wp:attachment":[{"href":"https:\/\/edublog.educastur.es\/ixuxu\/wp-json\/wp\/v2\/media?parent=3212"}],"wp:term":[{"taxonomy":"category","embeddable":true,"href":"https:\/\/edublog.educastur.es\/ixuxu\/wp-json\/wp\/v2\/categories?post=3212"},{"taxonomy":"post_tag","embeddable":true,"href":"https:\/\/edublog.educastur.es\/ixuxu\/wp-json\/wp\/v2\/tags?post=3212"}],"curies":[{"name":"wp","href":"https:\/\/api.w.org\/{rel}","templated":true}]}}