{"id":32438,"date":"2024-10-08T11:47:16","date_gmt":"2024-10-08T09:47:16","guid":{"rendered":"https:\/\/edublog.educastur.es\/ixuxu\/?p=32438"},"modified":"2024-10-08T11:47:24","modified_gmt":"2024-10-08T09:47:24","slug":"selmana-mundial-del-espaciu-del-4-al-10-dochobre","status":"publish","type":"post","link":"https:\/\/edublog.educastur.es\/ixuxu\/2024\/10\/selmana-mundial-del-espaciu-del-4-al-10-dochobre\/","title":{"rendered":"Selmana Mundial del Espaciu, del 4 al 10 d&#8217;ochobre"},"content":{"rendered":"<blockquote><p><em><span style=\"color: #008080\"><strong> \u00abSomos polvu d&#8217;estrelles cavilgando sobro estrelles\u00bb<\/strong><\/span><\/em>. Carl Sagan.<\/p><\/blockquote>\n<p style=\"text-align: center\"><a href=\"https:\/\/encrypted-tbn0.gstatic.com\/images?q=tbn:ANd9GcT3kbSGNZoF9mQCK596Kautkau78aj9YvVS0g&amp;s\"><img loading=\"lazy\" decoding=\"async\" class=\"aligncenter size-full\" src=\"https:\/\/encrypted-tbn0.gstatic.com\/images?q=tbn:ANd9GcT3kbSGNZoF9mQCK596Kautkau78aj9YvVS0g&amp;s\" width=\"374\" height=\"135\" \/><\/a><\/p>\n<p>? La <strong>Selmana Mundial del Espaciu<\/strong> ta destinada a celebrar cada a\u00f1u les contribuciones de la ciencia y la tecnolox\u00eda espaciales al meyoramientu de la condici\u00f3n humana. La tema de la Selmana Mundial del Espaciu 2024 ye <span style=\"color: #008080\"><em><strong>\u00abL&#8217;espaciu y el camb\u00e9u clim\u00e1ticu\u00bb.<\/strong><\/em><\/span><\/p>\n<ul>\n<li>Fonte:<a href=\"https:\/\/www.un.org\/es\/observances\/world-space-week\"> UN<\/a> \/<\/li>\n<\/ul>\n","protected":false},"excerpt":{"rendered":"<p>\u00abSomos polvu d&#8217;estrelles cavilgando sobro estrelles\u00bb. Carl Sagan. ? La Selmana Mundial del Espaciu ta destinada a celebrar cada a\u00f1u les contribuciones de la ciencia y la tecnolox\u00eda espaciales al meyoramientu de la condici\u00f3n humana. La tema de la Selmana Mundial del Espaciu 2024 ye \u00abL&#8217;espaciu y el camb\u00e9u clim\u00e1ticu\u00bb. Fonte: UN \/<\/p>\n","protected":false},"author":117,"featured_media":0,"comment_status":"open","ping_status":"open","sticky":false,"template":"","format":"standard","meta":{"footnotes":""},"categories":[144],"tags":[],"class_list":["post-32438","post","type-post","status-publish","format-standard","hentry","category-semana-de"],"_links":{"self":[{"href":"https:\/\/edublog.educastur.es\/ixuxu\/wp-json\/wp\/v2\/posts\/32438","targetHints":{"allow":["GET"]}}],"collection":[{"href":"https:\/\/edublog.educastur.es\/ixuxu\/wp-json\/wp\/v2\/posts"}],"about":[{"href":"https:\/\/edublog.educastur.es\/ixuxu\/wp-json\/wp\/v2\/types\/post"}],"author":[{"embeddable":true,"href":"https:\/\/edublog.educastur.es\/ixuxu\/wp-json\/wp\/v2\/users\/117"}],"replies":[{"embeddable":true,"href":"https:\/\/edublog.educastur.es\/ixuxu\/wp-json\/wp\/v2\/comments?post=32438"}],"version-history":[{"count":1,"href":"https:\/\/edublog.educastur.es\/ixuxu\/wp-json\/wp\/v2\/posts\/32438\/revisions"}],"predecessor-version":[{"id":32439,"href":"https:\/\/edublog.educastur.es\/ixuxu\/wp-json\/wp\/v2\/posts\/32438\/revisions\/32439"}],"wp:attachment":[{"href":"https:\/\/edublog.educastur.es\/ixuxu\/wp-json\/wp\/v2\/media?parent=32438"}],"wp:term":[{"taxonomy":"category","embeddable":true,"href":"https:\/\/edublog.educastur.es\/ixuxu\/wp-json\/wp\/v2\/categories?post=32438"},{"taxonomy":"post_tag","embeddable":true,"href":"https:\/\/edublog.educastur.es\/ixuxu\/wp-json\/wp\/v2\/tags?post=32438"}],"curies":[{"name":"wp","href":"https:\/\/api.w.org\/{rel}","templated":true}]}}