{"id":32456,"date":"2024-08-09T20:15:55","date_gmt":"2024-08-09T18:15:55","guid":{"rendered":"https:\/\/edublog.educastur.es\/ixuxu\/?p=32456"},"modified":"2024-10-09T12:13:31","modified_gmt":"2024-10-09T10:13:31","slug":"inauguracion-del-miradoriu-del-fitu-caravia-parres-el-28-dagosto-de-1927","status":"publish","type":"post","link":"https:\/\/edublog.educastur.es\/ixuxu\/2024\/08\/inauguracion-del-miradoriu-del-fitu-caravia-parres-el-28-dagosto-de-1927\/","title":{"rendered":"Inauguraci\u00f3n del miradoriu d&#8217;El Fitu el 28 d&#8217;agostu de 1927."},"content":{"rendered":"<div class=\"html-div xdj266r x11i5rnm xat24cr x1mh8g0r xexx8yu x4uap5 x18d9i69 xkhd6sd\">\n<div class=\"x78zum5 xdt5ytf xz62fqu x16ldp7u\">\n<div class=\"xu06os2 x1ok221b\">\n<ul>\n<li class=\"html-h3 x11i5rnm xat24cr x1mh8g0r xexx8yu x4uap5 x18d9i69 xkhd6sd x1vvkbs x1heor9g x1qlqyl8 x1pd3egz x1a2a7pz x1gslohp x1yc453h\"><span class=\"x1lliihq x6ikm8r x10wlt62 x1n2onr6\"><span class=\"xt0psk2\"><a class=\"x1i10hfl xjbqb8w x1ejq31n xd10rxx x1sy0etr x17r0tee x972fbf xcfux6l x1qhh985 xm0m39n x9f619 x1ypdohk xt0psk2 xe8uvvx xdj266r x11i5rnm xat24cr x1mh8g0r xexx8yu x4uap5 x18d9i69 xkhd6sd x16tdsg8 x1hl2dhg xggy1nq x1a2a7pz x1sur9pj xkrqix3 xzsf02u x1s688f\" role=\"link\" href=\"https:\/\/www.facebook.com\/serasturianu?__cft__[0]=AZXbZl0HKkQzxc32wIq2TxhwNk0KihtIMrrBbFJbhk9J37rMd2LzH_NwS9Lm_yK4v3DvNwySMNziYoTTPmvemo9SvqOHqnmhJRKsUpABGzcfitwHGYZhDinCmtHRw47He22jNu1f5nBR7gSqTNCuC1ZoBUTEaBtsYfOvag_nX95QUGpRqK2SpA44hHN61ic7oP7V7aGFFC0Oi7ISIj-IQA6uljtmBXLz1mEvkmAcLvtYeg&amp;__tn__=-UC%2CP-y-R\"><strong class=\"html-strong xdj266r x11i5rnm xat24cr x1mh8g0r xexx8yu x4uap5 x18d9i69 xkhd6sd x1hl2dhg x16tdsg8 x1vvkbs x1s688f\"><span class=\"html-span xdj266r x11i5rnm xat24cr x1mh8g0r xexx8yu x4uap5 x18d9i69 xkhd6sd x1hl2dhg x16tdsg8 x1vvkbs\">Ser Asturianu<\/span><\/strong><\/a><\/span><\/span><span class=\"html-span xdj266r x11i5rnm xat24cr x1mh8g0r xexx8yu x4uap5 x18d9i69 xkhd6sd x1hl2dhg x16tdsg8 x1vvkbs\"><span class=\"html-span xdj266r x11i5rnm xat24cr x1mh8g0r xexx8yu x4uap5 x18d9i69 xkhd6sd x1hl2dhg x16tdsg8 x1vvkbs\"><span aria-hidden=\"true\">\/ <a href=\"https:\/\/www.facebook.com\/photo\/?fbid=857902922988542&amp;set=a.613224710789699\">Imaxe \/\u00a0 <\/a><\/span><\/span><\/span><span class=\"html-span xexx8yu x4uap5 x18d9i69 xkhd6sd x1hl2dhg x16tdsg8 x1vvkbs x3nfvp2 x1j61x8r x1fcty0u xdj266r xat24cr xgzva0m xhhsvwb xxymvpz xlup9mm x1kky2od\"><img loading=\"lazy\" decoding=\"async\" class=\"xz74otr\" src=\"https:\/\/static.xx.fbcdn.net\/images\/emoji.php\/v9\/tde\/1\/16\/1f4f8.png\" alt=\"?\" width=\"16\" height=\"16\" \/><\/span> Joaqu\u00edn Garc\u00eda Cuesta\/ <span class=\"html-span xdj266r x11i5rnm xat24cr x1mh8g0r xexx8yu x4uap5 x18d9i69 xkhd6sd x1hl2dhg x16tdsg8 x1vvkbs\"><a class=\"x1i10hfl xjbqb8w x1ejq31n xd10rxx x1sy0etr x17r0tee x972fbf xcfux6l x1qhh985 xm0m39n x9f619 x1ypdohk xt0psk2 xe8uvvx xdj266r x11i5rnm xat24cr x1mh8g0r xexx8yu x4uap5 x18d9i69 xkhd6sd x16tdsg8 x1hl2dhg xggy1nq x1a2a7pz x1sur9pj xkrqix3 x1fey0fg x1s688f\" role=\"link\" href=\"https:\/\/www.facebook.com\/hashtag\/memoriaasturiana?__eep__=6&amp;__cft__[0]=AZXbZl0HKkQzxc32wIq2TxhwNk0KihtIMrrBbFJbhk9J37rMd2LzH_NwS9Lm_yK4v3DvNwySMNziYoTTPmvemo9SvqOHqnmhJRKsUpABGzcfitwHGYZhDinCmtHRw47He22jNu1f5nBR7gSqTNCuC1ZoBUTEaBtsYfOvag_nX95QUGpRqK2SpA44hHN61ic7oP7V7aGFFC0Oi7ISIj-IQA6uljtmBXLz1mEvkmAcLvtYeg&amp;__tn__=*NK-y-R\">#MemoriaAsturiana<\/a><\/span><span class=\"html-span xdj266r x11i5rnm xat24cr x1mh8g0r xexx8yu x4uap5 x18d9i69 xkhd6sd x1hl2dhg x16tdsg8 x1vvkbs\"><span aria-hidden=\"true\"><br \/>\n<\/span><\/span><\/p>\n<div dir=\"auto\">Inauguraci\u00f3n del miradoriu d&#8217;El Fitu (<span class=\"html-span xdj266r x11i5rnm xat24cr x1mh8g0r xexx8yu x4uap5 x18d9i69 xkhd6sd x1hl2dhg x16tdsg8 x1vvkbs\"><a class=\"x1i10hfl xjbqb8w x1ejq31n xd10rxx x1sy0etr x17r0tee x972fbf xcfux6l x1qhh985 xm0m39n x9f619 x1ypdohk xt0psk2 xe8uvvx xdj266r x11i5rnm xat24cr x1mh8g0r xexx8yu x4uap5 x18d9i69 xkhd6sd x16tdsg8 x1hl2dhg xggy1nq x1a2a7pz x1sur9pj xkrqix3 x1fey0fg x1s688f\" role=\"link\" href=\"https:\/\/www.facebook.com\/hashtag\/caravia?__eep__=6&amp;__cft__[0]=AZXbZl0HKkQzxc32wIq2TxhwNk0KihtIMrrBbFJbhk9J37rMd2LzH_NwS9Lm_yK4v3DvNwySMNziYoTTPmvemo9SvqOHqnmhJRKsUpABGzcfitwHGYZhDinCmtHRw47He22jNu1f5nBR7gSqTNCuC1ZoBUTEaBtsYfOvag_nX95QUGpRqK2SpA44hHN61ic7oP7V7aGFFC0Oi7ISIj-IQA6uljtmBXLz1mEvkmAcLvtYeg&amp;__tn__=*NK-y-R\">#Caravia<\/a><\/span> &#8211; <span class=\"html-span xdj266r x11i5rnm xat24cr x1mh8g0r xexx8yu x4uap5 x18d9i69 xkhd6sd x1hl2dhg x16tdsg8 x1vvkbs\"><a class=\"x1i10hfl xjbqb8w x1ejq31n xd10rxx x1sy0etr x17r0tee x972fbf xcfux6l x1qhh985 xm0m39n x9f619 x1ypdohk xt0psk2 xe8uvvx xdj266r x11i5rnm xat24cr x1mh8g0r xexx8yu x4uap5 x18d9i69 xkhd6sd x16tdsg8 x1hl2dhg xggy1nq x1a2a7pz x1sur9pj xkrqix3 x1fey0fg x1s688f\" role=\"link\" href=\"https:\/\/www.facebook.com\/hashtag\/parres?__eep__=6&amp;__cft__[0]=AZXbZl0HKkQzxc32wIq2TxhwNk0KihtIMrrBbFJbhk9J37rMd2LzH_NwS9Lm_yK4v3DvNwySMNziYoTTPmvemo9SvqOHqnmhJRKsUpABGzcfitwHGYZhDinCmtHRw47He22jNu1f5nBR7gSqTNCuC1ZoBUTEaBtsYfOvag_nX95QUGpRqK2SpA44hHN61ic7oP7V7aGFFC0Oi7ISIj-IQA6uljtmBXLz1mEvkmAcLvtYeg&amp;__tn__=*NK-y-R\">#Parres<\/a><\/span>), el 28 d&#8217;agosto de 1927.<\/div>\n<\/li>\n<\/ul>\n<p style=\"text-align: center\">\n<!-- iframe plugin v.6.0 wordpress.org\/plugins\/iframe\/ -->\n<iframe loading=\"lazy\" src=\"https:\/\/www.facebook.com\/plugins\/post.php?href=https%3A%2F%2Fwww.facebook.com%2Fserasturianu%2Fposts%2Fpfbid0KkJHxRnUsArrgzSR24GfhFEwSaZC7ZDUkzgBGESyNWfsbWorMj9PfyY6DA8mxjM4l&#038;show_text=false&#038;width=500\" width=\"500\" height=\"356\" style=\"border:none;overflow:hidden\" scrolling=\"no\" frameborder=\"0\" allowfullscreen=\"true\" allow=\"autoplay; clipboard-write; encrypted-media; picture-in-picture; web-share\" 0=\"\/iframe\" class=\"iframe-class\"><\/iframe>\n<\/p>\n<p>&nbsp;<\/p>\n<\/div>\n<\/div>\n<\/div>\n<p><!--more--><\/p>\n<div class=\"html-div xdj266r x11i5rnm xat24cr x1mh8g0r xexx8yu x4uap5 x18d9i69 xkhd6sd\" dir=\"auto\">\n<div class=\"html-div xdj266r x11i5rnm xat24cr x1mh8g0r xexx8yu x4uap5 x18d9i69 xkhd6sd\" dir=\"auto\">\n<div class=\"x1l90r2v x1pi30zi x1swvt13 x1iorvi4\" data-ad-comet-preview=\"message\" data-ad-preview=\"message\">\n<div class=\"x78zum5 xdt5ytf xz62fqu x16ldp7u\">\n<div class=\"xu06os2 x1ok221b\">\n<div class=\"x11i5rnm xat24cr x1mh8g0r x1vvkbs xtlvy1s x126k92a\"><\/div>\n<div class=\"x11i5rnm xat24cr x1mh8g0r x1vvkbs xtlvy1s x126k92a\">\n<div dir=\"auto\" style=\"text-align: center\"><a href=\"https:\/\/www.barcelo.com\/guia-turismo\/wp-content\/uploads\/2021\/04\/mirador-del-fitu.jpg\"><img loading=\"lazy\" decoding=\"async\" class=\"aligncenter size-full\" src=\"https:\/\/www.barcelo.com\/guia-turismo\/wp-content\/uploads\/2021\/04\/mirador-del-fitu.jpg\" width=\"1376\" height=\"600\" \/><\/a><\/div>\n<div dir=\"auto\">\n<p>Este ye, ensin dulda,<strong> unu de los miradores de visita obligada nun viaxe a Asturies<\/strong>. T\u00f3mate&#8217;l to tiempu, alienda fondu y enllena los tos pulmones d&#8217;os\u00edxenu para gociar d&#8217;esti incre\u00edble momentu. Y si vas a hores nes que nun ta alleg\u00e1u ent\u00e1 meyor. Merez la pena madrugar o averase a \u00faltima hora de la tarde para ver l&#8217;atapecer ensin autobuses de turistes.<\/p>\n<p>Y<strong>e xuna d&#8217;eses visites que seguro qu&#8217;atopes nos llistaos d&#8217;imprescindibles n&#8217;Asturies.<\/strong> Pero nun pasa nada, tu tami\u00e9n te mereces gociar d&#8217;esti momentu panor\u00e1micu a m\u00e1s de mil metros d&#8217;altit\u00fa na sierra del Sueve. Una vegada ell\u00ed vas atopar xuna zona bien prestosa onde folgar con bancos de madera y meses para faer una comida na \u00e1rea recreativa.<\/p>\n<\/div>\n<\/div>\n<\/div>\n<\/div>\n<\/div>\n<\/div>\n<\/div>\n","protected":false},"excerpt":{"rendered":"<p>Ser Asturianu\/ Imaxe \/\u00a0 Joaqu\u00edn Garc\u00eda Cuesta\/ #MemoriaAsturiana Inauguraci\u00f3n del miradoriu d&#8217;El Fitu (#Caravia &#8211; #Parres), el 28 d&#8217;agosto de 1927. &nbsp;<\/p>\n","protected":false},"author":117,"featured_media":0,"comment_status":"open","ping_status":"open","sticky":false,"template":"","format":"aside","meta":{"footnotes":""},"categories":[1],"tags":[],"class_list":["post-32456","post","type-post","status-publish","format-aside","hentry","category-sin-categoria","post_format-post-format-aside"],"_links":{"self":[{"href":"https:\/\/edublog.educastur.es\/ixuxu\/wp-json\/wp\/v2\/posts\/32456","targetHints":{"allow":["GET"]}}],"collection":[{"href":"https:\/\/edublog.educastur.es\/ixuxu\/wp-json\/wp\/v2\/posts"}],"about":[{"href":"https:\/\/edublog.educastur.es\/ixuxu\/wp-json\/wp\/v2\/types\/post"}],"author":[{"embeddable":true,"href":"https:\/\/edublog.educastur.es\/ixuxu\/wp-json\/wp\/v2\/users\/117"}],"replies":[{"embeddable":true,"href":"https:\/\/edublog.educastur.es\/ixuxu\/wp-json\/wp\/v2\/comments?post=32456"}],"version-history":[{"count":2,"href":"https:\/\/edublog.educastur.es\/ixuxu\/wp-json\/wp\/v2\/posts\/32456\/revisions"}],"predecessor-version":[{"id":32458,"href":"https:\/\/edublog.educastur.es\/ixuxu\/wp-json\/wp\/v2\/posts\/32456\/revisions\/32458"}],"wp:attachment":[{"href":"https:\/\/edublog.educastur.es\/ixuxu\/wp-json\/wp\/v2\/media?parent=32456"}],"wp:term":[{"taxonomy":"category","embeddable":true,"href":"https:\/\/edublog.educastur.es\/ixuxu\/wp-json\/wp\/v2\/categories?post=32456"},{"taxonomy":"post_tag","embeddable":true,"href":"https:\/\/edublog.educastur.es\/ixuxu\/wp-json\/wp\/v2\/tags?post=32456"}],"curies":[{"name":"wp","href":"https:\/\/api.w.org\/{rel}","templated":true}]}}