{"id":32769,"date":"2024-10-12T23:57:20","date_gmt":"2024-10-12T21:57:20","guid":{"rendered":"https:\/\/edublog.educastur.es\/ixuxu\/?p=32769"},"modified":"2024-10-14T22:37:55","modified_gmt":"2024-10-14T20:37:55","slug":"han-kang-premiu-nobel-de-lliteratura-2024","status":"publish","type":"post","link":"https:\/\/edublog.educastur.es\/ixuxu\/2024\/10\/han-kang-premiu-nobel-de-lliteratura-2024\/","title":{"rendered":"Han Kang, premiu Nobel de Lliteratura 2024"},"content":{"rendered":"<p style=\"text-align: center\"><a href=\"https:\/\/revistamercado.do\/wp-content\/uploads\/2024\/10\/literatura-copy-780x432.jpg\"><img loading=\"lazy\" decoding=\"async\" class=\"aligncenter size-large\" src=\"https:\/\/revistamercado.do\/wp-content\/uploads\/2024\/10\/literatura-copy-780x432.jpg\" width=\"780\" height=\"432\" \/><\/a><\/p>\n<p style=\"text-align: center\"><span style=\"color: #800080;font-size: 20px\"><em><strong>\u00abSi pudieres vivir como deseyes, <\/strong><\/em><\/span><br \/>\n<span style=\"color: #800080;font-size: 20px\"><em><strong>\u00bfqu\u00e9 fadr\u00edes cola to vida?\u00bb<\/strong><\/em><\/span><\/p>\n<p>L&#8217;academia destac\u00f3 a Han Kang <strong>\u00abpola so intensa prosa po\u00e9tica que confronta traumas hist\u00f3ricos y esp\u00f3n la fraxilid\u00e1 de la vida humana\u00bb. <\/strong>Tien una conciencia \u00fanica de les coneiones ente&#8217;l cuerpu y l&#8217;alma, los vivos y los muertos, y nel so estilu po\u00e9ticu y esperimental se convirti\u00f3 en una innovadora de la prosa contempr\u00e1nea\u00bb.<\/p>\n<p><!--more--><\/p>\n<p style=\"text-align: center\">\n<!-- iframe plugin v.6.0 wordpress.org\/plugins\/iframe\/ -->\n<iframe loading=\"lazy\" src=\"https:\/\/www.facebook.com\/plugins\/post.php?href=https%3A%2F%2Fwww.facebook.com%2FOpenBookLectura%2Fposts%2Fpfbid0XRWhuM6SszpJ41Ac51FPzFrm92UCGDnwsHaUZhVP62VURW2pWuR8Z8BQDCPsQDDKl&#038;show_text=false&#038;width=500\" width=\"500\" height=\"262\" style=\"border:none;overflow:hidden\" scrolling=\"no\" frameborder=\"0\" allowfullscreen=\"true\" allow=\"autoplay; clipboard-write; encrypted-media; picture-in-picture; web-share\" 0=\"\/iframe\" class=\"iframe-class\"><\/iframe>\n<\/p>\n<p>Esti premiu resalta la relevancia de la obra de Kang na lliteratura contemporanea, especialmente pola so capacid\u00e1 de tratar temes como la <strong>represi\u00f3n hist\u00f3rica, el dolor colectivu y la fraxilid\u00e1 de la vida humana.\u00a0<\/strong><\/p>\n<p style=\"text-align: center\">\n<!-- iframe plugin v.6.0 wordpress.org\/plugins\/iframe\/ -->\n<iframe loading=\"lazy\" src=\"https:\/\/www.facebook.com\/plugins\/post.php?href=https%3A%2F%2Fwww.facebook.com%2Fleeporgusto%2Fposts%2Fpfbid02mu1Y42qqpzwXQJ3UmgEwV8nD4HJvsxSj4Pk4VQVfdHk1pKD2bPSEcB8jzabmv5dTl&#038;show_text=false&#038;width=500\" width=\"500\" height=\"498\" style=\"border:none;overflow:hidden\" scrolling=\"no\" frameborder=\"0\" allowfullscreen=\"true\" allow=\"autoplay; clipboard-write; encrypted-media; picture-in-picture; web-share\" 0=\"\/iframe\" class=\"iframe-class\"><\/iframe>\n<\/p>\n","protected":false},"excerpt":{"rendered":"<p>\u00abSi pudieres vivir como deseyes, \u00bfqu\u00e9 fadr\u00edes cola to vida?\u00bb L&#8217;academia destac\u00f3 a Han Kang \u00abpola so intensa prosa po\u00e9tica que confronta traumas hist\u00f3ricos y esp\u00f3n la fraxilid\u00e1 de la vida humana\u00bb. Tien una conciencia \u00fanica de les coneiones ente&#8217;l cuerpu y l&#8217;alma, los vivos y los muertos, y nel so estilu po\u00e9ticu y esperimental [&hellip;]<\/p>\n","protected":false},"author":117,"featured_media":0,"comment_status":"open","ping_status":"open","sticky":false,"template":"","format":"standard","meta":{"footnotes":""},"categories":[58,368],"tags":[],"class_list":["post-32769","post","type-post","status-publish","format-standard","hentry","category-premios","category-premios-nobel"],"_links":{"self":[{"href":"https:\/\/edublog.educastur.es\/ixuxu\/wp-json\/wp\/v2\/posts\/32769","targetHints":{"allow":["GET"]}}],"collection":[{"href":"https:\/\/edublog.educastur.es\/ixuxu\/wp-json\/wp\/v2\/posts"}],"about":[{"href":"https:\/\/edublog.educastur.es\/ixuxu\/wp-json\/wp\/v2\/types\/post"}],"author":[{"embeddable":true,"href":"https:\/\/edublog.educastur.es\/ixuxu\/wp-json\/wp\/v2\/users\/117"}],"replies":[{"embeddable":true,"href":"https:\/\/edublog.educastur.es\/ixuxu\/wp-json\/wp\/v2\/comments?post=32769"}],"version-history":[{"count":6,"href":"https:\/\/edublog.educastur.es\/ixuxu\/wp-json\/wp\/v2\/posts\/32769\/revisions"}],"predecessor-version":[{"id":32857,"href":"https:\/\/edublog.educastur.es\/ixuxu\/wp-json\/wp\/v2\/posts\/32769\/revisions\/32857"}],"wp:attachment":[{"href":"https:\/\/edublog.educastur.es\/ixuxu\/wp-json\/wp\/v2\/media?parent=32769"}],"wp:term":[{"taxonomy":"category","embeddable":true,"href":"https:\/\/edublog.educastur.es\/ixuxu\/wp-json\/wp\/v2\/categories?post=32769"},{"taxonomy":"post_tag","embeddable":true,"href":"https:\/\/edublog.educastur.es\/ixuxu\/wp-json\/wp\/v2\/tags?post=32769"}],"curies":[{"name":"wp","href":"https:\/\/api.w.org\/{rel}","templated":true}]}}