{"id":3288,"date":"2021-01-28T10:35:54","date_gmt":"2021-01-28T08:35:54","guid":{"rendered":"https:\/\/edublog.educastur.es\/ixuxu\/?p=3288"},"modified":"2021-01-29T18:50:02","modified_gmt":"2021-01-29T16:50:02","slug":"premio-fundacion-cuatrogatos-2021","status":"publish","type":"post","link":"https:\/\/edublog.educastur.es\/ixuxu\/2021\/01\/premio-fundacion-cuatrogatos-2021\/","title":{"rendered":"Fundaci\u00f3n Cuatrogatos 2021"},"content":{"rendered":"<div class=\"dati1w0a hv4rvrfc osnr6wyh\">\n<div class=\"btwxx1t3 j83agx80 cwj9ozl2\">\n<div class=\"j83agx80 cbu4d94t ew0dbk1b irj2b8pg\">\n<div class=\"qzhwtbm6 knvmm38d\"><\/div>\n<div class=\"qzhwtbm6 knvmm38d\" style=\"text-align: center\"><a href=\"https:\/\/scontent.fmad7-1.fna.fbcdn.net\/v\/t1.0-9\/143698560_1927099347446590_5245364995541365133_o.jpg?_nc_cat=103&amp;ccb=2&amp;_nc_sid=730e14&amp;_nc_ohc=8DXUxdC0FOwAX8O69g-&amp;_nc_ht=scontent.fmad7-1.fna&amp;oh=9ea85dbed705e8bc9686b2af89fba886&amp;oe=603A14B0\"><img loading=\"lazy\" decoding=\"async\" class=\"alignnone\" src=\"https:\/\/scontent.fmad7-1.fna.fbcdn.net\/v\/t1.0-9\/143698560_1927099347446590_5245364995541365133_o.jpg?_nc_cat=103&amp;ccb=2&amp;_nc_sid=730e14&amp;_nc_ohc=8DXUxdC0FOwAX8O69g-&amp;_nc_ht=scontent.fmad7-1.fna&amp;oh=9ea85dbed705e8bc9686b2af89fba886&amp;oe=603A14B0\" alt=\"\" width=\"286\" height=\"370\" \/><\/a><\/div>\n<\/div>\n<\/div>\n<\/div>\n<div class=\"\" dir=\"auto\">\n<div class=\"\" dir=\"auto\">\n<div class=\"ecm0bbzt hv4rvrfc ihqw7lf3 dati1w0a\" data-ad-comet-preview=\"message\" data-ad-preview=\"message\">\n<div class=\"j83agx80 cbu4d94t ew0dbk1b irj2b8pg\">\n<div class=\"qzhwtbm6 knvmm38d\">\n<div class=\"kvgmc6g5 cxmmr5t8 oygrvhab hcukyx3x c1et5uql ii04i59q\">\n<div dir=\"auto\"><span style=\"font-size: 20px\">Aqu\u00ed est\u00e1n los libros ganadores del <span style=\"color: #008080\"><em><strong>Premio Fundaci\u00f3n Cuatrogatos 2021<\/strong><\/em><\/span>. La imagen que identifica al premio este a\u00f1o fue creada por el ilustrador ecuatoriano Santiago Gonz\u00e1lez. Consulten el folleto con los ganadores, finalistas y recomendados: <\/span><a class=\"oajrlxb2 g5ia77u1 qu0x051f esr5mh6w e9989ue4 r7d6kgcz rq0escxv nhd2j8a9 nc684nl6 p7hjln8o kvgmc6g5 cxmmr5t8 oygrvhab hcukyx3x jb3vyjys rz4wbd8a qt6c0cv9 a8nywdso i1ao9s8h esuyzwwr f1sip0of lzcic4wl py34i1dx gpro0wi8\" role=\"link\" href=\"https:\/\/l.facebook.com\/l.php?u=https%3A%2F%2Fbit.ly%2F3iVHFCs%3Ffbclid%3DIwAR1G4Qc9QfwyeWWAG4J1Hw7zyRzP-LNc_RxQRwUp1emjtWBHR2bogsOzm4A&amp;h=AT1C7nMDdPF8osoWCUUMRBTbLhdFaXoQd0t3kNK5QrNo850M8ID3ZVbPPdqBiHkweHpP-7b_ckXXbNzWRmgBOmi9ARpgK7dW-DMKVaDj7RtBmG47eJhbfsb2pE6dR8mBWw&amp;__tn__=-UK-y-R&amp;c[0]=AT1VukgBGDviPv_MaEcFc4O_RjjTCI_TCTrG6NGrLDv_u2nfdqVY0CBvIK1f2vv2K6KwhJzpd-sDNLJ2OvabeZ06gEbb8BFE1-wqGoxkjhsDHz6LKVYJUOSHnsbQ7MJxrGrgTIOqRISEVFEXcNiH0UeSQeDiaPGyiNOQHe7C_wK_sdvrrgzU0B3Vq6I4M9wdduSwuJM\" target=\"_blank\" rel=\"nofollow noopener\"><span style=\"font-size: 20px\">https:\/\/bit.ly\/3iVHFCs<\/span><\/a><\/div>\n<ul>\n<li><a href=\"https:\/\/www.facebook.com\/FundacionCuatrogatos\/\">Fundaci\u00f3n CUATROGATOS<\/a><\/li>\n<li><span style=\"color: #008080;font-size: 20px\"><strong><em>\u00abDiariu de Sim\u00f3n\u00bb d\u00b4Editorial Pintar-Pintar!!!<\/em><\/strong><\/span><\/li>\n<li><span style=\"font-size: 20px\"><a href=\"https:\/\/pintarpintareditorial.blog\/2021\/01\/28\/paginas-del-diario-de-simon-premio-fundacion-cuatro-gatos-2021\/\"><em><strong>Ver noticicia blogue de Pintar-Pintar<\/strong><\/em><\/a><\/span><\/li>\n<\/ul>\n<p><img loading=\"lazy\" decoding=\"async\" class=\"alignleft\" src=\"https:\/\/www.trabayudecampu.com\/wp-content\/uploads\/2021\/01\/Sim%C3%B3n-en-Cuatro-Gatos-825x465@2x.jpg\" width=\"275\" height=\"237\" \/> \/ <a href=\"https:\/\/i0.wp.com\/pintarpintareditorial.blog\/wp-content\/uploads\/2021\/01\/SimonCuatrogatos2.png?fit=1024%2C1024&amp;ssl=1\"><img loading=\"lazy\" decoding=\"async\" class=\"alignnone\" src=\"https:\/\/i0.wp.com\/pintarpintareditorial.blog\/wp-content\/uploads\/2021\/01\/SimonCuatrogatos2.png?fit=1024%2C1024&amp;ssl=1\" alt=\"\" width=\"253\" height=\"253\" \/><\/a><br \/>\n<span style=\"color: #008080;font-size: 20px\"><em><strong>Seleicion\u00e1u por parte de la \u00abFundaci\u00f3n Cuatro Gatos\u00bb ente la so llista de los 100 meyores llibros en castell\u00e1n d\u2019Iberoam\u00e9rica y Estaos Xunios.<\/strong><\/em><\/span><\/p>\n<p><!--more--><\/p>\n<ul>\n<li class=\"has-text-align-center\"><em><span style=\"font-size: 20px\"><a href=\"https:\/\/pintarpintareditorial.blog\/2018\/11\/05\/novedad-paginas-del-diario-de-simon\/\" target=\"_blank\" rel=\"noreferrer noopener\">M\u00e1s informaci\u00f3n y primeras p\u00e1ginas (edici\u00f3n en castellano)<\/a><\/span><\/em><\/li>\n<li>\n<h5 class=\"has-text-align-center\"><a href=\"https:\/\/pintarpintareditorial.blog\/2018\/11\/05\/noveda-paxines-del-diariu-de-simon\/\" target=\"_blank\" rel=\"noreferrer noopener\"><em><span style=\"font-size: 20px\">M\u00e1s informaci\u00f3n y primeres p\u00e1xines (edici\u00f3n n\u2019asturianu)<\/span><\/em><\/a><\/h5>\n<\/li>\n<li><span style=\"font-size: 20px\"><em><strong>Mercar:<\/strong><\/em> <a href=\"https:\/\/www.pintar-pintar.com\/p5243065-paginas-del-diario-de-simon.html\">en castell\u00e1n<\/a> \/ <a href=\"https:\/\/www.pintar-pintar.com\/p5243042-paxines-del-diariu-de-simon.html\"><strong>n\u00b4asturianu<\/strong><\/a><\/span><\/li>\n<\/ul>\n<p><span style=\"font-size: 20px\"><em><strong>RESUME:<\/strong> Sim\u00f3n por fin tien un diariu, pero \u00fan de verd\u00e1, d\u2019esos con tapes dures y un cand\u00e1u que amarra secretos como si fueren d\u2019oru. Asina, Sim\u00f3n va vedar les sos esperiencies al so hermanu Juli\u00e1n, daqu\u00e9 fleru. Juli\u00e1n nun va poder lleer la hestoria d\u2019amist\u00e1 ente Sim\u00f3n y H\u00e9ctor, un ne\u00f1u con autismu reci\u00e9n lleg\u00e1u a clase. Tampoco c\u00f3mo lo recibe Sim\u00f3n: ensin prexuicios, con naturalid\u00e1. Nin qu\u2019H\u00e9ctor non siempres llogra faese entender, y menos con otros alumnos. El fisg\u00f3n de Juli\u00e1n tami\u00e9n se va quedar ensin saber que Sim\u00f3n va defender al so compa\u00f1eru de pupitre siempres que s\u00eda necesariu.<\/em><\/span><\/p>\n<p class=\"has-text-align-left has-text-color\"><span style=\"font-size: 20px\"><em>Estes p\u00e1xines son una aproximamientu al autismu dende\u2019l ci\u00f1u y el desenfado.<\/em><\/span><\/p>\n<hr \/>\n<p><span style=\"font-size: 20px\"><em><span style=\"color: #008080\">La \u00abFundaci\u00f3n Cuatro Gatos\u00bb ye una organizaci\u00f3n ensin \u00e1nimu de beneficios asitiada n\u2019Estaos Xun\u00edos y que los sos oxetivos son la investigaci\u00f3n y l\u2019estudiu de la produici\u00f3n\u00a0 editorial n\u2019espa\u00f1ol, empobinada a llectores infantiles y xuveniles. Pa ello cunta col asesoramientu de pedagogos, maestros, fil\u00f3logos, sic\u00f3logos y xente del rodiu de la LLIX. L\u2019apaecer na so llista ye como una marca de garant\u00eda de calid\u00e1, dientro d\u2019esi mundu editorial. Esti a\u00f1u la escoyeta fue ente 1194 llibros, asoleyaos por 182 editoriales de 16 paises. Los pa\u00edses m\u00e1s representaos nos premios fueron Arxentina, Chile, Colombia, Espa\u00f1a y M\u00e9xico.<\/span><\/em><\/span><\/p>\n<ul>\n<li><a href=\"https:\/\/www.trabayudecampu.com\/lliteratura\/\"><em><strong>Blogue de Vicente Garc\u00eda Oliva<\/strong><\/em><\/a><\/li>\n<li><a href=\"https:\/\/pintarpintareditorial.blog\/\"><em><strong>Blogue Pintar-Pintar<\/strong><\/em><\/a><\/li>\n<\/ul>\n<\/div>\n<\/div>\n<\/div>\n<\/div>\n<\/div>\n<\/div>\n","protected":false},"excerpt":{"rendered":"<p>Aqu\u00ed est\u00e1n los libros ganadores del Premio Fundaci\u00f3n Cuatrogatos 2021. La imagen que identifica al premio este a\u00f1o fue creada por el ilustrador ecuatoriano Santiago Gonz\u00e1lez. Consulten el folleto con los ganadores, finalistas y recomendados: https:\/\/bit.ly\/3iVHFCs Fundaci\u00f3n CUATROGATOS \u00abDiariu de Sim\u00f3n\u00bb d\u00b4Editorial Pintar-Pintar!!! Ver noticicia blogue de Pintar-Pintar \/ Seleicion\u00e1u por parte de la \u00abFundaci\u00f3n [&hellip;]<\/p>\n","protected":false},"author":117,"featured_media":0,"comment_status":"open","ping_status":"open","sticky":false,"template":"","format":"standard","meta":{"footnotes":""},"categories":[10,58],"tags":[],"class_list":["post-3288","post","type-post","status-publish","format-standard","hentry","category-llibros-reciella","category-premios"],"_links":{"self":[{"href":"https:\/\/edublog.educastur.es\/ixuxu\/wp-json\/wp\/v2\/posts\/3288","targetHints":{"allow":["GET"]}}],"collection":[{"href":"https:\/\/edublog.educastur.es\/ixuxu\/wp-json\/wp\/v2\/posts"}],"about":[{"href":"https:\/\/edublog.educastur.es\/ixuxu\/wp-json\/wp\/v2\/types\/post"}],"author":[{"embeddable":true,"href":"https:\/\/edublog.educastur.es\/ixuxu\/wp-json\/wp\/v2\/users\/117"}],"replies":[{"embeddable":true,"href":"https:\/\/edublog.educastur.es\/ixuxu\/wp-json\/wp\/v2\/comments?post=3288"}],"version-history":[{"count":7,"href":"https:\/\/edublog.educastur.es\/ixuxu\/wp-json\/wp\/v2\/posts\/3288\/revisions"}],"predecessor-version":[{"id":3291,"href":"https:\/\/edublog.educastur.es\/ixuxu\/wp-json\/wp\/v2\/posts\/3288\/revisions\/3291"}],"wp:attachment":[{"href":"https:\/\/edublog.educastur.es\/ixuxu\/wp-json\/wp\/v2\/media?parent=3288"}],"wp:term":[{"taxonomy":"category","embeddable":true,"href":"https:\/\/edublog.educastur.es\/ixuxu\/wp-json\/wp\/v2\/categories?post=3288"},{"taxonomy":"post_tag","embeddable":true,"href":"https:\/\/edublog.educastur.es\/ixuxu\/wp-json\/wp\/v2\/tags?post=3288"}],"curies":[{"name":"wp","href":"https:\/\/api.w.org\/{rel}","templated":true}]}}