{"id":3333,"date":"2021-01-29T20:03:11","date_gmt":"2021-01-29T18:03:11","guid":{"rendered":"https:\/\/edublog.educastur.es\/ixuxu\/?p=3333"},"modified":"2021-01-29T20:10:11","modified_gmt":"2021-01-29T18:10:11","slug":"al-son","status":"publish","type":"post","link":"https:\/\/edublog.educastur.es\/ixuxu\/2021\/01\/al-son\/","title":{"rendered":"\u2018Al son\u2019, espaciu centr\u00e1u na m\u00fasica d\u2019espresi\u00f3n asturiana"},"content":{"rendered":"<p><img loading=\"lazy\" decoding=\"async\" class=\"aligncenter\" src=\"https:\/\/imgbox.es\/images\/2021\/01\/29\/AlSona242d6b7b85c1d20.jpg\" width=\"284\" height=\"284\" \/><\/p>\n<p><em><span class=\"d2edcug0 hpfvmrgz qv66sw1b c1et5uql rrkovp55 a8c37x1j keod5gw0 nxhoafnm aigsh9s9 d3f4x2em fe6kdd0r mau55g9w c8b282yb iv3no6db jq4qci2q a3bd9o3v knj5qynh oo9gr5id\" dir=\"auto\">El pr\u00f3ximu llunes principia la emisi\u00f3n del programa <span style=\"color: #008080\"><strong>AL SON (RPA, 11:30 h.)<\/strong><\/span>, que va tener redifusi\u00f3n los fines de selmana y vais poder sentir tami\u00e9n en podcast. Esti espaciu selmanal n&#8217;asturianu<strong> \u201cque quier ser una especie d\u2019enciclopedia sonora\u201d<\/strong> va conducilu <strong>Xune Elipe<\/strong> en RPA tolos llunes. Van ser cincuenta episodios. El cantante de Dixebra y responsable de Goxe Producciones va tar acompa\u00f1\u00e1u pola llocutora <strong>Lena Elipe<\/strong> y el periodista especializ\u00e1u en m\u00fasica <strong>Xicu Ariza<\/strong>, ex redautor d\u2019<strong>Asturies.com<\/strong>. Ente los tr\u00e9s van tratar fondamente \u201ctoles propuestes sonores que se dieron nel panorama musical del pa\u00eds nes \u00faltimes cuatro d\u00e9cades: <strong>Nuevu Canciu Astur, boom de la gaita, m\u00fasica celta, folk (m\u00fasica celta), folk-rock, rock n\u2019asturianu, post-folk, tonada renovada, etc\u201d.<\/strong><br \/>\n<\/span><\/em><\/p>\n<p><em>Ente los sos conten\u00edos van tar tres secciones fixes. Una d&#8217;elles va presentala&#8217;l periodista <strong>Xicu Ariza<\/strong>, responsable del portal <a class=\"oajrlxb2 g5ia77u1 qu0x051f esr5mh6w e9989ue4 r7d6kgcz rq0escxv nhd2j8a9 nc684nl6 p7hjln8o kvgmc6g5 cxmmr5t8 oygrvhab hcukyx3x jb3vyjys rz4wbd8a qt6c0cv9 a8nywdso i1ao9s8h esuyzwwr f1sip0of lzcic4wl py34i1dx gpro0wi8\" role=\"link\" href=\"https:\/\/l.facebook.com\/l.php?u=http%3A%2F%2Fmusicasturiana.com%2F%3Ffbclid%3DIwAR1NTSq3JL1qE7MPdb-3-LYFfgIxoYS9x0jujIjaYRBgQIsZXJ7R07EYCLg&amp;h=AT25kTi8GgClOWD_Est_8sC8n2Usyc_O2rpa0nE18MKC36FGKB2JZOS21hyrY-hC7_k3ZSj99KCDY7fYZyFAjYKSwZRkHQvWF62a3QlPt3MjbWD_iqeQ7XOkRA-6-fIe1Q&amp;__tn__=-UK*F&amp;c[0]=AT0ZLOvi_Kiwn9MnvPKy4m97LMZeA-BSY8NrrvKKZdRwMVz1LJKld7JXnrhxYEtDUOdjpSQOLm0DlCfIUmMjqKYLn_fDOobr5dp8e1BcEUuGg4oeCwPFN_YKKstBq3MDOqSjhB-ST53ocH6A53-4ptax9nKCPbGTQOKPQEhDikdPA7CmYIUTFe2WejNs1FcRgIUCz_-0e3KqByUlyQ\" target=\"_blank\" rel=\"nofollow noopener\">musicasturiana.com<\/a> y del ciclu &#8216;Amosando&#8217;. Va trayer al programa versiones interesantes o llamatives de temes asturianos feches por m\u00fasicos foranos o de temes non asturianos feches por int\u00e9rpretes del pa\u00eds. Am\u00e1s, va contestualizales hist\u00f3rica y musicalmente pa conoceles meyor y poder apreciles como se merecen.<\/em><\/p>\n<p><!--more--><\/p>\n<ul>\n<li>\n<h1 class=\"title page-title\"><span style=\"font-size: 20px\"><a href=\"https:\/\/asturies.com\/noticies\/rpa-incorpora-a-la-so-programacion-al-son-espaciu-centrau-na-musica-despresion-asturiana?fbclid=IwAR12WE60zme_cgIZfVtMDJz7v9L_ZlbmA0HakkBHijomUjlquoBNHTMgX1I\">RPA incorpora a la so programaci\u00f3n \u2018Al son\u2019, espaciu centr\u00e1u na m\u00fasica d\u2019espresi\u00f3n asturiana<\/a><\/span><\/h1>\n<\/li>\n<\/ul>\n<p><a href=\"https:\/\/scontent.fmad7-1.fna.fbcdn.net\/v\/t1.0-9\/142375461_2933082966911176_8093364855721166576_o.jpg?_nc_cat=104&amp;ccb=2&amp;_nc_sid=666b5a&amp;_nc_ohc=QfKbcxb0NPoAX9wrH5w&amp;_nc_ht=scontent.fmad7-1.fna&amp;oh=207da223561b6cb922ed0e102ee69b36&amp;oe=60393CAB\"><img loading=\"lazy\" decoding=\"async\" class=\"aligncenter\" src=\"https:\/\/scontent.fmad7-1.fna.fbcdn.net\/v\/t1.0-9\/142375461_2933082966911176_8093364855721166576_o.jpg?_nc_cat=104&amp;ccb=2&amp;_nc_sid=666b5a&amp;_nc_ohc=QfKbcxb0NPoAX9wrH5w&amp;_nc_ht=scontent.fmad7-1.fna&amp;oh=207da223561b6cb922ed0e102ee69b36&amp;oe=60393CAB\" alt=\"\" width=\"1240\" height=\"1754\" \/><\/a><\/p>\n","protected":false},"excerpt":{"rendered":"<p>El pr\u00f3ximu llunes principia la emisi\u00f3n del programa AL SON (RPA, 11:30 h.), que va tener redifusi\u00f3n los fines de selmana y vais poder sentir tami\u00e9n en podcast. Esti espaciu selmanal n&#8217;asturianu \u201cque quier ser una especie d\u2019enciclopedia sonora\u201d va conducilu Xune Elipe en RPA tolos llunes. Van ser cincuenta episodios. El cantante de Dixebra [&hellip;]<\/p>\n","protected":false},"author":117,"featured_media":0,"comment_status":"open","ping_status":"open","sticky":false,"template":"","format":"standard","meta":{"footnotes":""},"categories":[35],"tags":[],"class_list":["post-3333","post","type-post","status-publish","format-standard","hentry","category-musica"],"_links":{"self":[{"href":"https:\/\/edublog.educastur.es\/ixuxu\/wp-json\/wp\/v2\/posts\/3333","targetHints":{"allow":["GET"]}}],"collection":[{"href":"https:\/\/edublog.educastur.es\/ixuxu\/wp-json\/wp\/v2\/posts"}],"about":[{"href":"https:\/\/edublog.educastur.es\/ixuxu\/wp-json\/wp\/v2\/types\/post"}],"author":[{"embeddable":true,"href":"https:\/\/edublog.educastur.es\/ixuxu\/wp-json\/wp\/v2\/users\/117"}],"replies":[{"embeddable":true,"href":"https:\/\/edublog.educastur.es\/ixuxu\/wp-json\/wp\/v2\/comments?post=3333"}],"version-history":[{"count":6,"href":"https:\/\/edublog.educastur.es\/ixuxu\/wp-json\/wp\/v2\/posts\/3333\/revisions"}],"predecessor-version":[{"id":3341,"href":"https:\/\/edublog.educastur.es\/ixuxu\/wp-json\/wp\/v2\/posts\/3333\/revisions\/3341"}],"wp:attachment":[{"href":"https:\/\/edublog.educastur.es\/ixuxu\/wp-json\/wp\/v2\/media?parent=3333"}],"wp:term":[{"taxonomy":"category","embeddable":true,"href":"https:\/\/edublog.educastur.es\/ixuxu\/wp-json\/wp\/v2\/categories?post=3333"},{"taxonomy":"post_tag","embeddable":true,"href":"https:\/\/edublog.educastur.es\/ixuxu\/wp-json\/wp\/v2\/tags?post=3333"}],"curies":[{"name":"wp","href":"https:\/\/api.w.org\/{rel}","templated":true}]}}