{"id":33447,"date":"2024-10-23T09:00:36","date_gmt":"2024-10-23T07:00:36","guid":{"rendered":"https:\/\/edublog.educastur.es\/ixuxu\/?p=33447"},"modified":"2024-10-25T11:50:23","modified_gmt":"2024-10-25T09:50:23","slug":"33447","status":"publish","type":"post","link":"https:\/\/edublog.educastur.es\/ixuxu\/2024\/10\/33447\/","title":{"rendered":"Llecci\u00f3n de vida de \u00abCapi\u00bb en La Corredoria"},"content":{"rendered":"<ul>\n<li>Fonte: <strong><a href=\"https:\/\/www.lne.es\/oviedo\/la-corredoria\/2024\/10\/23\/leccion-vida-capi-corredoria-disfrutad-110131994.html?fbclid=IwY2xjawGFiBpleHRuA2FlbQIxMQABHUWHpsEHcgPBNfGoOb7196axelwyYvz72Pknvyq7Hy_cORKD1vr1km1QOw_aem_TQpkMj9xC1c_2Q4DbOPFmQ\">LN<\/a><a href=\"https:\/\/www.lne.es\/oviedo\/la-corredoria\/2024\/10\/23\/leccion-vida-capi-corredoria-disfrutad-110131994.html?fbclid=IwY2xjawGFiBpleHRuA2FlbQIxMQABHUWHpsEHcgPBNfGoOb7196axelwyYvz72Pknvyq7Hy_cORKD1vr1km1QOw_aem_TQpkMj9xC1c_2Q4DbOPFmQ\">E<\/a><\/strong> \/ <a class=\"ft-link ft-helper-fontColor-primary\" title=\"F\u00e9lix Vallina\" href=\"https:\/\/www.lne.es\/autores\/felix-vallina.html\">F\u00e9lix Vallina<\/a> \/ <a href=\"https:\/\/www.elcomercio.es\/oviedo\/sensibilidad-700-voces-jose-luis-capitan-enfermo-ela-20241023210029-nt.html\">El Comercio<\/a> \/<\/li>\n<li><strong><span style=\"color: #008080\"><em> \u00abEsfrut\u00e1i del momentu y que naide vos ponga llendes\u00bb.<\/em><\/span><\/strong><\/li>\n<li><em><span style=\"color: #008080\"><strong>\u00abTen\u00e9is qu&#8217;esfrutar siempres del equ\u00ed y del agora. La vida ye urxente\u00bb<\/strong><\/span><\/em><\/li>\n<\/ul>\n<p style=\"text-align: center\"><em><a href=\"https:\/\/estaticos-cdn.prensaiberica.es\/clip\/6c45e1f1-499a-4560-ba00-6e3a724f9000_source-aspect-ratio_default_0.webp\"><img loading=\"lazy\" decoding=\"async\" class=\"aligncenter size-large\" src=\"https:\/\/estaticos-cdn.prensaiberica.es\/clip\/6c45e1f1-499a-4560-ba00-6e3a724f9000_source-aspect-ratio_default_0.webp\" width=\"1600\" height=\"726\" \/><\/a>\u00abCapi\u00bb y la so esposa, Tere P\u00e9rez.<\/em><\/p>\n<p style=\"text-align: left\">El exatleta y profesor afect\u00e1u pola ELA emociona a los ne\u00f1os del colexu Carmen Ruiz-Tilve. Jos\u00e9 Luis Capit\u00e1n volvi\u00f3 demostrar ayeri en La Corredoria que sigue siendo un maestru dando llecciones de vida, superaci\u00f3n y esperanza. \u00abCapi\u00bb, reconoc\u00edu exatleta afect\u00e1u pola ELA , <strong>torn\u00f3 al colexu Carme Ruiz-Tilve, onde va unos a\u00f1os exerci\u00f3 como profesor,<\/strong> pa fala-yos a los alumnos de la so enfermed\u00e1 neurodexenerativa y p&#8217;animalos a<strong><span style=\"color: #008080\"><em> \u00abesfrutar a tope del d\u00eda ente d\u00eda\u00bb<\/em><\/span><\/strong> mientres una emotiva charra na qu&#8217;a munchos de los presentes, profesores y ne\u00f1os, escap\u00f3se-yos dalguna qu&#8217;otra ll\u00e1rima pola emoci\u00f3n.<\/p>\n<div class=\"ft-layout-grid-flex__colXs-12 ft-layout-grid-flex__colSm-7 ft-layout-grid-flex__colMd-8\">\n<div><!--more--><\/div>\n<div class=\"ft-mol-writer ft-mol-writer--side\"><span style=\"color: #008080\"><em>\u00abOxal\u00e1 tou esto que vos cunt\u00e9 ay\u00fadevos a superar cualquier frustraci\u00f3n. Esfrut\u00e1i del momentu y que naide vos ponga llendes. Quiciabes nesta sala atope&#8217;l futuru investigador que va atopar la cura pa la ELA\u00bb<\/em><\/span>, dixo \u00abCapi\u00bb mientres el so discursu, que pronunci\u00f3 cola ayuda d&#8217;un sistema inform\u00e1ticu que-y dexa comunicase.<\/div>\n<div><\/div>\n<div style=\"text-align: center\"><a href=\"https:\/\/estaticos-cdn.prensaiberica.es\/clip\/a11cfc7b-1184-4ee6-b9a5-3b5c485242d3_source-aspect-ratio_default_0.webp\"><img loading=\"lazy\" decoding=\"async\" class=\"aligncenter size-large\" src=\"https:\/\/estaticos-cdn.prensaiberica.es\/clip\/a11cfc7b-1184-4ee6-b9a5-3b5c485242d3_source-aspect-ratio_default_0.webp\" width=\"1600\" height=\"771\" \/><\/a><\/div>\n<div class=\"ft-mol-writer ft-mol-writer--side\">\n<p>\u00a0Sobre estes ll\u00ednees, el exatleta y profesor posa colos alumnos qu&#8217;asistieron a la so charra na sala polivalente del colexu. |<\/p>\n<figure class=\"ft-img\">\n<p style=\"text-align: center\"><a href=\"https:\/\/estaticos-cdn.prensaiberica.es\/clip\/8c5a162b-0259-47ee-b3b2-990763a23907_16-9-aspect-ratio_default_0.webp\"><img loading=\"lazy\" decoding=\"async\" class=\"aligncenter size-large\" src=\"https:\/\/estaticos-cdn.prensaiberica.es\/clip\/8c5a162b-0259-47ee-b3b2-990763a23907_16-9-aspect-ratio_default_0.webp\" width=\"880\" height=\"495\" \/><\/a>Jos\u00e9 Luis Capit\u00e1n, ayeri, colos alumnos m\u00e1s pequenos del colexu Carmen Ruiz-Tilve, en La Corredoria.<\/p>\n<p>La charra d&#8217;ayeri forma parte del proyectu <strong>\u00abEnamoradosdELAvida\u00bb<\/strong>, una iniciativa educativa qu&#8217;empez\u00f3&#8217;l pas\u00e1u 8 d&#8217;ochobre nel <strong>colexu p\u00fablicu Jos\u00e9 Luis Capit\u00e1n (Cualloto)<\/strong> \u2013que lleva&#8217;l nome del protagonista de les conferencies\u2013 y que se va repitir en distintos centros educativos de la rex\u00f3n a lo llargo d&#8217;esti cursu.<\/p>\n<p>La intenci\u00f3n de \u00abCapi\u00bb nun ye otra que<em><span style=\"color: #008080\"> \u00abtrabayar la frustraci\u00f3n y la xesti\u00f3n de les emociones\u00bb<\/span><\/em> de los ne\u00f1os y los adolescentes, encarando col mayor optimismu posible la so cruel enfermed\u00e1. <em><span style=\"color: #008080\">\u00abIntento faelo mirando siempres escontra alantre con una sorrisa y esfrutando al m\u00e1ximu de la vida, que con too y con eso ye maraviyosa\u00bb<\/span><\/em>, esplica&#8217;l exatleta, que lleva diez a\u00f1os apostando una dura carrera de fondu contra la ELA. <em><span style=\"color: #008080\">\u00abDar estes charres faime sentir vivu y \u00fatil\u00bb<\/span><\/em>, a\u00f1ede.<\/p>\n<p>Jos\u00e9 Luis Capit\u00e1n axuntose na sala polivalente del Carmen Ruiz-Tilve colos ne\u00f1os de sestu cursu, que son los mayores del centru y tienen dolce a\u00f1os. \u00ab<em><span style=\"color: #008080\">Poder volver a les aules ye bien emocionante pa mi. Nun pretendo m\u00e1s que falavos de la vida que me toc\u00f3 vivir, una vida que se topet\u00f3 contra l&#8217;adversid\u00e1 y que me sirvi\u00f3 pa dame cuenta de que tar arrodi\u00e1u de seres quer\u00edos ye la meyor receta pa cualquier contratiempu col que pod\u00e1is atopar\u00bb, esplic\u00f3 aprofiando <\/span><\/em>\u00ables agalles\u00bb de los sos tr\u00e9s f\u00edos y de la so muyer, Tere P\u00e9rez, qu&#8217;ayeri tami\u00e9n tuvo en La Corredoria y nun lo dexa nin a sol nin a solombra. <strong><span style=\"color: #008080\">\u00abTen\u00e9is qu&#8217;esfrutar siempres del equ\u00ed y del agora. La vida ye urxente\u00bb<\/span><\/strong>, repiti\u00f3los \u00abCapi\u00bb a los ne\u00f1os con insistencia.<br \/>\nLlecci\u00f3n de vida de \u00abCapi\u00bb en La Corredoria<\/p>\n<p>El protagonista cunt\u00f3-yos a los ne\u00f1os cualos fueron los primeros s\u00edntomes de la so enfermed\u00e1. Esplic\u00f3los que tando nel so pueblu de Salamanca not\u00f3 que-y costaba cortar un filete. Diba un tiempu qu&#8217;empezara a tocar la gaita, pero al perder fuerza na mano tuvo que dexalo. <em><span style=\"color: #008080\">\u00abPrimero desconect\u00f3se&#8217;l brazu esquierdu, dempu\u00e9s la pierna y tou foi avanzando hasta llegar a la situaci\u00f3n na que toi. Agora nam\u00e1 puedo mover los g\u00fceyos, daqu\u00e9 que siquier me dexa interactuar col sistema qu&#8217;uso pa comunicame y falar con v\u00f3s. Hab\u00eda dos opciones: ablayame y fundime o aceptar la enfermed\u00e1 y siguir alantre\u00bb, rellat\u00f3 \u00ab<\/span><\/em>Capi\u00bb n&#8217;unu de los momentos m\u00e1s emotivos de la so charra. \u00c9l decidi\u00f3 siguir alantre. Y eso p\u00fadose comprobar nos v\u00eddeos que los punxo a los ne\u00f1os. Ense\u00f1\u00f3los c\u00f3mo volvi\u00f3 xubir al Angliru ayud\u00e1u polos sos amigos \u2013ent\u00e1 caltien el r\u00e9cord d&#8217;esa xubida dende 2005, cuando inda corr\u00eda\u2013, el so ascensu a la Pe\u00f1a de Francia (Salamanca) o munches de les sos iniciatives en pos de recaldar fondos pa la llucha contra la ELA. <em><span style=\"color: #008080\">\u00abSigo siendo&#8217;l capit\u00e1n d&#8217;esti cuerpu fechu cachos. Nun esiste&#8217;l fracasu y nunca voi baxar los brazos\u00bb,<\/span><\/em> asegur\u00f3 \u00abCapi\u00bb.<\/figure>\n<p><strong>La sensibilid\u00e1 de 700 voces con Jos\u00e9 Luis Capit\u00e1n, enfermu d&#8217;ELA.<\/strong> Los alumnos del colexu homenaxen a Jos\u00e9 Luis Capit\u00e1n, bandera na llucha contra la ELA.<\/p>\n<p style=\"text-align: center\"><a href=\"https:\/\/s2.ppllstatics.com\/elcomercio\/www\/multimedia\/2024\/10\/22\/99105182.jpg\"><img loading=\"lazy\" decoding=\"async\" class=\"aligncenter size-large\" src=\"https:\/\/s2.ppllstatics.com\/elcomercio\/www\/multimedia\/2024\/10\/22\/99105182.jpg\" width=\"1400\" height=\"933\" \/><\/a><\/p>\n<p>&#8216;Capi&#8217;, una de les cares visibles n&#8217;Asturies de la <strong>Esclerosis Llateral Amiotr\u00f3fica (ELA),<\/strong> una cruel enfermed\u00e1 dexenerativa qu&#8217;a d\u00eda de g\u00fcei nun tien cura y para la que reclama mayor sofitu institucional ya investigaci\u00f3n cola esperanza de que daqui\u00e9n \u00abdea cola tecla\u00bb de la cura.<\/p>\n<p>Los chavales pudieron escuchar a Jos\u00e9 Luis Capit\u00e1n al travi\u00e9s del m\u00f3dulu que tien para traducir en palabres la so mirada y notaron de primera esquito la complexid\u00e1 que la enfermed\u00e1 y el coraxe de &#8216;Capi&#8217; y la so esposa para encarar los problema de movilid\u00e1, llinguaxe, motricid\u00e1 qu&#8217;adulces van consumiendo al docente y corredor qu&#8217;ent\u00e1 caltien el r\u00e9cord de la xubida al Angliru a cuerpu.<\/p>\n<p>&nbsp;<\/p>\n<\/div>\n<\/div>\n<p>&nbsp;<\/p>\n","protected":false},"excerpt":{"rendered":"<p>Fonte: LNE \/ F\u00e9lix Vallina \/ El Comercio \/ \u00abEsfrut\u00e1i del momentu y que naide vos ponga llendes\u00bb. \u00abTen\u00e9is qu&#8217;esfrutar siempres del equ\u00ed y del agora. La vida ye urxente\u00bb \u00abCapi\u00bb y la so esposa, Tere P\u00e9rez. El exatleta y profesor afect\u00e1u pola ELA emociona a los ne\u00f1os del colexu Carmen Ruiz-Tilve. Jos\u00e9 Luis Capit\u00e1n [&hellip;]<\/p>\n","protected":false},"author":117,"featured_media":0,"comment_status":"open","ping_status":"open","sticky":false,"template":"","format":"standard","meta":{"footnotes":""},"categories":[1],"tags":[],"class_list":["post-33447","post","type-post","status-publish","format-standard","hentry","category-sin-categoria"],"_links":{"self":[{"href":"https:\/\/edublog.educastur.es\/ixuxu\/wp-json\/wp\/v2\/posts\/33447","targetHints":{"allow":["GET"]}}],"collection":[{"href":"https:\/\/edublog.educastur.es\/ixuxu\/wp-json\/wp\/v2\/posts"}],"about":[{"href":"https:\/\/edublog.educastur.es\/ixuxu\/wp-json\/wp\/v2\/types\/post"}],"author":[{"embeddable":true,"href":"https:\/\/edublog.educastur.es\/ixuxu\/wp-json\/wp\/v2\/users\/117"}],"replies":[{"embeddable":true,"href":"https:\/\/edublog.educastur.es\/ixuxu\/wp-json\/wp\/v2\/comments?post=33447"}],"version-history":[{"count":8,"href":"https:\/\/edublog.educastur.es\/ixuxu\/wp-json\/wp\/v2\/posts\/33447\/revisions"}],"predecessor-version":[{"id":33603,"href":"https:\/\/edublog.educastur.es\/ixuxu\/wp-json\/wp\/v2\/posts\/33447\/revisions\/33603"}],"wp:attachment":[{"href":"https:\/\/edublog.educastur.es\/ixuxu\/wp-json\/wp\/v2\/media?parent=33447"}],"wp:term":[{"taxonomy":"category","embeddable":true,"href":"https:\/\/edublog.educastur.es\/ixuxu\/wp-json\/wp\/v2\/categories?post=33447"},{"taxonomy":"post_tag","embeddable":true,"href":"https:\/\/edublog.educastur.es\/ixuxu\/wp-json\/wp\/v2\/tags?post=33447"}],"curies":[{"name":"wp","href":"https:\/\/api.w.org\/{rel}","templated":true}]}}