{"id":33467,"date":"2024-10-23T08:20:22","date_gmt":"2024-10-23T06:20:22","guid":{"rendered":"https:\/\/edublog.educastur.es\/ixuxu\/?p=33467"},"modified":"2024-10-23T11:46:24","modified_gmt":"2024-10-23T09:46:24","slug":"estau-del-tiempu-miercoles-23-dochobre","status":"publish","type":"post","link":"https:\/\/edublog.educastur.es\/ixuxu\/2024\/10\/estau-del-tiempu-miercoles-23-dochobre\/","title":{"rendered":"Est\u00e1u del tiempu: mi\u00e9rcoles 23 d&#8217;ochobre"},"content":{"rendered":"<div class=\"html-div xdj266r x11i5rnm xat24cr x1mh8g0r xexx8yu x1a8lsjc x1swvt13 x1pi30zi\">\n<div class=\"html-div xdj266r x11i5rnm xat24cr x1mh8g0r xexx8yu x4uap5 x18d9i69 xkhd6sd x1jx94hy x78zum5 x1q0g3np\">\n<div class=\"x78zum5 xdt5ytf xz62fqu x16ldp7u\">\n<div class=\"xu06os2 x1ok221b\">\n<div class=\"html-div xdj266r x11i5rnm xat24cr x1mh8g0r xexx8yu x4uap5 x18d9i69 xkhd6sd\" data-ad-rendering-role=\"profile_name\">\n<ul>\n<li class=\"html-h3 x11i5rnm xat24cr x1mh8g0r xexx8yu x4uap5 x18d9i69 xkhd6sd x1vvkbs x1heor9g x1qlqyl8 x1pd3egz x1a2a7pz x1gslohp x1yc453h\"><span class=\"x1lliihq x6ikm8r x10wlt62 x1n2onr6\"><span class=\"xt0psk2\"><a class=\"x1i10hfl xjbqb8w x1ejq31n xd10rxx x1sy0etr x17r0tee x972fbf xcfux6l x1qhh985 xm0m39n x9f619 x1ypdohk xt0psk2 xe8uvvx xdj266r x11i5rnm xat24cr x1mh8g0r xexx8yu x4uap5 x18d9i69 xkhd6sd x16tdsg8 x1hl2dhg xggy1nq x1a2a7pz x1sur9pj xkrqix3 xzsf02u x1s688f\" role=\"link\" href=\"https:\/\/www.facebook.com\/eltiempuenasturies?__cft__[0]=AZUSm_b5DHvoylNqy9i-uV83WSdyp5iHHdmc2cx4IwzWj2K8-H_rwkZOUb1lAUP9GmxGNxCiKVR8WrUqj3u0PL7eHva-F0f8TX-RkWB704w41Yybppm7Icoo2RBxAJ3v1IyoG8otTrst6yhEZNg3NWzOyTI8VIo1HXCGOwxNaH8uoRFjUbuC697jAouEVgcnMv6LmV8J56fFgcMEU7dXpxWRck6k1d_MTfUVmwJb5PJwIg&amp;__tn__=-UC%2CP-y-R\"><strong class=\"html-strong xdj266r x11i5rnm xat24cr x1mh8g0r xexx8yu x4uap5 x18d9i69 xkhd6sd x1hl2dhg x16tdsg8 x1vvkbs x1s688f\"><span class=\"html-span xdj266r x11i5rnm xat24cr x1mh8g0r xexx8yu x4uap5 x18d9i69 xkhd6sd x1hl2dhg x16tdsg8 x1vvkbs\">El Tiempu n&#8217;Asturies.<\/span><\/strong><\/a><\/span><\/span><\/li>\n<\/ul>\n<\/div>\n<\/div>\n<\/div>\n<\/div>\n<\/div>\n<div class=\"html-div xdj266r x11i5rnm xat24cr x1mh8g0r xexx8yu x4uap5 x18d9i69 xkhd6sd\" dir=\"auto\">\n<div class=\"html-div xdj266r x11i5rnm xat24cr x1mh8g0r xexx8yu x4uap5 x18d9i69 xkhd6sd\" dir=\"auto\">\n<div class=\"x1l90r2v x1pi30zi x1swvt13 x1iorvi4\" data-ad-comet-preview=\"message\" data-ad-preview=\"message\">\n<div class=\"x78zum5 xdt5ytf xz62fqu x16ldp7u\">\n<div class=\"xu06os2 x1ok221b\">\n<div class=\"x11i5rnm xat24cr x1mh8g0r x1vvkbs xtlvy1s x126k92a\">\n<div dir=\"auto\"><strong>Alborecemos<\/strong> ente&#8217;l borr\u00edn y la nublina nes zones baxes d&#8217;Asturies, tando escampl\u00e1u nel restu con unes temperatures que tan alrodiu de los 11\u00baC, rexistr\u00e1ndose nel puirtu Payares 7,6\u00baC.<\/div>\n<\/div>\n<div class=\"x11i5rnm xat24cr x1mh8g0r x1vvkbs xtlvy1s x126k92a\">\n<div dir=\"auto\"><\/div>\n<\/div>\n<div class=\"x11i5rnm xat24cr x1mh8g0r x1vvkbs xtlvy1s x126k92a\">\n<div dir=\"auto\"><strong>G\u00fcei<\/strong> van dir dixebr\u00e1ndose les nublines y borrinos del alborecer pa dexanos un d\u00eda soleyeru y perguapu con unes temperatures m\u00e1simes que subir\u00e1n dalgo pero que nun van desentonar cola \u00e9poca na que mos atopamos, am\u00e1s l&#8217;aire sedr\u00e1 sele ya variable con brises pela costa.<\/div>\n<div dir=\"auto\"><!--more--><\/div>\n<\/div>\n<div class=\"x11i5rnm xat24cr x1mh8g0r x1vvkbs xtlvy1s x126k92a\">\n<div dir=\"auto\"><strong>Ma\u00f1ana xueves<\/strong> alboreceremos con escasa nubosid\u00e1 o el cielu escampl\u00e1u pero y\u00e1 con vientu \u00e1brigu que pue ser molestu na cordelera y dexar all\u00ed dalgo de nubosid\u00e1, am\u00e1s por mor del efeutu foehn que fae esti vientu al so pasu peles monta\u00f1es les temperatures en superficie medrar\u00e1n en forma con m\u00e1simes, esti d\u00eda, que puen averase a los 23-24\u00baC. Y\u00e1 pela tarde va dir surdiendo nubosid\u00e1 media-alta y al finar el d\u00eda llegar\u00e1n les precipitaciones de la mano d&#8217;un frente fr\u00edu.<\/div>\n<\/div>\n<div class=\"x11i5rnm xat24cr x1mh8g0r x1vvkbs xtlvy1s x126k92a\">\n<div dir=\"auto\"><strong>Pero ye durante&#8217;l riscar del vienres<\/strong> cuando tendremos les precipitaciones m\u00e1s abondoses, am\u00e1s d&#8217;un descensu bultable de les temperatures que fadr\u00e1 que nieve pela cordelera nes cumes m\u00e1s altes, pudiendo baxar la cota durante la tarde hasta los 1600m., cola llegada del aire fr\u00edu n&#8217;altor, provocando tami\u00e9n xarabatos convectivos que puen venir acompangaos ,ocasionalmente, de truena y xarazu nel llitoral. L&#8217;aire sedr\u00e1 de componente noroeste con raches fuertes en zones altes y en puntos de la costa.<\/div>\n<div dir=\"auto\"><\/div>\n<\/div>\n<div class=\"x11i5rnm xat24cr x1mh8g0r x1vvkbs xtlvy1s x126k92a\">\n<div dir=\"auto\"><strong>El s\u00e1badu<\/strong> ya domingo entov\u00eda hai munches duldes, ye probable que tengamos un poco de too pero poco, y\u00e1 lu diremos viendo.<\/div>\n<\/div>\n<div class=\"x11i5rnm xat24cr x1mh8g0r x1vvkbs xtlvy1s x126k92a\"><\/div>\n<div class=\"x11i5rnm xat24cr x1mh8g0r x1vvkbs xtlvy1s x126k92a\">\n<div dir=\"auto\"><\/div>\n<\/div>\n<\/div>\n<\/div>\n<\/div>\n<\/div>\n<\/div>\n<p>&nbsp;<\/p>\n","protected":false},"excerpt":{"rendered":"<p>El Tiempu n&#8217;Asturies. Alborecemos ente&#8217;l borr\u00edn y la nublina nes zones baxes d&#8217;Asturies, tando escampl\u00e1u nel restu con unes temperatures que tan alrodiu de los 11\u00baC, rexistr\u00e1ndose nel puirtu Payares 7,6\u00baC. G\u00fcei van dir dixebr\u00e1ndose les nublines y borrinos del alborecer pa dexanos un d\u00eda soleyeru y perguapu con unes temperatures m\u00e1simes que subir\u00e1n dalgo [&hellip;]<\/p>\n","protected":false},"author":117,"featured_media":0,"comment_status":"open","ping_status":"open","sticky":false,"template":"","format":"standard","meta":{"footnotes":""},"categories":[5],"tags":[],"class_list":["post-33467","post","type-post","status-publish","format-standard","hentry","category-tiempu"],"_links":{"self":[{"href":"https:\/\/edublog.educastur.es\/ixuxu\/wp-json\/wp\/v2\/posts\/33467","targetHints":{"allow":["GET"]}}],"collection":[{"href":"https:\/\/edublog.educastur.es\/ixuxu\/wp-json\/wp\/v2\/posts"}],"about":[{"href":"https:\/\/edublog.educastur.es\/ixuxu\/wp-json\/wp\/v2\/types\/post"}],"author":[{"embeddable":true,"href":"https:\/\/edublog.educastur.es\/ixuxu\/wp-json\/wp\/v2\/users\/117"}],"replies":[{"embeddable":true,"href":"https:\/\/edublog.educastur.es\/ixuxu\/wp-json\/wp\/v2\/comments?post=33467"}],"version-history":[{"count":2,"href":"https:\/\/edublog.educastur.es\/ixuxu\/wp-json\/wp\/v2\/posts\/33467\/revisions"}],"predecessor-version":[{"id":33469,"href":"https:\/\/edublog.educastur.es\/ixuxu\/wp-json\/wp\/v2\/posts\/33467\/revisions\/33469"}],"wp:attachment":[{"href":"https:\/\/edublog.educastur.es\/ixuxu\/wp-json\/wp\/v2\/media?parent=33467"}],"wp:term":[{"taxonomy":"category","embeddable":true,"href":"https:\/\/edublog.educastur.es\/ixuxu\/wp-json\/wp\/v2\/categories?post=33467"},{"taxonomy":"post_tag","embeddable":true,"href":"https:\/\/edublog.educastur.es\/ixuxu\/wp-json\/wp\/v2\/tags?post=33467"}],"curies":[{"name":"wp","href":"https:\/\/api.w.org\/{rel}","templated":true}]}}