{"id":33565,"date":"2024-10-23T23:17:49","date_gmt":"2024-10-23T21:17:49","guid":{"rendered":"https:\/\/edublog.educastur.es\/ixuxu\/?p=33565"},"modified":"2024-10-23T23:32:21","modified_gmt":"2024-10-23T21:32:21","slug":"premiu-nel-amaro-de-teatru-nasturianu-pa-perendi","status":"publish","type":"post","link":"https:\/\/edublog.educastur.es\/ixuxu\/2024\/10\/premiu-nel-amaro-de-teatru-nasturianu-pa-perendi\/","title":{"rendered":"Premiu \u201cNel Amaro\u201d de teatru n\u2019asturianu"},"content":{"rendered":"<h1 style=\"text-align: center\"><a href=\"https:\/\/politicallinguistica.asturias.es\/documents\/71052\/424116\/Logotipu+Premiu+Nel+Amaro.png\/cb90d004-5469-62ad-a9ae-6748522354f7?t=1729662413310\"><img loading=\"lazy\" decoding=\"async\" class=\"aligncenter \" src=\"https:\/\/politicallinguistica.asturias.es\/documents\/71052\/424116\/Logotipu+Premiu+Nel+Amaro.png\/cb90d004-5469-62ad-a9ae-6748522354f7?t=1729662413310\" width=\"305\" height=\"197\" \/><\/a><\/h1>\n<h1 style=\"text-align: center\"><span style=\"color: #008080\"><em><span style=\"font-size: 24px\">L\u2019espect\u00e1culu Perendi, de La Compa\u00f1\u00eda del Alba,<br \/>\ngana\u2019l Premiu \u201cNel Amaro\u201d de teatru n\u2019asturianu<\/span><\/em><\/span><\/h1>\n<p style=\"text-align: center\"><a href=\"https:\/\/actualidad.asturias.es\/documents\/537115\/2173602\/PERENDI+1.jpg\/0725caa0-49cd-d60f-b2f3-e36913cd390b?t=1729602768363\"><img loading=\"lazy\" decoding=\"async\" class=\"aligncenter size-large\" src=\"https:\/\/actualidad.asturias.es\/documents\/537115\/2173602\/PERENDI+1.jpg\/0725caa0-49cd-d60f-b2f3-e36913cd390b?t=1729602768363\" width=\"850\" height=\"566\" \/><\/a><\/p>\n<ul>\n<li class=\"Ttulo1CxSpLast\">Fonte: <a href=\"https:\/\/actualidad.asturias.es\/-\/el-espect\u00e1culo-perendi-de-la-compa\u00f1\u00eda-del-alba-gana-el-premio-nel-amaro-de-teatro-en-asturiano?redirect=%2F\">Actualidad.Asturias.es<\/a> \/ <a href=\"https:\/\/politicallinguistica.asturias.es\/-\/l-espect-c3-a1culu-perendi-de-la-compa-c3-b1-c3-ada-del-alba-gana-l-premiu-nel-amaro-de-teatru-n-asturianu?redirect=%2F\"><strong>Pol\u00edtica Lling\u00fc\u00edstica<\/strong><\/a> \/<\/li>\n<li class=\"Entradilla\"><strong>El xur\u00e1u resalta l\u2019trabayu actoral y destaca \u201cel testu inusual pola estructura y contemporaneid\u00e1, de cohesi\u00f3n estraordinaria\u201d<\/strong><\/li>\n<\/ul>\n<p>La Compa\u00f1\u00eda del Alba acaba de ganar el VIII Premiu \u201cNel Amaro\u201d de teatru profesional n\u2019asturianu col espect\u00e1culu\u00a0<i>Perendi<\/i>. El xur\u00e1u d\u2019esti gallard\u00f3n impuls\u00e1u pola Conseyer\u00eda de Cultura, Pol\u00edtica Lling\u00fc\u00edstica y Deporte destac\u00f3 de\u00a0<i>Perendi<\/i>\u00a0que se trata de \u201cuna obra novedosa a nivel dram\u00e1ticu, qu\u2019innova nos llugares comunes que resulten nun ser tales\u201d con un testu \u201ceficaz, resueltu escelentemente pol equipu d\u2019actores y actrices\u201d.<\/p>\n<p><!--more--><\/p>\n<p><b><i>Perendi<\/i>, la obra ganadora<\/b><\/p>\n<p>Los actores Carlos Alba, Carmen Gloria y Cova Lobos dan vida al testu de Milio Rodr\u00edguez Cueto, qu\u2019adapta rellatos publicaos nel diariu\u00a0<i>La Nueva Espa\u00f1a<\/i>\u00a0ente los a\u00f1os 2000 y 2010. Nesta obra d\u2019humor negru con tintes costumistes ambientada nun conceyu asturianu imaxinariu llam\u00e1u Perendi, cu\u00e9ntase la historia d\u2019una moza que presenta una tesis doctoral na Universid\u00e1 de Wisconsin sobre un pintor local d\u2019orixe siriu que ten\u00eda\u2019l poder d\u2019albidrar nos sos cuadros muertes y desgracies.<\/p>\n<p><i>Perendi<\/i>\u00a0lleg\u00f3 a la final del Nel Amaro xunto a les producciones\u00a0<i>Amanda y les casta\u00f1es m\u00e1xiques\u00a0<\/i>(Ambig\u00fa Media Broadcast<i>), Gasolina con capullos\u00a0<\/i>(Higi\u00e9nico Papel Teatro) y\u00a0<i>Formigues<\/i>\u00a0(Elektra Fiktion). Estos espect\u00e1culos represent\u00e1ronse a lo llargo del mes d\u2019ochobre \u00a0nel Teatru Filarm\u00f3nica d\u2019Uvi\u00e9u, a lo llargo del festival de teatru que lleva\u2019l mesmu nome que\u2019l premiu.<\/p>\n<p>Nesta edici\u00f3n, am\u00e1s, el festival incluye la representaci\u00f3n de la obra\u00a0<i>El gorrumbu<\/i>, de Saltantes Teatro, que result\u00f3 ganadora na edici\u00f3n del 2023, esti vienres, 25 d\u2019ochobre, a manera de pieslle.<\/p>\n<p><b>El premiu Nel Amaro de teatru profesional en asturianu<\/b><\/p>\n<p>El gallard\u00f3n, promov\u00edu pola Conseyer\u00eda de Cultura, Pol\u00edtica Lling\u00fc\u00edstica y Deporte, tien por oxetu afianzar, arriquecer y prestixar l\u2019asturianu y l\u2019eonaviegu nel \u00e1mbitu del arte dram\u00e1ticu. Ta dot\u00e1u con 6.000 euros.<\/p>\n<p>El premiu y festival lleva\u2019l nome de Nel Amaro, autor a quien se dedic\u00f3 nel 2021 la 42 Selmana de les Lletres Asturianes y qu\u2019a \u00faltimos de la d\u00e9cada de los setenta del sieglu pas\u00e1u abri\u00f3\u2019l cam\u00edn pa la vanguardia teatral n\u2019asturianu. Ente les sos obres de teatru destaquen\u00a0<i>X\u00e9nesis<\/i>\u00a0<i>o albor\u00e1 de la concencia<\/i>\u00a0(1978);\u00a0<i>Glay\u00edos nueos, vieya murnia<\/i>\u00a0(1979);\u00a0<i>L\u2019\u00fanicu rebalbu<\/i>\u00a0(1980) y\u00a0<i>Ant\u00edgona<\/i>,<i>\u00a0por exemplu<\/i>, que gan\u00f3\u2019l Premiu de teatru de l\u2019Academia de la Llingua Asturiana en 1991.\u00a0<i>Les manes en cax\u00f3n\u00a0<\/i>(2003) foi la so \u00faltima publicaci\u00f3n teatral.<\/p>\n","protected":false},"excerpt":{"rendered":"<p>L\u2019espect\u00e1culu Perendi, de La Compa\u00f1\u00eda del Alba, gana\u2019l Premiu \u201cNel Amaro\u201d de teatru n\u2019asturianu Fonte: Actualidad.Asturias.es \/ Pol\u00edtica Lling\u00fc\u00edstica \/ El xur\u00e1u resalta l\u2019trabayu actoral y destaca \u201cel testu inusual pola estructura y contemporaneid\u00e1, de cohesi\u00f3n estraordinaria\u201d La Compa\u00f1\u00eda del Alba acaba de ganar el VIII Premiu \u201cNel Amaro\u201d de teatru profesional n\u2019asturianu col espect\u00e1culu\u00a0Perendi. [&hellip;]<\/p>\n","protected":false},"author":117,"featured_media":0,"comment_status":"open","ping_status":"open","sticky":false,"template":"","format":"standard","meta":{"footnotes":""},"categories":[66,58,82],"tags":[],"class_list":["post-33565","post","type-post","status-publish","format-standard","hentry","category-politica-llinguistica","category-premios","category-teatru"],"_links":{"self":[{"href":"https:\/\/edublog.educastur.es\/ixuxu\/wp-json\/wp\/v2\/posts\/33565","targetHints":{"allow":["GET"]}}],"collection":[{"href":"https:\/\/edublog.educastur.es\/ixuxu\/wp-json\/wp\/v2\/posts"}],"about":[{"href":"https:\/\/edublog.educastur.es\/ixuxu\/wp-json\/wp\/v2\/types\/post"}],"author":[{"embeddable":true,"href":"https:\/\/edublog.educastur.es\/ixuxu\/wp-json\/wp\/v2\/users\/117"}],"replies":[{"embeddable":true,"href":"https:\/\/edublog.educastur.es\/ixuxu\/wp-json\/wp\/v2\/comments?post=33565"}],"version-history":[{"count":4,"href":"https:\/\/edublog.educastur.es\/ixuxu\/wp-json\/wp\/v2\/posts\/33565\/revisions"}],"predecessor-version":[{"id":33578,"href":"https:\/\/edublog.educastur.es\/ixuxu\/wp-json\/wp\/v2\/posts\/33565\/revisions\/33578"}],"wp:attachment":[{"href":"https:\/\/edublog.educastur.es\/ixuxu\/wp-json\/wp\/v2\/media?parent=33565"}],"wp:term":[{"taxonomy":"category","embeddable":true,"href":"https:\/\/edublog.educastur.es\/ixuxu\/wp-json\/wp\/v2\/categories?post=33565"},{"taxonomy":"post_tag","embeddable":true,"href":"https:\/\/edublog.educastur.es\/ixuxu\/wp-json\/wp\/v2\/tags?post=33565"}],"curies":[{"name":"wp","href":"https:\/\/api.w.org\/{rel}","templated":true}]}}