{"id":33673,"date":"2024-10-25T22:00:26","date_gmt":"2024-10-25T20:00:26","guid":{"rendered":"https:\/\/edublog.educastur.es\/ixuxu\/?p=33673"},"modified":"2024-10-26T13:33:04","modified_gmt":"2024-10-26T11:33:04","slug":"33673","status":"publish","type":"post","link":"https:\/\/edublog.educastur.es\/ixuxu\/2024\/10\/33673\/","title":{"rendered":"Cantar: \u00abAquelles peque\u00f1es coses\u00bb"},"content":{"rendered":"<p><span style=\"font-size: 20px;color: #008080\"><em>Unu cr\u00e9ese <\/em><\/span><br \/>\n<span style=\"font-size: 20px;color: #008080\"><em>Que nos mat\u00f3&#8217;l tiempu y l&#8217;ausencia<\/em><\/span><br \/>\n<span style=\"font-size: 20px;color: #008080\"><em>Pero&#8217;l so tren<\/em><\/span><br \/>\n<span style=\"font-size: 20px;color: #008080\"><em>Vendi\u00f3 boletu d&#8217;ida y vuelta<\/em><\/span><\/p>\n<p><span style=\"font-size: 20px;color: #008080\"><em>Son aquelles pequenes coses<\/em><\/span><br \/>\n<span style=\"font-size: 20px;color: #008080\"><em>Que nos dex\u00f3 un tiempu de roses<\/em><\/span><br \/>\n<span style=\"font-size: 20px;color: #008080\"><em>Nun rinc\u00f3n, nun papel<\/em><\/span><br \/>\n<span style=\"font-size: 20px;color: #008080\"><em>O nun cax\u00f3n<\/em><\/span><\/p>\n<p><span style=\"font-size: 20px;color: #008080\"><em>Como un lladr\u00f3n<\/em><\/span><br \/>\n<span style=\"font-size: 20px;color: #008080\"><em>T&#8217;acechen detr\u00e1s de la puerta<\/em><\/span><br \/>\n<span style=\"font-size: 20px;color: #008080\"><em> Ti\u00e9nente tan a la so merc\u00e9 <\/em><\/span><br \/>\n<span style=\"font-size: 20px;color: #008080\"><em>Como fueyes muertes<\/em><\/span><\/p>\n<p><span style=\"font-size: 20px;color: #008080\"><em>Qu&#8217;el vientu t&#8217;arrasa all\u00e1 o equ\u00ed <\/em><\/span><br \/>\n<span style=\"font-size: 20px;color: #008080\"><em>Que te sonrin <\/em><\/span><span style=\"font-size: 20px;color: #008080\"><em>murnies<br \/>\ny f\u00e1ennos que <\/em><\/span><span style=\"font-size: 20px;color: #008080\"><em>lloremos cuando naide venos<\/em><\/span><\/p>\n<p><span style=\"color: #008080\"><strong><em>Joan Manuel Serrat \/\u00a0 <\/em><\/strong><\/span><a href=\"https:\/\/www.facebook.com\/efrendandres\/videos\/942150897756811\">Versi\u00f3n D&#8217;And<\/a> \/<\/p>\n<p style=\"text-align: center\">\n<!-- iframe plugin v.6.0 wordpress.org\/plugins\/iframe\/ -->\n<iframe loading=\"lazy\" width=\"100%\" height=\"387\" src=\"https:\/\/www.youtube.com\/embed\/k6I24JtsjW0\" title=\"Aquellas Peque\u00f1as Cosas Joan Manuel Serrat\" frameborder=\"0\" allow=\"accelerometer; autoplay; clipboard-write; encrypted-media; gyroscope; picture-in-picture; web-share\" referrerpolicy=\"strict-origin-when-cross-origin\" 0=\"allowfullscreen\" 1=\"\/iframe\" scrolling=\"yes\" class=\"iframe-class\"><\/iframe>\n<\/p>\n<p><!--more--><\/p>\n<p>Uno se cree<br class=\"html-br\" \/>Que nos mat\u00f3 el tiempo y la ausencia<br class=\"html-br\" \/>Pero su tren<br class=\"html-br\" \/>Vendi\u00f3 boleto de ida y vuelta<br class=\"html-br\" \/><br class=\"html-br\" \/>Son aquellas peque\u00f1as cosas<br class=\"html-br\" \/>Que nos dej\u00f3 un tiempo de rosas<br class=\"html-br\" \/>En un rinc\u00f3n, en un papel<br class=\"html-br\" \/>O en un caj\u00f3n<br class=\"html-br\" \/><br class=\"html-br\" \/>Como un ladr\u00f3n<br class=\"html-br\" \/>Te acechan detr\u00e1s de la puerta<br class=\"html-br\" \/>Te tienen tan a su merced<br class=\"html-br\" \/>Como hojas muertas<br class=\"html-br\" \/><br class=\"html-br\" \/>Que el viento arrastra all\u00e1 o aqu\u00ed<br class=\"html-br\" \/>Que te sonr\u00eden tristes y<br class=\"html-br\" \/>Nos hacen que<br class=\"html-br\" \/>Lloremos cuando nadie nos ve<br class=\"html-br\" \/><br class=\"html-br\" \/>Joan Manuel Serrat<\/p>\n<p style=\"text-align: center\">\n<!-- iframe plugin v.6.0 wordpress.org\/plugins\/iframe\/ -->\n<iframe loading=\"lazy\" src=\"https:\/\/www.facebook.com\/plugins\/video.php?height=314&#038;href=https%3A%2F%2Fwww.facebook.com%2Fefrendandres%2Fvideos%2F942150897756811%2F&#038;show_text=false&#038;width=560&#038;t=0\" width=\"560\" height=\"314\" style=\"border:none;overflow:hidden\" scrolling=\"no\" frameborder=\"0\" allowfullscreen=\"true\" allow=\"autoplay; clipboard-write; encrypted-media; picture-in-picture; web-share\" 0=\"\/iframe\" class=\"iframe-class\"><\/iframe>\n<\/p>\n","protected":false},"excerpt":{"rendered":"<p>Unu cr\u00e9ese Que nos mat\u00f3&#8217;l tiempu y l&#8217;ausencia Pero&#8217;l so tren Vendi\u00f3 boletu d&#8217;ida y vuelta Son aquelles pequenes coses Que nos dex\u00f3 un tiempu de roses Nun rinc\u00f3n, nun papel O nun cax\u00f3n Como un lladr\u00f3n T&#8217;acechen detr\u00e1s de la puerta Ti\u00e9nente tan a la so merc\u00e9 Como fueyes muertes Qu&#8217;el vientu t&#8217;arrasa all\u00e1 [&hellip;]<\/p>\n","protected":false},"author":117,"featured_media":0,"comment_status":"open","ping_status":"open","sticky":false,"template":"","format":"standard","meta":{"footnotes":""},"categories":[35,28],"tags":[],"class_list":["post-33673","post","type-post","status-publish","format-standard","hentry","category-musica","category-premios-princesa-da"],"_links":{"self":[{"href":"https:\/\/edublog.educastur.es\/ixuxu\/wp-json\/wp\/v2\/posts\/33673","targetHints":{"allow":["GET"]}}],"collection":[{"href":"https:\/\/edublog.educastur.es\/ixuxu\/wp-json\/wp\/v2\/posts"}],"about":[{"href":"https:\/\/edublog.educastur.es\/ixuxu\/wp-json\/wp\/v2\/types\/post"}],"author":[{"embeddable":true,"href":"https:\/\/edublog.educastur.es\/ixuxu\/wp-json\/wp\/v2\/users\/117"}],"replies":[{"embeddable":true,"href":"https:\/\/edublog.educastur.es\/ixuxu\/wp-json\/wp\/v2\/comments?post=33673"}],"version-history":[{"count":6,"href":"https:\/\/edublog.educastur.es\/ixuxu\/wp-json\/wp\/v2\/posts\/33673\/revisions"}],"predecessor-version":[{"id":33718,"href":"https:\/\/edublog.educastur.es\/ixuxu\/wp-json\/wp\/v2\/posts\/33673\/revisions\/33718"}],"wp:attachment":[{"href":"https:\/\/edublog.educastur.es\/ixuxu\/wp-json\/wp\/v2\/media?parent=33673"}],"wp:term":[{"taxonomy":"category","embeddable":true,"href":"https:\/\/edublog.educastur.es\/ixuxu\/wp-json\/wp\/v2\/categories?post=33673"},{"taxonomy":"post_tag","embeddable":true,"href":"https:\/\/edublog.educastur.es\/ixuxu\/wp-json\/wp\/v2\/tags?post=33673"}],"curies":[{"name":"wp","href":"https:\/\/api.w.org\/{rel}","templated":true}]}}