{"id":33992,"date":"2024-10-30T08:30:54","date_gmt":"2024-10-30T06:30:54","guid":{"rendered":"https:\/\/edublog.educastur.es\/ixuxu\/?p=33992"},"modified":"2024-10-31T21:33:54","modified_gmt":"2024-10-31T19:33:54","slug":"33992","status":"publish","type":"post","link":"https:\/\/edublog.educastur.es\/ixuxu\/2024\/10\/33992\/","title":{"rendered":"Podcast familiar, Verdina, el d\u00eda qu&#8217;una faba c\u00f3smica aterriz\u00f3 n&#8217;Asturies."},"content":{"rendered":"<div class=\"html-div xdj266r x11i5rnm xat24cr x1mh8g0r xsag5q8 xz9dl7a x1pi30zi x1swvt13 x1jx94hy\">\n<div class=\"html-div xdj266r x11i5rnm xat24cr x1mh8g0r xexx8yu x4uap5 x18d9i69 xkhd6sd x78zum5 x1q0g3np x1ba4aug\">\n<div class=\"html-div xdj266r x11i5rnm xat24cr x1mh8g0r xexx8yu x4uap5 x18d9i69 xkhd6sd x1iyjqo2\">\n<div class=\"x78zum5 xdt5ytf xz62fqu x16ldp7u\">\n<div class=\"xu06os2 x1ok221b\">\n<ul>\n<li class=\"html-h3 x11i5rnm xat24cr x1mh8g0r xexx8yu x4uap5 x18d9i69 xkhd6sd x1vvkbs x1heor9g x1qlqyl8 x1pd3egz x1a2a7pz x1gslohp x1yc453h\"><span class=\"xt0psk2\"><a class=\"x1i10hfl xjbqb8w x1ejq31n xd10rxx x1sy0etr x17r0tee x972fbf xcfux6l x1qhh985 xm0m39n x9f619 x1ypdohk xt0psk2 xe8uvvx xdj266r x11i5rnm xat24cr x1mh8g0r xexx8yu x4uap5 x18d9i69 xkhd6sd x16tdsg8 x1hl2dhg xggy1nq x1a2a7pz x1sur9pj xkrqix3 xzsf02u x1s688f\" role=\"link\" href=\"https:\/\/www.facebook.com\/profile.php?id=100030703106782&amp;__cft__[0]=AZUQwbXYmClpyofHgE7rovD-7HmHvGZM0-yyPv0tmP7gRfgtcx9FKexyAMMgR3Ak2hydLVHj5Ur7jUxaMHg2xT8qBWvfgFzOL-ACOE9ukYgz7ADNvyQSELAHGVf_-MNVJYxumeOWMsV47LxLyt_Bfsbws06q7I_nsFmzYxlDJJWCPTEnmWVB-N9ZVAQecdicVE2jUzsTZ-ajjPE0AvIl11LJQq6pOHvJntXj147Io_Wv4w&amp;__tn__=-UC%2CP-y-R\"><strong class=\"html-strong xdj266r x11i5rnm xat24cr x1mh8g0r xexx8yu x4uap5 x18d9i69 xkhd6sd x1hl2dhg x16tdsg8 x1vvkbs x1s688f\"><span class=\"html-span xdj266r x11i5rnm xat24cr x1mh8g0r xexx8yu x4uap5 x18d9i69 xkhd6sd x1hl2dhg x16tdsg8 x1vvkbs\">El Arca de Mozart<\/span><\/strong><\/a><\/span>\/@elarcademozart2868 \/ <a href=\"https:\/\/www.elarcademozart.com\">https:\/\/www.elarcademozart.com<\/a><\/li>\n<li class=\"html-h3 x11i5rnm xat24cr x1mh8g0r xexx8yu x4uap5 x18d9i69 xkhd6sd x1vvkbs x1heor9g x1qlqyl8 x1pd3egz x1a2a7pz x1gslohp x1yc453h\">Verdina:\u00a0 <a href=\"https:\/\/youtu.be\/raCiLxCbVzY\">trailer<\/a> \/<strong><a href=\"https:\/\/scontent-bcn1-1.xx.fbcdn.net\/v\/t39.30808-6\/464816949_8512953978800132_4081269322251187886_n.jpg?stp=cp6_dst-jpg&amp;_nc_cat=110&amp;ccb=1-7&amp;_nc_sid=833d8c&amp;_nc_ohc=BRnWet5xdqsQ7kNvgG1bFP8&amp;_nc_zt=23&amp;_nc_ht=scontent-bcn1-1.xx&amp;_nc_gid=AEPR7F9b-rwcJ3D30BXStzx&amp;oh=00_AYC5oMtPSeNE98i8OxO8QhVP_LZ0zT9p7cgkO7DA8zodfg&amp;oe=67299693\">semeya<\/a><\/strong> \/<\/li>\n<li class=\"html-h3 x11i5rnm xat24cr x1mh8g0r xexx8yu x4uap5 x18d9i69 xkhd6sd x1vvkbs x1heor9g x1qlqyl8 x1pd3egz x1a2a7pz x1gslohp x1yc453h\"><span class=\"html-span xdj266r x11i5rnm xat24cr x1mh8g0r xexx8yu x4uap5 x18d9i69 xkhd6sd x1hl2dhg x16tdsg8 x1vvkbs\"><a class=\"x1i10hfl xjbqb8w x1ejq31n xd10rxx x1sy0etr x17r0tee x972fbf xcfux6l x1qhh985 xm0m39n x9f619 x1ypdohk xt0psk2 xe8uvvx xdj266r x11i5rnm xat24cr x1mh8g0r xexx8yu x4uap5 x18d9i69 xkhd6sd x16tdsg8 x1hl2dhg xggy1nq x1a2a7pz x1sur9pj xkrqix3 x1fey0fg x1s688f\" role=\"link\" href=\"https:\/\/www.facebook.com\/hashtag\/verdina?__eep__=6&amp;__cft__[0]=AZWS0BUXy_Dch_3koVrAptnsREF7Rt4rTwV3hjPfZSg4sST96S22lGpx5oJEao2rGQ-6daW_8IKVWY2VPQNun4BUY17qXWt9ba7ZLK-H88ugdK4Thbg_dv7YX2CmQtQF4SThPMxWRAK8jziBwWy8Uao-VgRCQlTSnio6btAg6M6ePlcQY9k_-YOu9paQ6pXXq8I&amp;__tn__=*NK-y-R\">#verdina<\/a><\/span> <span class=\"html-span xdj266r x11i5rnm xat24cr x1mh8g0r xexx8yu x4uap5 x18d9i69 xkhd6sd x1hl2dhg x16tdsg8 x1vvkbs\"><a class=\"x1i10hfl xjbqb8w x1ejq31n xd10rxx x1sy0etr x17r0tee x972fbf xcfux6l x1qhh985 xm0m39n x9f619 x1ypdohk xt0psk2 xe8uvvx xdj266r x11i5rnm xat24cr x1mh8g0r xexx8yu x4uap5 x18d9i69 xkhd6sd x16tdsg8 x1hl2dhg xggy1nq x1a2a7pz x1sur9pj xkrqix3 x1fey0fg x1s688f\" role=\"link\" href=\"https:\/\/www.facebook.com\/hashtag\/lafabacosmica?__eep__=6&amp;__cft__[0]=AZWS0BUXy_Dch_3koVrAptnsREF7Rt4rTwV3hjPfZSg4sST96S22lGpx5oJEao2rGQ-6daW_8IKVWY2VPQNun4BUY17qXWt9ba7ZLK-H88ugdK4Thbg_dv7YX2CmQtQF4SThPMxWRAK8jziBwWy8Uao-VgRCQlTSnio6btAg6M6ePlcQY9k_-YOu9paQ6pXXq8I&amp;__tn__=*NK-y-R\">#lafabacosmica<\/a><\/span> <span class=\"html-span xdj266r x11i5rnm xat24cr x1mh8g0r xexx8yu x4uap5 x18d9i69 xkhd6sd x1hl2dhg x16tdsg8 x1vvkbs\"><a class=\"x1i10hfl xjbqb8w x1ejq31n xd10rxx x1sy0etr x17r0tee x972fbf xcfux6l x1qhh985 xm0m39n x9f619 x1ypdohk xt0psk2 xe8uvvx xdj266r x11i5rnm xat24cr x1mh8g0r xexx8yu x4uap5 x18d9i69 xkhd6sd x16tdsg8 x1hl2dhg xggy1nq x1a2a7pz x1sur9pj xkrqix3 x1fey0fg x1s688f\" role=\"link\" href=\"https:\/\/www.facebook.com\/hashtag\/elarcademozart?__eep__=6&amp;__cft__[0]=AZWS0BUXy_Dch_3koVrAptnsREF7Rt4rTwV3hjPfZSg4sST96S22lGpx5oJEao2rGQ-6daW_8IKVWY2VPQNun4BUY17qXWt9ba7ZLK-H88ugdK4Thbg_dv7YX2CmQtQF4SThPMxWRAK8jziBwWy8Uao-VgRCQlTSnio6btAg6M6ePlcQY9k_-YOu9paQ6pXXq8I&amp;__tn__=*NK-y-R\">#elarcademozart<\/a><\/span> <span class=\"html-span xdj266r x11i5rnm xat24cr x1mh8g0r xexx8yu x4uap5 x18d9i69 xkhd6sd x1hl2dhg x16tdsg8 x1vvkbs\"><a class=\"x1i10hfl xjbqb8w x1ejq31n xd10rxx x1sy0etr x17r0tee x972fbf xcfux6l x1qhh985 xm0m39n x9f619 x1ypdohk xt0psk2 xe8uvvx xdj266r x11i5rnm xat24cr x1mh8g0r xexx8yu x4uap5 x18d9i69 xkhd6sd x16tdsg8 x1hl2dhg xggy1nq x1a2a7pz x1sur9pj xkrqix3 x1fey0fg x1s688f\" role=\"link\" href=\"https:\/\/www.facebook.com\/hashtag\/principaudasturies?__eep__=6&amp;__cft__[0]=AZWS0BUXy_Dch_3koVrAptnsREF7Rt4rTwV3hjPfZSg4sST96S22lGpx5oJEao2rGQ-6daW_8IKVWY2VPQNun4BUY17qXWt9ba7ZLK-H88ugdK4Thbg_dv7YX2CmQtQF4SThPMxWRAK8jziBwWy8Uao-VgRCQlTSnio6btAg6M6ePlcQY9k_-YOu9paQ6pXXq8I&amp;__tn__=*NK-y-R\">#principaudasturies<\/a><\/span><\/li>\n<\/ul>\n<p style=\"text-align: center\">\n<!-- iframe plugin v.6.0 wordpress.org\/plugins\/iframe\/ -->\n<iframe loading=\"lazy\" width=\"100%\" height=\"387\" src=\"https:\/\/www.youtube.com\/embed\/raCiLxCbVzY\" title=\"Verdina podcast musical. Trailer. El Arca de Mozart\" frameborder=\"0\" allow=\"accelerometer; autoplay; clipboard-write; encrypted-media; gyroscope; picture-in-picture; web-share\" referrerpolicy=\"strict-origin-when-cross-origin\" 0=\"allowfullscreen\" 1=\"\/iframe\" scrolling=\"yes\" class=\"iframe-class\"><\/iframe>\n<\/p>\n<\/div>\n<\/div>\n<\/div>\n<\/div>\n<\/div>\n<div class=\"html-div xdj266r x11i5rnm xat24cr x1mh8g0r xexx8yu x4uap5 x18d9i69 xkhd6sd\" dir=\"auto\">\n<div class=\"html-div xdj266r x11i5rnm xat24cr x1mh8g0r xexx8yu x4uap5 x18d9i69 xkhd6sd\" dir=\"auto\">\n<div class=\"html-div xdj266r x11i5rnm xat24cr x1mh8g0r xexx8yu x4uap5 x18d9i69 xkhd6sd\" data-ad-rendering-role=\"message\">\n<div class=\"x1l90r2v x1pi30zi x1swvt13 x1iorvi4\" data-ad-comet-preview=\"message\" data-ad-preview=\"message\">\n<div class=\"x78zum5 xdt5ytf xz62fqu x16ldp7u\">\n<div class=\"xu06os2 x1ok221b\">\n<div class=\"xdj266r x11i5rnm xat24cr x1mh8g0r x1vvkbs x126k92a\">\n<div dir=\"auto\"><span class=\"html-span xexx8yu x4uap5 x18d9i69 xkhd6sd x1hl2dhg x16tdsg8 x1vvkbs x3nfvp2 x1j61x8r x1fcty0u xdj266r xat24cr xgzva0m xhhsvwb xxymvpz xlup9mm x1kky2od\"><img loading=\"lazy\" decoding=\"async\" class=\"xz74otr\" src=\"https:\/\/static.xx.fbcdn.net\/images\/emoji.php\/v9\/t60\/1\/16\/1f6f8.png\" alt=\"?\" width=\"16\" height=\"16\" \/><\/span> \u00a1Aaterriza Verdina! En el CPI de Lugones a las 12h, presentaci\u00f3n de la primera temporada del <strong><span style=\"color: #008080\">podcast familiar, Verdina, el d\u00eda qu&#8217;una faba c\u00f3smica aterriz\u00f3 n&#8217;Asturies.<\/span><\/strong>Con colaboraciones excepcionales <span class=\"html-span xdj266r x11i5rnm xat24cr x1mh8g0r xexx8yu x4uap5 x18d9i69 xkhd6sd x1hl2dhg x16tdsg8 x1vvkbs\"><a class=\"x1i10hfl xjbqb8w x1ejq31n xd10rxx x1sy0etr x17r0tee x972fbf xcfux6l x1qhh985 xm0m39n x9f619 x1ypdohk xt0psk2 xe8uvvx xdj266r x11i5rnm xat24cr x1mh8g0r xexx8yu x4uap5 x18d9i69 xkhd6sd x16tdsg8 x1hl2dhg xggy1nq x1a2a7pz x1sur9pj xkrqix3 x1fey0fg x1s688f\" role=\"link\" href=\"https:\/\/www.facebook.com\/veronica.r.rubio?__cft__[0]=AZUQwbXYmClpyofHgE7rovD-7HmHvGZM0-yyPv0tmP7gRfgtcx9FKexyAMMgR3Ak2hydLVHj5Ur7jUxaMHg2xT8qBWvfgFzOL-ACOE9ukYgz7ADNvyQSELAHGVf_-MNVJYxumeOWMsV47LxLyt_Bfsbws06q7I_nsFmzYxlDJJWCPTEnmWVB-N9ZVAQecdicVE2jUzsTZ-ajjPE0AvIl11LJQq6pOHvJntXj147Io_Wv4w&amp;__tn__=-]K-y-R\"><span class=\"xt0psk2\">Ver\u00f3nica Rodr\u00edguez Rubio<\/span><\/a><\/span> B\u00e1rbara Fuentes Eugenio Otero Vega David \u00c1lvarez Palicio <span class=\"html-span xdj266r x11i5rnm xat24cr x1mh8g0r xexx8yu x4uap5 x18d9i69 xkhd6sd x1hl2dhg x16tdsg8 x1vvkbs\"><a class=\"x1i10hfl xjbqb8w x1ejq31n xd10rxx x1sy0etr x17r0tee x972fbf xcfux6l x1qhh985 xm0m39n x9f619 x1ypdohk xt0psk2 xe8uvvx xdj266r x11i5rnm xat24cr x1mh8g0r xexx8yu x4uap5 x18d9i69 xkhd6sd x16tdsg8 x1hl2dhg xggy1nq x1a2a7pz x1sur9pj xkrqix3 x1fey0fg x1s688f\" role=\"link\" href=\"https:\/\/www.facebook.com\/monica.jivanescu?__cft__[0]=AZUQwbXYmClpyofHgE7rovD-7HmHvGZM0-yyPv0tmP7gRfgtcx9FKexyAMMgR3Ak2hydLVHj5Ur7jUxaMHg2xT8qBWvfgFzOL-ACOE9ukYgz7ADNvyQSELAHGVf_-MNVJYxumeOWMsV47LxLyt_Bfsbws06q7I_nsFmzYxlDJJWCPTEnmWVB-N9ZVAQecdicVE2jUzsTZ-ajjPE0AvIl11LJQq6pOHvJntXj147Io_Wv4w&amp;__tn__=-]K-y-R\"><span class=\"xt0psk2\">Monica Jivanescu<\/span><\/a><\/span> Miguel Garc\u00eda.<\/div>\n<div dir=\"auto\"><!--more--><\/div>\n<\/div>\n<div dir=\"auto\">\n<div class=\"xdj266r x11i5rnm xat24cr x1mh8g0r x1vvkbs x126k92a\">\n<div dir=\"auto\">Muy contenta de participar en la incre\u00edble historia de la Faba C\u00f3smica que acaba de aterrizar en Asturias<span class=\"html-span xexx8yu x4uap5 x18d9i69 xkhd6sd x1hl2dhg x16tdsg8 x1vvkbs x3nfvp2 x1j61x8r x1fcty0u xdj266r xat24cr xgzva0m xhhsvwb xxymvpz xlup9mm x1kky2od\"><img loading=\"lazy\" decoding=\"async\" class=\"xz74otr\" src=\"https:\/\/static.xx.fbcdn.net\/images\/emoji.php\/v9\/t96\/1\/16\/1f49c.png\" alt=\"?\" width=\"16\" height=\"16\" \/> Agradecer a <span class=\"html-span xdj266r x11i5rnm xat24cr x1mh8g0r xexx8yu x4uap5 x18d9i69 xkhd6sd x1hl2dhg x16tdsg8 x1vvkbs\"><a class=\"x1i10hfl xjbqb8w x1ejq31n xd10rxx x1sy0etr x17r0tee x972fbf xcfux6l x1qhh985 xm0m39n x9f619 x1ypdohk xt0psk2 xe8uvvx xdj266r x11i5rnm xat24cr x1mh8g0r xexx8yu x4uap5 x18d9i69 xkhd6sd x16tdsg8 x1hl2dhg xggy1nq x1a2a7pz x1sur9pj xkrqix3 x1fey0fg x1s688f\" role=\"link\" href=\"https:\/\/www.instagram.com\/_u\/elarcademozart?fbclid=IwZXh0bgNhZW0CMTAAAR0sO-R1cz8EfZvBGjhs5NuJRkPvqbSlVp3adSsICvigScrYxr2dzN-ZRyA_aem__LSYT3UHFIxR1YLI0Miv8g\" target=\"_blank\" rel=\"nofollow noopener noreferrer\">@elarcademozart<\/a><\/span> con M\u00f3nica y Miguel por contar conmigo. <a class=\"x1i10hfl xjbqb8w x1ejq31n xd10rxx x1sy0etr x17r0tee x972fbf xcfux6l x1qhh985 xm0m39n x9f619 x1ypdohk xt0psk2 xe8uvvx xdj266r x11i5rnm xat24cr x1mh8g0r xexx8yu x4uap5 x18d9i69 xkhd6sd x16tdsg8 x1hl2dhg xggy1nq x1a2a7pz x1sur9pj xkrqix3 xzsf02u x1s688f\" role=\"link\" href=\"https:\/\/www.facebook.com\/barbara.fuentes.5891?__cft__[0]=AZWS0BUXy_Dch_3koVrAptnsREF7Rt4rTwV3hjPfZSg4sST96S22lGpx5oJEao2rGQ-6daW_8IKVWY2VPQNun4BUY17qXWt9ba7ZLK-H88ugdK4Thbg_dv7YX2CmQtQF4SThPMxWRAK8jziBwWy8Uao-VgRCQlTSnio6btAg6M6ePlcQY9k_-YOu9paQ6pXXq8I&amp;__tn__=-UC%2CP-y-R\"><strong class=\"html-strong xdj266r x11i5rnm xat24cr x1mh8g0r xexx8yu x4uap5 x18d9i69 xkhd6sd x1hl2dhg x16tdsg8 x1vvkbs x1s688f\"><span class=\"html-span xdj266r x11i5rnm xat24cr x1mh8g0r xexx8yu x4uap5 x18d9i69 xkhd6sd x1hl2dhg x16tdsg8 x1vvkbs\">B\u00e1rbara Fuentes<\/span><\/strong><\/a><\/span><\/div>\n<div dir=\"auto\"><\/div>\n<\/div>\n<div class=\"x11i5rnm xat24cr x1mh8g0r x1vvkbs xtlvy1s x126k92a\">\n<div dir=\"auto\" style=\"text-align: center\">\n<!-- iframe plugin v.6.0 wordpress.org\/plugins\/iframe\/ -->\n<iframe loading=\"lazy\" src=\"https:\/\/www.facebook.com\/plugins\/post.php?href=https%3A%2F%2Fwww.facebook.com%2Fbarbara.fuentes.5891%2Fposts%2Fpfbid0RayM5xQcvgjvzBfhGbfTJyt6i7riNm44LiobbumvHW4AgayRnyiJQ6ZQd2BojY4Ml&#038;show_text=false&#038;width=500\" width=\"500\" height=\"500\" style=\"border:none;overflow:hidden\" scrolling=\"no\" frameborder=\"0\" allowfullscreen=\"true\" allow=\"autoplay; clipboard-write; encrypted-media; picture-in-picture; web-share\" 0=\"\/iframe\" class=\"iframe-class\"><\/iframe>\n<\/div>\n<\/div>\n<\/div>\n<div dir=\"auto\"><\/div>\n<div dir=\"auto\" style=\"text-align: center\"><a href=\"https:\/\/image.jimcdn.com\/app\/cms\/image\/transf\/dimension=960x10000:format=png\/path\/s430a031a8a1af116\/image\/i875bd9ab927edb4b\/version\/1713186580\/image.png\"><img loading=\"lazy\" decoding=\"async\" class=\"aligncenter \" src=\"https:\/\/image.jimcdn.com\/app\/cms\/image\/transf\/dimension=960x10000:format=png\/path\/s430a031a8a1af116\/image\/i875bd9ab927edb4b\/version\/1713186580\/image.png\" width=\"603\" height=\"157\" \/><\/a><\/div>\n<div dir=\"auto\"><\/div>\n<div dir=\"auto\"><span class=\"yt-core-attributed-string yt-core-attributed-string--white-space-pre-wrap\" role=\"text\">Grupu musical y pedag\u00f3xicu que tiene como oxetivu esquizar distintos tipos de m\u00fasica: barroca, cl\u00e1sica, actual, popular, infantil, etc. por aciu conciertos, talleres, espect\u00e1culos, cuentos y cantares.<\/span><\/div>\n<\/div>\n<div dir=\"auto\"><\/div>\n<div class=\"xu06os2 x1ok221b\">\n<div class=\"xdj266r x11i5rnm xat24cr x1mh8g0r x1vvkbs x126k92a\">\n<div dir=\"auto\"><\/div>\n<\/div>\n<\/div>\n<\/div>\n<\/div>\n<\/div>\n<\/div>\n<\/div>\n<p>&nbsp;<\/p>\n","protected":false},"excerpt":{"rendered":"<p>El Arca de Mozart\/@elarcademozart2868 \/ https:\/\/www.elarcademozart.com Verdina:\u00a0 trailer \/semeya \/ #verdina #lafabacosmica #elarcademozart #principaudasturies \u00a1Aaterriza Verdina! En el CPI de Lugones a las 12h, presentaci\u00f3n de la primera temporada del podcast familiar, Verdina, el d\u00eda qu&#8217;una faba c\u00f3smica aterriz\u00f3 n&#8217;Asturies.Con colaboraciones excepcionales Ver\u00f3nica Rodr\u00edguez Rubio B\u00e1rbara Fuentes Eugenio Otero Vega David \u00c1lvarez Palicio Monica Jivanescu [&hellip;]<\/p>\n","protected":false},"author":117,"featured_media":0,"comment_status":"open","ping_status":"open","sticky":false,"template":"","format":"standard","meta":{"footnotes":""},"categories":[7,35,377],"tags":[],"class_list":["post-33992","post","type-post","status-publish","format-standard","hentry","category-cuentos","category-musica","category-podcast"],"_links":{"self":[{"href":"https:\/\/edublog.educastur.es\/ixuxu\/wp-json\/wp\/v2\/posts\/33992","targetHints":{"allow":["GET"]}}],"collection":[{"href":"https:\/\/edublog.educastur.es\/ixuxu\/wp-json\/wp\/v2\/posts"}],"about":[{"href":"https:\/\/edublog.educastur.es\/ixuxu\/wp-json\/wp\/v2\/types\/post"}],"author":[{"embeddable":true,"href":"https:\/\/edublog.educastur.es\/ixuxu\/wp-json\/wp\/v2\/users\/117"}],"replies":[{"embeddable":true,"href":"https:\/\/edublog.educastur.es\/ixuxu\/wp-json\/wp\/v2\/comments?post=33992"}],"version-history":[{"count":7,"href":"https:\/\/edublog.educastur.es\/ixuxu\/wp-json\/wp\/v2\/posts\/33992\/revisions"}],"predecessor-version":[{"id":34085,"href":"https:\/\/edublog.educastur.es\/ixuxu\/wp-json\/wp\/v2\/posts\/33992\/revisions\/34085"}],"wp:attachment":[{"href":"https:\/\/edublog.educastur.es\/ixuxu\/wp-json\/wp\/v2\/media?parent=33992"}],"wp:term":[{"taxonomy":"category","embeddable":true,"href":"https:\/\/edublog.educastur.es\/ixuxu\/wp-json\/wp\/v2\/categories?post=33992"},{"taxonomy":"post_tag","embeddable":true,"href":"https:\/\/edublog.educastur.es\/ixuxu\/wp-json\/wp\/v2\/tags?post=33992"}],"curies":[{"name":"wp","href":"https:\/\/api.w.org\/{rel}","templated":true}]}}