{"id":34363,"date":"2024-11-06T13:26:14","date_gmt":"2024-11-06T11:26:14","guid":{"rendered":"https:\/\/edublog.educastur.es\/ixuxu\/?p=34363"},"modified":"2024-11-07T23:43:50","modified_gmt":"2024-11-07T21:43:50","slug":"asturies-patria-queria-entra-nel-primer-cancioneru-europeu","status":"publish","type":"post","link":"https:\/\/edublog.educastur.es\/ixuxu\/2024\/11\/asturies-patria-queria-entra-nel-primer-cancioneru-europeu\/","title":{"rendered":"\u00abAsturies, Patria quer\u00eda\u00bb entra nel primer cancioneru europ\u00e9u"},"content":{"rendered":"<p style=\"text-align: center\"><a href=\"https:\/\/estaticos-cdn.prensaiberica.es\/clip\/cb7bcafa-41a7-4597-a99b-93477c967dc3_16-9-discover-aspect-ratio_default_0.webp\"><img loading=\"lazy\" decoding=\"async\" class=\"aligncenter \" src=\"https:\/\/estaticos-cdn.prensaiberica.es\/clip\/cb7bcafa-41a7-4597-a99b-93477c967dc3_16-9-discover-aspect-ratio_default_0.webp\" width=\"821\" height=\"462\" \/><\/a><\/p>\n<p>Lo que significa qu&#8217;el <strong>\u00abAsturies, Patria quer\u00eda\u00bb<\/strong> entrara nel primer cancioneru europ\u00e9u (y solo cinco cantares espa\u00f1oles lo llograren). L&#8217;himnu rexonal forma parte d&#8217;una antolox\u00eda de 164 temes que representen a los 27 estaos de la UE.<\/p>\n<ul>\n<li>Fonte: <a href=\"https:\/\/www.lne.es\/asturias\/2024\/11\/06\/significa-asturias-patria-querida-haya-111414737.html\">LNE<\/a> \/<a href=\"https:\/\/www.eu-songbook.org\/media-coverage\/#spain\"> noticia de l&#8217;Asociaci\u00f3n<\/a> \/<\/li>\n<\/ul>\n<p><strong>\u00abAsturies, patria quer\u00eda\u00bb, l&#8217;himnu oficial de la rex\u00f3n dende 1984, ye agora, am\u00e1s, unu de les ayalgues musicales d&#8217;Europa\u00bb<\/strong>. Porque entr\u00f3 a formar parte, xuntu con cinco cantares espa\u00f1oles m\u00e1s, nel primer cancioneru del continente, <strong>una iniciativa premiada pola UE<\/strong> que foi impulsada por <a href=\"https:\/\/www.eu-songbook.org\/\"><strong>The European Union Songbook Association<\/strong><\/a> \u2013entid\u00e1 ensin \u00e1nimu d&#8217;arriquecimientu fundada en 2015 por tr\u00e9s daneses y un italianu\u2013.<\/p>\n<p><!--more--><\/p>\n<p>L&#8217;oxetivu foi axuntar la identid\u00e1 musical europea como forma de que \u00ables 27 poblaciones de la Uni\u00f3n vivan vides m\u00e1s enxareyaes\u00bb, tal como esplic\u00f3&#8217;l fundador de l&#8217;asociaci\u00f3n, Jeppe Marsling.<\/p>\n<p style=\"text-align: center\">\n<!-- iframe plugin v.6.0 wordpress.org\/plugins\/iframe\/ -->\n<iframe loading=\"lazy\" width=\"631\" height=\"355\" src=\"https:\/\/www.youtube.com\/embed\/rdP-3USVCcY\" title=\"Asturias Patria Querida\" frameborder=\"0\" allow=\"accelerometer; autoplay; clipboard-write; encrypted-media; gyroscope; picture-in-picture; web-share\" referrerpolicy=\"strict-origin-when-cross-origin\" 0=\"allowfullscreen\" 1=\"\/iframe\" scrolling=\"yes\" class=\"iframe-class\"><\/iframe>\n<\/p>\n<ul>\n<li><a href=\"https:\/\/www.rtpa.es\/noticias-sociedad-ast\/2024-11-05\/'Asturies,-patria-querida'-formara-parte-del-Cancioneru-de-la-Xunion-Europea_111730814938.html\">Noticia RTPA:<\/a><\/li>\n<\/ul>\n<p class=\"font-size-xxl margin-b-5 font-weight-b color-b-050 letter-spacing--1 fuente-corporativa\" style=\"text-align: center\"><span style=\"font-size: 20px;color: #008080\">&#8216;Asturies, patria querida&#8217; formar\u00e1 parte del Cancioneru de la Xuni\u00f3n Europea<\/span><\/p>\n<p>&nbsp;<\/p>\n<h2 class=\"font-size-m padding-b-20 font-weight-b margin-t-16\">Ye un proyectu independiente qu&#8217;axunta seis canciones de cada pa\u00eds miembru<\/h2>\n<p>&#8216;Asturies, patria querida&#8217; ye una de les seis canciones seleccionaes en representaci\u00f3n d\u2019Espa\u00f1a que formar\u00e1n parte del Cancioneru de la Xuni\u00f3n Europea. Ye un proyectu independiente qu\u2019agrupa seis canciones de cada pa\u00eds miembru.<\/p>\n<p>Por Espa\u00f1a, am\u00e1s del &#8216;Asturies, patria querida&#8217; en canciones populares t\u00e1n el &#8216;Hola Don Pepito&#8217; nel apart\u00e1u infantil, &#8216;Libre&#8217; de Nino Bravo; &#8216;Si t\u00fa no est\u00e1s aqu\u00ed&#8217; de Rosana Arbelo; y dos canciones de Joan Manuel Serrat, &#8216;La saeta&#8217; y &#8216;Mediterr\u00e1neo&#8217;.<\/p>\n<p style=\"text-align: center\"><a href=\"https:\/\/www.rtpa.es\/fotos\/\/24\/11\/20241105145510_RTPA5763418.webp\"><img loading=\"lazy\" decoding=\"async\" class=\"aligncenter size-large\" src=\"https:\/\/www.rtpa.es\/fotos\/\/24\/11\/20241105145510_RTPA5763418.webp\" width=\"853\" height=\"480\" \/><\/a><\/p>\n","protected":false},"excerpt":{"rendered":"<p>Lo que significa qu&#8217;el \u00abAsturies, Patria quer\u00eda\u00bb entrara nel primer cancioneru europ\u00e9u (y solo cinco cantares espa\u00f1oles lo llograren). L&#8217;himnu rexonal forma parte d&#8217;una antolox\u00eda de 164 temes que representen a los 27 estaos de la UE. Fonte: LNE \/ noticia de l&#8217;Asociaci\u00f3n \/ \u00abAsturies, patria quer\u00eda\u00bb, l&#8217;himnu oficial de la rex\u00f3n dende 1984, ye [&hellip;]<\/p>\n","protected":false},"author":117,"featured_media":0,"comment_status":"open","ping_status":"open","sticky":false,"template":"","format":"standard","meta":{"footnotes":""},"categories":[19,349],"tags":[],"class_list":["post-34363","post","type-post","status-publish","format-standard","hentry","category-asturies","category-canciones-populares"],"_links":{"self":[{"href":"https:\/\/edublog.educastur.es\/ixuxu\/wp-json\/wp\/v2\/posts\/34363","targetHints":{"allow":["GET"]}}],"collection":[{"href":"https:\/\/edublog.educastur.es\/ixuxu\/wp-json\/wp\/v2\/posts"}],"about":[{"href":"https:\/\/edublog.educastur.es\/ixuxu\/wp-json\/wp\/v2\/types\/post"}],"author":[{"embeddable":true,"href":"https:\/\/edublog.educastur.es\/ixuxu\/wp-json\/wp\/v2\/users\/117"}],"replies":[{"embeddable":true,"href":"https:\/\/edublog.educastur.es\/ixuxu\/wp-json\/wp\/v2\/comments?post=34363"}],"version-history":[{"count":5,"href":"https:\/\/edublog.educastur.es\/ixuxu\/wp-json\/wp\/v2\/posts\/34363\/revisions"}],"predecessor-version":[{"id":34504,"href":"https:\/\/edublog.educastur.es\/ixuxu\/wp-json\/wp\/v2\/posts\/34363\/revisions\/34504"}],"wp:attachment":[{"href":"https:\/\/edublog.educastur.es\/ixuxu\/wp-json\/wp\/v2\/media?parent=34363"}],"wp:term":[{"taxonomy":"category","embeddable":true,"href":"https:\/\/edublog.educastur.es\/ixuxu\/wp-json\/wp\/v2\/categories?post=34363"},{"taxonomy":"post_tag","embeddable":true,"href":"https:\/\/edublog.educastur.es\/ixuxu\/wp-json\/wp\/v2\/tags?post=34363"}],"curies":[{"name":"wp","href":"https:\/\/api.w.org\/{rel}","templated":true}]}}