{"id":34368,"date":"2024-11-06T13:35:34","date_gmt":"2024-11-06T11:35:34","guid":{"rendered":"https:\/\/edublog.educastur.es\/ixuxu\/?p=34368"},"modified":"2024-11-06T16:34:16","modified_gmt":"2024-11-06T14:34:16","slug":"xixon-va-acoyer-pel-branu-lestrenu-nespana-de-kurios","status":"publish","type":"post","link":"https:\/\/edublog.educastur.es\/ixuxu\/2024\/11\/xixon-va-acoyer-pel-branu-lestrenu-nespana-de-kurios\/","title":{"rendered":"Xix\u00f3n va acoyer pel branu l&#8217;estrenu n&#8217;Espa\u00f1a de &#8216;Kurios&#8217;"},"content":{"rendered":"<ul>\n<li><a href=\"https:\/\/www.elcomercio.es\/planes\/gijon-circo-sol-kurios-espectaculo-20241106215005-nt.html\">Noticia El Comercio<\/a> \/<\/li>\n<li><a href=\"https:\/\/www.cirquedusoleil.com\/es\">Cirque du Soleil: web<\/a> \/ <em><span style=\"color: #008080\"><strong>Kurius. Gabinete d&#8217;intereses<\/strong> <\/span><\/em>\/<\/li>\n<\/ul>\n<p style=\"text-align: center\"><a href=\"https:\/\/www.cirquedusoleil.com\/-\/media\/cds\/images\/shows\/kurios\/thumbnails\/cirque-du-soleil-kurios-thumb-en-454x454.jpg?db=web&amp;h=454&amp;vs=1&amp;w=454&amp;sc_lang=es&amp;hash=4FD8691834E329E4E346DFBA669FFD7A\"><img loading=\"lazy\" decoding=\"async\" class=\"aligncenter size-large\" src=\"https:\/\/www.cirquedusoleil.com\/-\/media\/cds\/images\/shows\/kurios\/thumbnails\/cirque-du-soleil-kurios-thumb-en-454x454.jpg?db=web&amp;h=454&amp;vs=1&amp;w=454&amp;sc_lang=es&amp;hash=4FD8691834E329E4E346DFBA669FFD7A\" width=\"454\" height=\"454\" \/><\/a><\/p>\n<p>Xix\u00f3n va acoyer pel branu l&#8217;estrenu n&#8217;Espa\u00f1a de &#8216;Kurios&#8217;. <span style=\"color: #008080\">Dende mediaos de xunetu al 17 d&#8217;agostu<\/span>, l&#8217;espect\u00e1culu del <strong>Cirque du Soleil<\/strong> va dexar un viaxe visual y m\u00e1xico a un gabinete d&#8217;intereses.<\/p>\n<p><!--more--><\/p>\n<p style=\"text-align: center\"><a href=\"https:\/\/www.cirquedusoleil.com\/-\/media\/cds\/images\/shows\/kurios\/hero\/cirque-du-soleil-kurios-header-desktop-1920x450.jpg?db=web&amp;h=450&amp;vs=1&amp;w=1920&amp;hash=ED6185484C5678ACC9361DFD66B85133\"><img loading=\"lazy\" decoding=\"async\" class=\"aligncenter size-large\" src=\"https:\/\/www.cirquedusoleil.com\/-\/media\/cds\/images\/shows\/kurios\/hero\/cirque-du-soleil-kurios-header-desktop-1920x450.jpg?db=web&amp;h=450&amp;vs=1&amp;w=1920&amp;hash=ED6185484C5678ACC9361DFD66B85133\" width=\"1920\" height=\"450\" \/><\/a><\/p>\n<p>Kurius. Gabinete d&#8217;intereses&#8217;. Ye&#8217;l t\u00edtulu del nuevu espect\u00e1culu qu&#8217;el Cirque du Soleil va traer pel branu a Xix\u00f3n para instalase so una gran carpa que se va alzar na avenida d&#8217;Albert Einstein, na redoma de la Escuela de la Marina Civil. Ayeri desvel\u00f3se&#8217;l t\u00edtulu escoy\u00edu, que<strong> va dexar esfrutar per vegada primera n&#8217;Espa\u00f1a la creaci\u00f3n n\u00famberu 35 de la compa\u00f1\u00eda canadiense<\/strong>, que se pudo ver en 35 pa\u00edses y que retorna a Europa dende Ciud\u00e1 de M\u00e9xico y va tener escales previes en Viena y Xinebra antes de llegar a Espa\u00f1a.<\/p>\n<p style=\"text-align: center\">\n<!-- iframe plugin v.6.0 wordpress.org\/plugins\/iframe\/ -->\n<iframe loading=\"lazy\" width=\"100%\" height=\"397\" src=\"https:\/\/www.youtube.com\/embed\/wak-9J7WV3g\" title=\"KURIOS - Cabinet of Curiosities Official Trailer | Cirque du Soleil\" frameborder=\"0\" allow=\"accelerometer; autoplay; clipboard-write; encrypted-media; gyroscope; picture-in-picture; web-share\" referrerpolicy=\"strict-origin-when-cross-origin\" 0=\"allowfullscreen\" 1=\"\/iframe\" scrolling=\"yes\" class=\"iframe-class\"><\/iframe>\n<\/p>\n<p>L&#8217;aventura que van narrar cincuenta artistes de 21 nacionalidaes sobro l&#8217;escenariu <span style=\"color: #008080\"><strong>afonda nesos gabinetes d&#8217;intereses del sieglu XIX, cuando llegaben grandes inventos como&#8217;l tel\u00e9grafu o&#8217;l tren de vapor y cuando la ciencia fac\u00edase en cases d&#8217;arist\u00f3crates.<\/strong><\/span> Nel show, un cient\u00edficu cree nun mundu m\u00e1s all\u00e1 de la realid\u00e1 y preg\u00fantase qu\u00e9 pasar\u00eda si fuera la imaxinaci\u00f3n la que se punxera al mandu de tou. Esa ye la idea dramat\u00farxica a partir de la que se van dir filando n\u00famberos circenses, m\u00fasica en directu y humor. \u00ab<span style=\"color: #008080\"><strong>Ye una oda al inter\u00e9s<\/strong><\/span>\u00bb, resumi\u00f3 Itxaso Barriu, responsable internacional de Marketing del Cirque du Soleil, que present\u00f3 ayeri nel Conceyu de Xix\u00f3n esta nueva visita a la ciud\u00e1 de la compa\u00f1\u00eda. Con una est\u00e9tica retrofuturista y steampunk, cuenta con n\u00famberos propios que solo pueden ser vistos nesti show, que<strong> la so preventa d&#8217;entraes al travi\u00e9s del Cirque Club va empezar el 18 de payares<\/strong> con posibilid\u00e1 d&#8217;adquirir les localidaes a un preciu m\u00e1s baxu.<\/p>\n<p>La visita del Cirque du Soleil a Xix\u00f3n <strong>se traduz en turistes, en promoci\u00f3n, n&#8217;asitiar a la ciud\u00e1 nun llugar sobresaliente nel mapa cultural del norte peninsular.<\/strong> A eso refiri\u00f3se na presentaci\u00f3n d&#8217;ayeri&#8217;l conceyal d&#8217;Urbanismu y Festexos, Jes\u00fas Mart\u00ednez Salvador, que sorray\u00f3 que <strong>si&#8217;l branu d&#8217;esti 2024 foi de r\u00e9cord, el que ta por llegar cola incorporaci\u00f3n del circu va ser de xuru meyor.<\/strong><\/p>\n","protected":false},"excerpt":{"rendered":"<p>Noticia El Comercio \/ Cirque du Soleil: web \/ Kurius. Gabinete d&#8217;intereses \/ Xix\u00f3n va acoyer pel branu l&#8217;estrenu n&#8217;Espa\u00f1a de &#8216;Kurios&#8217;. Dende mediaos de xunetu al 17 d&#8217;agostu, l&#8217;espect\u00e1culu del Cirque du Soleil va dexar un viaxe visual y m\u00e1xico a un gabinete d&#8217;intereses.<\/p>\n","protected":false},"author":117,"featured_media":0,"comment_status":"open","ping_status":"open","sticky":false,"template":"","format":"standard","meta":{"footnotes":""},"categories":[272],"tags":[],"class_list":["post-34368","post","type-post","status-publish","format-standard","hentry","category-circu"],"_links":{"self":[{"href":"https:\/\/edublog.educastur.es\/ixuxu\/wp-json\/wp\/v2\/posts\/34368","targetHints":{"allow":["GET"]}}],"collection":[{"href":"https:\/\/edublog.educastur.es\/ixuxu\/wp-json\/wp\/v2\/posts"}],"about":[{"href":"https:\/\/edublog.educastur.es\/ixuxu\/wp-json\/wp\/v2\/types\/post"}],"author":[{"embeddable":true,"href":"https:\/\/edublog.educastur.es\/ixuxu\/wp-json\/wp\/v2\/users\/117"}],"replies":[{"embeddable":true,"href":"https:\/\/edublog.educastur.es\/ixuxu\/wp-json\/wp\/v2\/comments?post=34368"}],"version-history":[{"count":7,"href":"https:\/\/edublog.educastur.es\/ixuxu\/wp-json\/wp\/v2\/posts\/34368\/revisions"}],"predecessor-version":[{"id":34370,"href":"https:\/\/edublog.educastur.es\/ixuxu\/wp-json\/wp\/v2\/posts\/34368\/revisions\/34370"}],"wp:attachment":[{"href":"https:\/\/edublog.educastur.es\/ixuxu\/wp-json\/wp\/v2\/media?parent=34368"}],"wp:term":[{"taxonomy":"category","embeddable":true,"href":"https:\/\/edublog.educastur.es\/ixuxu\/wp-json\/wp\/v2\/categories?post=34368"},{"taxonomy":"post_tag","embeddable":true,"href":"https:\/\/edublog.educastur.es\/ixuxu\/wp-json\/wp\/v2\/tags?post=34368"}],"curies":[{"name":"wp","href":"https:\/\/api.w.org\/{rel}","templated":true}]}}